{"id":109512,"date":"2020-06-30T13:30:57","date_gmt":"2020-06-30T11:30:57","guid":{"rendered":"http:\/\/www.tucomarca.com\/wordpress\/segunda\/?p=109512"},"modified":"2020-06-30T15:29:00","modified_gmt":"2020-06-30T13:29:00","slug":"el-tribunal-suprem-dona-la-rao-a-lajuntament-de-bunyol-i-cemex-li-haura-de-tornar-829-61320-euros","status":"publish","type":"post","link":"https:\/\/www.tucomarca.com\/wordpress\/segunda\/ca\/el-tribunal-suprem-dona-la-rao-a-lajuntament-de-bunyol-i-cemex-li-haura-de-tornar-829-61320-euros\/","title":{"rendered":"El Tribunal Suprem d\u00f3na la ra\u00f3 a l&#8217;Ajuntament de Bunyol i Cemex li haur\u00e0 de tornar 829.613,20 euros"},"content":{"rendered":"\n<p><strong>La liquidaci\u00f3 que va practicar l&#8217;Ajuntament de Bu\u00f1ol a Cemex de l&#8217;I.A.E. en 2009 va ser anul\u00b7lada en 2011 per Sent\u00e8ncia del Jutjat del Contencioso-administrativo n\u00famero 6 de Val\u00e8ncia, que va recon\u00e9ixer el dret de Cemex a la devoluci\u00f3 de la quantitat ingressada. Ara el Tribunal Suprem ha donat la ra\u00f3 a este Consistori<\/strong><\/p>\n\n\n\n<p>En execuci\u00f3 d&#8217;aquesta sent\u00e8ncia l&#8217;Ajuntament va acordar retornar l&#8217;import de la liquidaci\u00f3 anul\u00b7lada i aprovar una nova liquidaci\u00f3 corresponent al mateix exercici compensant d&#8217;ofici les dues liquidacions. Cemex es va oposar considerant que l&#8217;Ajuntament tan sols havia de retornar l&#8217;import que havia ingressat m\u00e9s els interessos de demora sense practicar nova liquidaci\u00f3, el citat jutjat va donar la ra\u00f3 a l&#8217;Ajuntament, en 2016.<\/p>\n\n\n\n<p>Novament Cemex va interposar recurs d&#8217;apel\u00b7laci\u00f3 davant el Tribunal Superior de Just\u00edcia de la Comunitat Valenciana per considerar que l&#8217;Ajuntament no podia practicar la nova liquidaci\u00f3 i tan sols havia de retornar l&#8217;import de la liquidaci\u00f3 anul\u00b7lada, el que va ser estimat pel citat Tribunal el 2017.<\/p>\n\n\n\n<p>Davant d&#8217;aquesta sent\u00e8ncia, l&#8217;Ajuntament defensant el seu dret a practicar nova liquidaci\u00f3 i va rec\u00f3rrer en cassaci\u00f3 davant el Tribunal Suprem, que en Sent\u00e8ncia de 19 de juny de 2020 declara haver lloc a el recurs de cassaci\u00f3, anul\u00b7la la sent\u00e8ncia de Tribunal Superior de Just\u00edcia de la Comunitat Valenciana i per tant confirma la liquidaci\u00f3 que va practicar l&#8217;Ajuntament de Bunyol per import de 829.613,20 \u20ac i que haur\u00e0 d&#8217;ingressar la citada mercantil.<\/p>\n\n\n\n<p>Rafael P\u00e9rez, primer tinent d&#8217;alcalde de l&#8217;consistori, ha confirmat la seua satisfacci\u00f3 per aquesta sent\u00e8ncia favorable: &#8220;est\u00e0vem molt tranquils perqu\u00e8 sab\u00edem que el temps ens donaria la ra\u00f3, enfront de la negativa campanya que algun partit pol\u00edtic va fer de l&#8217;assumpte en el seu moment. Sab\u00edem que s&#8217;havia fet tot correctament per aquest Ajuntament i aix\u00ed ho ha ratificat el jutjat &#8220;.<\/p>\n\n\n\n<p>Per la seua banda, Juncal Carrascosa, alcaldessa del municipi ressenya que sempre des d&#8217;aquest Ajuntament s&#8217;havia defensat l&#8217;actuaci\u00f3 realitzada i finalment, &#8220;s&#8217;ha fet just\u00edcia per al poble de Bunyol&#8221;.<\/p>\n","protected":false},"excerpt":{"rendered":"<div class=\"mh-excerpt\">La liquidaci\u00f3 que va practicar l&#8217;Ajuntament de Bu\u00f1ol a Cemex de l&#8217;I.A.E. en 2009 va ser anul\u00b7lada en 2011 per Sent\u00e8ncia del Jutjat del Contencioso-administrativo n\u00famero 6 de Val\u00e8ncia, que va recon\u00e9ixer el dret de <a class=\"mh-excerpt-more\" href=\"https:\/\/www.tucomarca.com\/wordpress\/segunda\/ca\/el-tribunal-suprem-dona-la-rao-a-lajuntament-de-bunyol-i-cemex-li-haura-de-tornar-829-61320-euros\/\" title=\"El Tribunal Suprem d\u00f3na la ra\u00f3 a l&#8217;Ajuntament de Bunyol i Cemex li haur\u00e0 de tornar 829.613,20 euros\">[+] <\/a><\/div>\n","protected":false},"author":12,"featured_media":76172,"comment_status":"open","ping_status":"open","sticky":false,"template":"","format":"standard","meta":{"footnotes":""},"categories":[10911,10898,10948,10894,10912,10903,10947,10896,10897],"tags":[5335,12342,5952,10703],"class_list":{"0":"post-109512","1":"post","2":"type-post","3":"status-publish","4":"format-standard","5":"has-post-thumbnail","7":"category-bunol-ca","8":"category-ventana-ca","9":"category-infraestructuras-ca","10":"category-la-comarca-ca","11":"category-la-hoya-ca","12":"category-medio-ambiente-la-comarca-ca","13":"category-politica","14":"category-seccion-ca","15":"category-sucesos-la-comarca-ca","16":"tag-ayuntamiento-de-bunol","17":"tag-cemex-espana","18":"tag-la-hoya-de-bunol-chiva","19":"tag-planta-cemex-bunol"},"_links":{"self":[{"href":"https:\/\/www.tucomarca.com\/wordpress\/segunda\/ca\/wp-json\/wp\/v2\/posts\/109512","targetHints":{"allow":["GET"]}}],"collection":[{"href":"https:\/\/www.tucomarca.com\/wordpress\/segunda\/ca\/wp-json\/wp\/v2\/posts"}],"about":[{"href":"https:\/\/www.tucomarca.com\/wordpress\/segunda\/ca\/wp-json\/wp\/v2\/types\/post"}],"author":[{"embeddable":true,"href":"https:\/\/www.tucomarca.com\/wordpress\/segunda\/ca\/wp-json\/wp\/v2\/users\/12"}],"replies":[{"embeddable":true,"href":"https:\/\/www.tucomarca.com\/wordpress\/segunda\/ca\/wp-json\/wp\/v2\/comments?post=109512"}],"version-history":[{"count":0,"href":"https:\/\/www.tucomarca.com\/wordpress\/segunda\/ca\/wp-json\/wp\/v2\/posts\/109512\/revisions"}],"wp:featuredmedia":[{"embeddable":true,"href":"https:\/\/www.tucomarca.com\/wordpress\/segunda\/ca\/wp-json\/wp\/v2\/media\/76172"}],"wp:attachment":[{"href":"https:\/\/www.tucomarca.com\/wordpress\/segunda\/ca\/wp-json\/wp\/v2\/media?parent=109512"}],"wp:term":[{"taxonomy":"category","embeddable":true,"href":"https:\/\/www.tucomarca.com\/wordpress\/segunda\/ca\/wp-json\/wp\/v2\/categories?post=109512"},{"taxonomy":"post_tag","embeddable":true,"href":"https:\/\/www.tucomarca.com\/wordpress\/segunda\/ca\/wp-json\/wp\/v2\/tags?post=109512"}],"curies":[{"name":"wp","href":"https:\/\/api.w.org\/{rel}","templated":true}]}}