{"id":109550,"date":"2020-06-30T20:53:29","date_gmt":"2020-06-30T18:53:29","guid":{"rendered":"http:\/\/www.tucomarca.com\/wordpress\/segunda\/?p=109550"},"modified":"2020-06-30T20:53:31","modified_gmt":"2020-06-30T18:53:31","slug":"la-festa-de-sant-anton-de-calles-ja-es-dinteres-turistic-local","status":"publish","type":"post","link":"https:\/\/www.tucomarca.com\/wordpress\/segunda\/ca\/la-festa-de-sant-anton-de-calles-ja-es-dinteres-turistic-local\/","title":{"rendered":"La festa de Sant Ant\u00f3n de Calles ja \u00e9s d&#8217;Inter\u00e9s Tur\u00edstic Local"},"content":{"rendered":"\n<p><strong>Consuelo Garc\u00eda, alcaldessa: &#8220;Es el reconeixement a la hist\u00f2ria de Carrers i als seus ve\u00efns que la mantenen viva&#8221;<\/strong><\/p>\n\n\n\n<p>La Generalitat Valenciana, a trav\u00e9s d&#8217;Turisme CV, ha atorgat durant l&#8217;Estat d&#8217;Alarma fins a 19 reconeixements com a Festes d&#8217;Inter\u00e8s Tur\u00edstic a algun dels esdeveniments que al llarg de l&#8217;any se celebren en els nostres pobles.<\/p>\n\n\n\n<p>\u00c9s el cas de la localitat serrana de Calles, els festejos hivernals en honor a Sant Ant\u00f3n ja s\u00f3n Festa d&#8217;Inter\u00e8s Tur\u00edstic Local. Es tracta d&#8217;un treball conjunt, tal com detalla l&#8217;alcaldessa del municipi, Consuelo Garc\u00eda, entre els mateixos ve\u00efns que mantenen viva la festa i el gran treball de recerca i recopilaci\u00f3 dut a terme pel propi consistori per donar suport documental i hist\u00f2ric i assolir aquesta distinci\u00f3.<\/p>\n\n\n\n<p>&#8220;\u00c9s el reconeixement a la pr\u00f2pia hist\u00f2ria de Carrers&#8221;, subratlla amb orgull la primer edil. &#8220;El nostre objectiu \u00e9s no quedar-nos ac\u00ed, i seguir consolidant la cultura local i les seues tradicions com a senyal d&#8217;identitat. Si la pand\u00e8mia ho permet, el proper mes de gener podrem gaudir de les primeres festes sanantoneras com a Festa d&#8217;Inter\u00e8s Tur\u00edstic Local i prepararem alguna commemoraci\u00f3 especial, que tamb\u00e9 cal en aquests moments tan durs que estem vivint &#8220;.<\/p>\n\n\n\n<p><strong>Foc per unir el poble<\/strong><\/p>\n\n\n\n<p>El calendari festiu de Carrers uneix els cicles tradicionals del territori d&#8217;interior, amb parades a l&#8217;hivern, primavera i estiu. Santa Quit\u00e8ria i Sant Ant\u00f3n posen patronatge a aquests esdeveniments.<\/p>\n\n\n\n<p>En el primer d&#8217;ells, Sant Ant\u00f3n, el foc i la germanor ve\u00efnal s\u00f3n els pilars b\u00e0sics de la festa. Tenen lloc cada any cap al 17 de gener, amb una durada de dos o tres dies en qu\u00e8 s&#8217;encenen fogueres als carrers i places del municipi conformant un espectacle \u00fanic.<\/p>\n\n\n\n<p>Tamb\u00e9 se celebra una missa en honor de el Sant, aix\u00ed com la benedicci\u00f3 dels animals, amb repartiment de pa i xocolata. S&#8217;organitzen jocs com el tir del borr\u00f3 de solters i casats, castells humans, carreres de majors i xiquets, i per les nits, ball i disfresses.<\/p>\n","protected":false},"excerpt":{"rendered":"<div class=\"mh-excerpt\">Consuelo Garc\u00eda, alcaldessa: &#8220;Es el reconeixement a la hist\u00f2ria de Carrers i als seus ve\u00efns que la mantenen viva&#8221; La Generalitat Valenciana, a trav\u00e9s d&#8217;Turisme CV, ha atorgat durant l&#8217;Estat d&#8217;Alarma fins a 19 reconeixements <a class=\"mh-excerpt-more\" href=\"https:\/\/www.tucomarca.com\/wordpress\/segunda\/ca\/la-festa-de-sant-anton-de-calles-ja-es-dinteres-turistic-local\/\" title=\"La festa de Sant Ant\u00f3n de Calles ja \u00e9s d&#8217;Inter\u00e9s Tur\u00edstic Local\">[+] <\/a><\/div>\n","protected":false},"author":12,"featured_media":109549,"comment_status":"open","ping_status":"open","sticky":false,"template":"","format":"standard","meta":{"footnotes":""},"categories":[11038,11046,11004,11007,11008,10896],"tags":[12345,10597,12346],"class_list":{"0":"post-109550","1":"post","2":"type-post","3":"status-publish","4":"format-standard","5":"has-post-thumbnail","7":"category-calles-ca","8":"category-los-serranos-ca","9":"category-la-semana-en-imagenes-ca","10":"category-ocio-y-cultura-ca","11":"category-pueblos-en-fiestas-ca","12":"category-seccion-ca","13":"tag-ayuntamiento-de-calles","14":"tag-comarca-los-serranos","15":"tag-hoguera-de-san-anton"},"_links":{"self":[{"href":"https:\/\/www.tucomarca.com\/wordpress\/segunda\/ca\/wp-json\/wp\/v2\/posts\/109550","targetHints":{"allow":["GET"]}}],"collection":[{"href":"https:\/\/www.tucomarca.com\/wordpress\/segunda\/ca\/wp-json\/wp\/v2\/posts"}],"about":[{"href":"https:\/\/www.tucomarca.com\/wordpress\/segunda\/ca\/wp-json\/wp\/v2\/types\/post"}],"author":[{"embeddable":true,"href":"https:\/\/www.tucomarca.com\/wordpress\/segunda\/ca\/wp-json\/wp\/v2\/users\/12"}],"replies":[{"embeddable":true,"href":"https:\/\/www.tucomarca.com\/wordpress\/segunda\/ca\/wp-json\/wp\/v2\/comments?post=109550"}],"version-history":[{"count":0,"href":"https:\/\/www.tucomarca.com\/wordpress\/segunda\/ca\/wp-json\/wp\/v2\/posts\/109550\/revisions"}],"wp:featuredmedia":[{"embeddable":true,"href":"https:\/\/www.tucomarca.com\/wordpress\/segunda\/ca\/wp-json\/wp\/v2\/media\/109549"}],"wp:attachment":[{"href":"https:\/\/www.tucomarca.com\/wordpress\/segunda\/ca\/wp-json\/wp\/v2\/media?parent=109550"}],"wp:term":[{"taxonomy":"category","embeddable":true,"href":"https:\/\/www.tucomarca.com\/wordpress\/segunda\/ca\/wp-json\/wp\/v2\/categories?post=109550"},{"taxonomy":"post_tag","embeddable":true,"href":"https:\/\/www.tucomarca.com\/wordpress\/segunda\/ca\/wp-json\/wp\/v2\/tags?post=109550"}],"curies":[{"name":"wp","href":"https:\/\/api.w.org\/{rel}","templated":true}]}}