{"id":109637,"date":"2020-07-01T21:22:47","date_gmt":"2020-07-01T19:22:47","guid":{"rendered":"http:\/\/www.tucomarca.com\/wordpress\/segunda\/?p=109637"},"modified":"2020-07-01T21:22:48","modified_gmt":"2020-07-01T19:22:48","slug":"la-pobla-de-vallbona-implantara-laparcament-dalta-rotacio-gratuit-per-fomentar-el-comerc-local","status":"publish","type":"post","link":"https:\/\/www.tucomarca.com\/wordpress\/segunda\/ca\/la-pobla-de-vallbona-implantara-laparcament-dalta-rotacio-gratuit-per-fomentar-el-comerc-local\/","title":{"rendered":"La Pobla de Vallbona implantar\u00e0 l\u2019aparcament d\u2019alta rotaci\u00f3 gratu\u00eft per fomentar el comer\u00e7 local"},"content":{"rendered":"\n<p><strong>El carrer comercial Poeta Llorente servir\u00e0 d\u2019experi\u00e8ncia pilot per a una zona blava gratu\u00efta amb temps limitat<\/strong><\/p>\n\n\n\n<p><strong>La zona d\u2019aparcament rotatiu ser\u00e0 debades i amb un temps m\u00e0xim de 60 minuts en horari comercial<\/strong><\/p>\n\n\n\n<figure class=\"wp-block-image\"><img loading=\"lazy\" decoding=\"async\" width=\"787\" height=\"443\" src=\"http:\/\/www.tucomarca.com\/wordpress\/segunda\/wp-content\/uploads\/2020\/07\/aparcamentPobla2.jpg\" alt=\"\" class=\"wp-image-109634\" srcset=\"https:\/\/www.tucomarca.com\/wordpress\/segunda\/wp-content\/uploads\/2020\/07\/aparcamentPobla2.jpg 787w, https:\/\/www.tucomarca.com\/wordpress\/segunda\/wp-content\/uploads\/2020\/07\/aparcamentPobla2-300x169.jpg 300w, https:\/\/www.tucomarca.com\/wordpress\/segunda\/wp-content\/uploads\/2020\/07\/aparcamentPobla2-768x432.jpg 768w, https:\/\/www.tucomarca.com\/wordpress\/segunda\/wp-content\/uploads\/2020\/07\/aparcamentPobla2-678x381.jpg 678w\" sizes=\"auto, (max-width: 787px) 100vw, 787px\" \/><\/figure>\n\n\n\n<p>La Pobla de Vallbona establir\u00e0 l\u2019aparcament d\u2019alta rotaci\u00f3 gratu\u00eft en els carrers m\u00e9s comercials del municipi. La mesura s\u2019implantar\u00e0 a partir de juliol en el carrer Poeta Llorente, una de les vies comercials m\u00e9s important del municipi<\/p>\n\n\n\n<p>L\u2019Ajuntament porta temps estudiant la mesura i compta amb el suport del sector comercial que veu una bona manera de fomentar les vendes. L\u2019alcalde, Josep Vicent Garcia, ha assenyalat que \u201cun dels principals avantatges de les grans superf\u00edcies front al xicotet comer\u00e7 \u00e9s la facilitat d\u2019aparcament i amb esta mesura es podr\u00e0 millorar les condicions del comer\u00e7 local\u201d.<\/p>\n\n\n\n<p>L\u2019aparcament gratu\u00eft d\u2019alta rotaci\u00f3 vol evitar que els vehicles que estacionen al llarg de tot el dia dificulten l\u2019estacionament i les compres en tendes i serveis del municipi. La limitaci\u00f3 s\u2019establir\u00e0 de 9 a 13 h i de 17 a 20 h excepte dissabtes de vesprada i festius.<\/p>\n\n\n\n<p>El control de l\u2019aparcament es realitzar\u00e0 mitjan\u00e7ant l\u2019aplicaci\u00f3 m\u00f2bil Easypark i permetr\u00e0 assenyalar el lloc i el moment en que s\u2019estaciona el vehicle. A partir d\u2019ac\u00ed, es limitar\u00e0 a una hora el temps m\u00e0xim d\u2019estada per facilitar la rotaci\u00f3 de l\u2019aparcament i la facilitat de compra.<\/p>\n\n\n\n<p>A esta mesura per facilitar l\u2019aparcament se suma la construcci\u00f3 d\u2019aparcaments gratu\u00efts que des de 2016 ha posat en marxa l\u2019Ajuntament amb 60 places a Poeta Llorente, 90 a prop de la zona comercial de Vicari Camarena i 80 de la zona educativa del CEIP Lluis Vives. A m\u00e9s, l\u2019Ajuntament projecta un nou aparcament per a 200 vehicles darrere de l\u2019avinguda Jos\u00e9 Garrido.<br><\/p>\n","protected":false},"excerpt":{"rendered":"<div class=\"mh-excerpt\">El carrer comercial Poeta Llorente servir\u00e0 d\u2019experi\u00e8ncia pilot per a una zona blava gratu\u00efta amb temps limitat La zona d\u2019aparcament rotatiu ser\u00e0 debades i amb un temps m\u00e0xim de 60 minuts en horari comercial La <a class=\"mh-excerpt-more\" href=\"https:\/\/www.tucomarca.com\/wordpress\/segunda\/ca\/la-pobla-de-vallbona-implantara-laparcament-dalta-rotacio-gratuit-per-fomentar-el-comerc-local\/\" title=\"La Pobla de Vallbona implantar\u00e0 l\u2019aparcament d\u2019alta rotaci\u00f3 gratu\u00eft per fomentar el comer\u00e7 local\">[+] <\/a><\/div>\n","protected":false},"author":12,"featured_media":109633,"comment_status":"open","ping_status":"open","sticky":false,"template":"","format":"standard","meta":{"footnotes":""},"categories":[10892,10948,10894,10915,10947,10896],"tags":[10633,10395],"class_list":{"0":"post-109637","1":"post","2":"type-post","3":"status-publish","4":"format-standard","5":"has-post-thumbnail","7":"category-camp-de-turia-ca","8":"category-infraestructuras-ca","9":"category-la-comarca-ca","10":"category-la-pobla-ca","11":"category-politica","12":"category-seccion-ca","13":"tag-ajuntament-de-la-pobla-de-vallbona","14":"tag-camp-de-turia"},"_links":{"self":[{"href":"https:\/\/www.tucomarca.com\/wordpress\/segunda\/ca\/wp-json\/wp\/v2\/posts\/109637","targetHints":{"allow":["GET"]}}],"collection":[{"href":"https:\/\/www.tucomarca.com\/wordpress\/segunda\/ca\/wp-json\/wp\/v2\/posts"}],"about":[{"href":"https:\/\/www.tucomarca.com\/wordpress\/segunda\/ca\/wp-json\/wp\/v2\/types\/post"}],"author":[{"embeddable":true,"href":"https:\/\/www.tucomarca.com\/wordpress\/segunda\/ca\/wp-json\/wp\/v2\/users\/12"}],"replies":[{"embeddable":true,"href":"https:\/\/www.tucomarca.com\/wordpress\/segunda\/ca\/wp-json\/wp\/v2\/comments?post=109637"}],"version-history":[{"count":0,"href":"https:\/\/www.tucomarca.com\/wordpress\/segunda\/ca\/wp-json\/wp\/v2\/posts\/109637\/revisions"}],"wp:featuredmedia":[{"embeddable":true,"href":"https:\/\/www.tucomarca.com\/wordpress\/segunda\/ca\/wp-json\/wp\/v2\/media\/109633"}],"wp:attachment":[{"href":"https:\/\/www.tucomarca.com\/wordpress\/segunda\/ca\/wp-json\/wp\/v2\/media?parent=109637"}],"wp:term":[{"taxonomy":"category","embeddable":true,"href":"https:\/\/www.tucomarca.com\/wordpress\/segunda\/ca\/wp-json\/wp\/v2\/categories?post=109637"},{"taxonomy":"post_tag","embeddable":true,"href":"https:\/\/www.tucomarca.com\/wordpress\/segunda\/ca\/wp-json\/wp\/v2\/tags?post=109637"}],"curies":[{"name":"wp","href":"https:\/\/api.w.org\/{rel}","templated":true}]}}