{"id":109882,"date":"2020-07-08T19:39:22","date_gmt":"2020-07-08T17:39:22","guid":{"rendered":"http:\/\/www.tucomarca.com\/wordpress\/segunda\/?p=109882"},"modified":"2020-07-08T19:40:34","modified_gmt":"2020-07-08T17:40:34","slug":"normes-de-larea-desports-de-lajuntament-de-bunyol-sobre-lus-de-les-installacions-municipals-esportives-de-lplanell","status":"publish","type":"post","link":"https:\/\/www.tucomarca.com\/wordpress\/segunda\/ca\/normes-de-larea-desports-de-lajuntament-de-bunyol-sobre-lus-de-les-installacions-municipals-esportives-de-lplanell\/","title":{"rendered":"Normes de l&#8217;\u00e0rea d&#8217;Esports de l&#8217;Ajuntament de Bunyol sobre l&#8217;\u00fas de les instal\u00b7lacions municipals esportives de l&#8217;Planell"},"content":{"rendered":"\n<p>Limitaci\u00f3 d&#8217;aforament de 3 persones en el gimn\u00e0s, gestionat per les associacions esportives.<\/p>\n\n\n\n<p>Entrenaments redu\u00efts per al contacte entre usuaris en la pista poliesportiva interior.<\/p>\n\n\n\n<p>La pista interior nom\u00e9s podr\u00e0 ser utilitzada per associacions esportives que freq\u00fcenten els seus entrenaments all\u00ed.<\/p>\n\n\n\n<p>L&#8217;espele\u00f3dromo nom\u00e9s podr\u00e0 ser utilitzat per federats. Ja no \u00e9s necess\u00e0ria la reserva pr\u00e8via de les pistes.<\/p>\n\n\n\n<p>WC i vestuaris podran ser tancats pels conserges en cas d&#8217;un mal \u00fas dels mateixos.<\/p>\n\n\n\n<p>Imprescindible guants i m\u00e0scares fins al comen\u00e7ament de la pr\u00e0ctica esportiva.<\/p>\n\n\n\n<p>Podr\u00e0 haver-hi p\u00fablic respectant les mesures de seguretat. Esquaix continuar\u00e0 tancat.<\/p>\n\n\n\n<p>Els esports de raqueta a l&#8217;aire lliure es podran desenrotllar en les seues distintes modalitats, evitant el contacte entre usuaris.<\/p>\n\n\n\n<p>No es podr\u00e0 acudir a les instal\u00b7lacions del Planell en cas de presentar s\u00edmptomes propis del Covid-19.<\/p>\n\n\n\n<p>La Regidoria d&#8217;Esports informa que estes normes seguiran vigents fins a nova orde.<\/p>\n","protected":false},"excerpt":{"rendered":"<div class=\"mh-excerpt\">Limitaci\u00f3 d&#8217;aforament de 3 persones en el gimn\u00e0s, gestionat per les associacions esportives. Entrenaments redu\u00efts per al contacte entre usuaris en la pista poliesportiva interior. La pista interior nom\u00e9s podr\u00e0 ser utilitzada per associacions esportives <a class=\"mh-excerpt-more\" href=\"https:\/\/www.tucomarca.com\/wordpress\/segunda\/ca\/normes-de-larea-desports-de-lajuntament-de-bunyol-sobre-lus-de-les-installacions-municipals-esportives-de-lplanell\/\" title=\"Normes de l&#8217;\u00e0rea d&#8217;Esports de l&#8217;Ajuntament de Bunyol sobre l&#8217;\u00fas de les instal\u00b7lacions municipals esportives de l&#8217;Planell\">[+] <\/a><\/div>\n","protected":false},"author":12,"featured_media":109880,"comment_status":"open","ping_status":"open","sticky":false,"template":"","format":"standard","meta":{"footnotes":""},"categories":[10911,11010,12202,11003,10948,10894,10912,10903,11009,10947,10896,10897],"tags":[11939,11940,11952,11074,11264,11108,10914],"class_list":{"0":"post-109882","1":"post","2":"type-post","3":"status-publish","4":"format-standard","5":"has-post-thumbnail","7":"category-bunol-ca","8":"category-canal-salud","9":"category-covid-19-ca","10":"category-sports","11":"category-infraestructuras-ca","12":"category-la-comarca-ca","13":"category-la-hoya-ca","14":"category-medio-ambiente-la-comarca-ca","15":"category-polideportivo-ca","16":"category-politica","17":"category-seccion-ca","18":"category-sucesos-la-comarca-ca","19":"tag-coronavirus-ca","20":"tag-covid-19-ca","21":"tag-covid2019-ca","22":"tag-deportes-ca","23":"tag-esports-ca","24":"tag-la-foia-de-bunyol-xiva","25":"tag-la-hoya-de-bunol-chiva-ca"},"_links":{"self":[{"href":"https:\/\/www.tucomarca.com\/wordpress\/segunda\/ca\/wp-json\/wp\/v2\/posts\/109882","targetHints":{"allow":["GET"]}}],"collection":[{"href":"https:\/\/www.tucomarca.com\/wordpress\/segunda\/ca\/wp-json\/wp\/v2\/posts"}],"about":[{"href":"https:\/\/www.tucomarca.com\/wordpress\/segunda\/ca\/wp-json\/wp\/v2\/types\/post"}],"author":[{"embeddable":true,"href":"https:\/\/www.tucomarca.com\/wordpress\/segunda\/ca\/wp-json\/wp\/v2\/users\/12"}],"replies":[{"embeddable":true,"href":"https:\/\/www.tucomarca.com\/wordpress\/segunda\/ca\/wp-json\/wp\/v2\/comments?post=109882"}],"version-history":[{"count":0,"href":"https:\/\/www.tucomarca.com\/wordpress\/segunda\/ca\/wp-json\/wp\/v2\/posts\/109882\/revisions"}],"wp:featuredmedia":[{"embeddable":true,"href":"https:\/\/www.tucomarca.com\/wordpress\/segunda\/ca\/wp-json\/wp\/v2\/media\/109880"}],"wp:attachment":[{"href":"https:\/\/www.tucomarca.com\/wordpress\/segunda\/ca\/wp-json\/wp\/v2\/media?parent=109882"}],"wp:term":[{"taxonomy":"category","embeddable":true,"href":"https:\/\/www.tucomarca.com\/wordpress\/segunda\/ca\/wp-json\/wp\/v2\/categories?post=109882"},{"taxonomy":"post_tag","embeddable":true,"href":"https:\/\/www.tucomarca.com\/wordpress\/segunda\/ca\/wp-json\/wp\/v2\/tags?post=109882"}],"curies":[{"name":"wp","href":"https:\/\/api.w.org\/{rel}","templated":true}]}}