{"id":109985,"date":"2020-07-09T15:52:35","date_gmt":"2020-07-09T13:52:35","guid":{"rendered":"http:\/\/www.tucomarca.com\/wordpress\/segunda\/?p=109985"},"modified":"2020-07-09T15:52:37","modified_gmt":"2020-07-09T13:52:37","slug":"el-projecte-de-la-macrodepuradora-xest-xiva-avanca-amb-linici-de-lexpropiacio-de-terrenys","status":"publish","type":"post","link":"https:\/\/www.tucomarca.com\/wordpress\/segunda\/ca\/el-projecte-de-la-macrodepuradora-xest-xiva-avanca-amb-linici-de-lexpropiacio-de-terrenys\/","title":{"rendered":"El projecte de la macrodepuradora Xest-Xiva avan\u00e7a amb l&#8217;inici de l&#8217;expropiaci\u00f3 de terrenys"},"content":{"rendered":"\n<p>El projecte de construcci\u00f3 de la macrodepuradora Xest-Xiva continua avan\u00e7ant amb l&#8217;inici de la fase d&#8217;expropiaci\u00f3 de terrenys, tant de la planta com del recorregut de les canalitzacions.<\/p>\n\n\n\n<p>&#8220;Esta fase suposa estar un pas m\u00e9s prop de la construcci\u00f3 de la macrodepuradora; amb la posada en marxa d&#8217;este projecte podrem protegir el Medi Ambient, deixar de contaminar els aq\u00fc\u00edfers i reutilitzar l&#8217;aigua per a l&#8217;agricultura&#8221;, hi ha assenyalat l&#8217;alcalde de Xest, Jos\u00e9 Morell. En este sentit, el passat 22 de juny, el DOGV publicava la resoluci\u00f3 de la Conselleria d&#8217;Agricultura relativa a la iniciaci\u00f3, tramitaci\u00f3 i resoluci\u00f3 dels expedients d&#8217;expropiaci\u00f3 for\u00e7osa del Projecte de construcci\u00f3 de l&#8217;EDAR de Xest-Xiva i col\u00b7lectors generals, sotmetent a informaci\u00f3 p\u00fablica la relaci\u00f3 de b\u00e9ns i drets afectats i fixant els dies i horaris per al pagament de la Fase pr\u00e8via i l&#8217;al\u00e7ament de les Actes d&#8217;ocupaci\u00f3.<\/p>\n\n\n\n<p>En esta resoluci\u00f3, tamb\u00e9 accessible a trav\u00e9s de la seu electr\u00f2nica (cheste.sedelectronica.es) i en paper en les oficines de l&#8217;Ajuntament, es pot consultar una taula amb la relaci\u00f3 de titulars, pol\u00edgons i parcel\u00b7les, junt amb els plans per a ubicar-les, aix\u00ed com el dia i l&#8217;hora previstes per a l&#8217;al\u00e7ament d&#8217;actes.<\/p>\n\n\n\n<p>Les persones interessades podran realitzar les seues consultes en horari de 8 a 15 hores en els tel\u00e8fons seg\u00fcents: 91 154 80 80 i 693 735 147.<\/p>\n","protected":false},"excerpt":{"rendered":"<div class=\"mh-excerpt\">El projecte de construcci\u00f3 de la macrodepuradora Xest-Xiva continua avan\u00e7ant amb l&#8217;inici de la fase d&#8217;expropiaci\u00f3 de terrenys, tant de la planta com del recorregut de les canalitzacions. &#8220;Esta fase suposa estar un pas m\u00e9s <a class=\"mh-excerpt-more\" href=\"https:\/\/www.tucomarca.com\/wordpress\/segunda\/ca\/el-projecte-de-la-macrodepuradora-xest-xiva-avanca-amb-linici-de-lexpropiacio-de-terrenys\/\" title=\"El projecte de la macrodepuradora Xest-Xiva avan\u00e7a amb l&#8217;inici de l&#8217;expropiaci\u00f3 de terrenys\">[+] <\/a><\/div>\n","protected":false},"author":12,"featured_media":109984,"comment_status":"open","ping_status":"open","sticky":false,"template":"","format":"standard","meta":{"footnotes":""},"categories":[10905,10948,10894,10912,10903,10947,10896,10974,10975],"tags":[10470,11071,10384,12377],"class_list":{"0":"post-109985","1":"post","2":"type-post","3":"status-publish","4":"format-standard","5":"has-post-thumbnail","7":"category-agricultura-la-comarca-ca","8":"category-infraestructuras-ca","9":"category-la-comarca-ca","10":"category-la-hoya-ca","11":"category-medio-ambiente-la-comarca-ca","12":"category-politica","13":"category-seccion-ca","14":"category-cheste-ca","15":"category-chiva-ca","16":"tag-ayuntamiento-de-cheste","17":"tag-cheste","18":"tag-chiva","19":"tag-macrodepuradora-cheste-chiva"},"_links":{"self":[{"href":"https:\/\/www.tucomarca.com\/wordpress\/segunda\/ca\/wp-json\/wp\/v2\/posts\/109985","targetHints":{"allow":["GET"]}}],"collection":[{"href":"https:\/\/www.tucomarca.com\/wordpress\/segunda\/ca\/wp-json\/wp\/v2\/posts"}],"about":[{"href":"https:\/\/www.tucomarca.com\/wordpress\/segunda\/ca\/wp-json\/wp\/v2\/types\/post"}],"author":[{"embeddable":true,"href":"https:\/\/www.tucomarca.com\/wordpress\/segunda\/ca\/wp-json\/wp\/v2\/users\/12"}],"replies":[{"embeddable":true,"href":"https:\/\/www.tucomarca.com\/wordpress\/segunda\/ca\/wp-json\/wp\/v2\/comments?post=109985"}],"version-history":[{"count":0,"href":"https:\/\/www.tucomarca.com\/wordpress\/segunda\/ca\/wp-json\/wp\/v2\/posts\/109985\/revisions"}],"wp:featuredmedia":[{"embeddable":true,"href":"https:\/\/www.tucomarca.com\/wordpress\/segunda\/ca\/wp-json\/wp\/v2\/media\/109984"}],"wp:attachment":[{"href":"https:\/\/www.tucomarca.com\/wordpress\/segunda\/ca\/wp-json\/wp\/v2\/media?parent=109985"}],"wp:term":[{"taxonomy":"category","embeddable":true,"href":"https:\/\/www.tucomarca.com\/wordpress\/segunda\/ca\/wp-json\/wp\/v2\/categories?post=109985"},{"taxonomy":"post_tag","embeddable":true,"href":"https:\/\/www.tucomarca.com\/wordpress\/segunda\/ca\/wp-json\/wp\/v2\/tags?post=109985"}],"curies":[{"name":"wp","href":"https:\/\/api.w.org\/{rel}","templated":true}]}}