{"id":110211,"date":"2020-07-14T20:28:25","date_gmt":"2020-07-14T18:28:25","guid":{"rendered":"http:\/\/www.tucomarca.com\/wordpress\/segunda\/?p=110211"},"modified":"2020-07-14T20:28:29","modified_gmt":"2020-07-14T18:28:29","slug":"lajuntament-presenta-estiueig-a-alboraig-la-programacio-cultural-per-aquest-estiu-2020","status":"publish","type":"post","link":"https:\/\/www.tucomarca.com\/wordpress\/segunda\/ca\/lajuntament-presenta-estiueig-a-alboraig-la-programacio-cultural-per-aquest-estiu-2020\/","title":{"rendered":"L&#8217;Ajuntament presenta Estiueig a Alboraig, la programaci\u00f3 cultural per aquest estiu 2020"},"content":{"rendered":"\n<p><strong>M\u00fasica en directe, cine per a tots els p\u00fablics, activitats en la naturalesa i una exposici\u00f3 conformen l&#8217;oferta cultural del municipi.<\/strong><\/p>\n\n\n\n<p><strong>Cada participant ha de portar la seua m\u00e0scara, totes les activitats tindran aforament limitat i es tindran en compte les recomanacions de neteja i distanciament necess\u00e0ries per a garantir la seguretat del p\u00fablic.<\/strong><\/p>\n\n\n\n<p>Sota el lema Estiueig a Alborache, l&#8217;Ajuntament d&#8217;Alborache presenta la seva programaci\u00f3 cultural i d&#8217;oci educatiu per a aquest estiu 2020, concebuda per les Regidories de Cultura i Joventut per a gaudir en fam\u00edlia i a l&#8217;aire lliure.<br> Concerts de m\u00fasica de diferents estils en directe, cinema per a tots els p\u00fablics, propostes per gaudir de la natura, \u2026 els caps de setmana el municipi ofereix una varietat d&#8217;activitats per a totes les edats.<br> El regidor de Cultura de l&#8217;Ajuntament d&#8217;Alborache, Vicente Darder, l&#8217;Ajuntament d&#8217;Alborache &#8220;aposta per portar espectacles de qualitat i diferents estils, de manera que tant els nostres ve\u00efns i ve\u00efnes com les persones que v\u00e9nen a estiuejar tinguin al seu abast bones propostes&#8221;.<br> Darder ha destacat la import\u00e0ncia d&#8217;oferir aquesta programaci\u00f3 a l&#8217;aire lliure ja que &#8220;despr\u00e9s dels mesos de confinament que hem passat creiem que estar en espais oberts \u00e9s la millor opci\u00f3: permet garantir les dist\u00e0ncies de seguretat entre persones o grups i, a m\u00e9s, tenim la sort d&#8217;estar en una zona en la qual tenim bona temperatura a les nits. D&#8217;altra banda, volem donar suport a el m\u00f3n de la cultura, que ha sortit tan perjudicat d&#8217;aquesta pand\u00e8mia, comptant amb ells i elles sempre que sigui possible &#8220;.<br> Per la seva banda, el regidor de Joventut, Jordi Manrique, subratlla: &#8220;hem incl\u00f2s com a novetat algunes activitats de lleure educatiu a la natura, ja que tenim un entorn natural de qu\u00e8 gaudir amb la prud\u00e8ncia i preparaci\u00f3 necessaris. A m\u00e9s, s\u00f3n propostes que poden realitzar-se en fam\u00edlia i que poden ser molt did\u00e0ctiques per als nens i joves&#8221;.<br> L&#8217;Ajuntament ha repartit cartelleria pel municipi, que incorpora un codi QR perqu\u00e8 qui ho desitgi pugui accedir en tot moment des del m\u00f2bil o la tablet.<br> Cal recordar que les persones majors de 6 anys han de portar mascareta. L&#8217;Ajuntament d&#8217;Alborache controlar\u00e0 l&#8217;aforament per mantenir les dist\u00e0ncies de seguretat, i es compliran les recomanacions de neteja de les autoritats sanit\u00e0ries.<\/p>\n\n\n\n<p><strong>PROGRAMACI\u00d3 CULTURAL ESTIUEIG A ALBORACHE<\/strong><\/p>\n\n\n\n<p><strong>JULIOL 2020<\/strong><\/p>\n\n\n\n<p>A l&#8217;Auditori Josep M\u00aa Cervera Collado<\/p>\n\n\n\n<p>Divendres 17 de juliol a les 23:00 hores<br>\nConcert The Umbrellas.<\/p>\n\n\n\n<p>Dissabte 18 de juliol a les 23:00 hores<br>\nConcert Yamb\u00fa Latin Yazz.<br>\nDiumenge 19 de juliol a les 22 hores<br>\nCinema a la fresca: Aladdin.<br>\nDivendres 24 de juliol a les 23:00 hores<br>\nConcert Cristina Blasco Quartet Jazz.<br>\nDissabte 25 de juliol a les 23 hores<br>\nEspectacle de varietats.<br>\nDissabte 26 de juliol a les 23 hores<br>\nMusical en directe Toy Story, el musical. Fins a l&#8217;infinit i m\u00e9s enll\u00e0.<br>\nDivendres 31 de juliol a les 20 hores<br>\nConcert Souls Sisters amb exhibici\u00f3 de ball.<\/p>\n\n\n\n<p><strong>AGOST 2020<\/strong><\/p>\n\n\n\n<p>A l&#8217;Auditori Josep M\u00aa Cervera Collado (excepte l&#8217;exposici\u00f3, que ser\u00e0 en el Sal\u00f3 d&#8217;Actes de l&#8217;Ajuntament i les activitats a la natura).<\/p>\n\n\n\n<p>Diumenge 2 d&#8217;agost a les 22:00 hores<br>\nCinema a la fresca: Pare no hi ha m\u00e9s que un.<br>\nDivendres 7 d&#8217;agost (hora per confirmar)<br>\nGeocacing, busca el tresor a la natura amb ajuda de l&#8217;GPS.<br>\nPer participar en aquesta activitat cal inscriure a l&#8217;Ajuntament d&#8217;Alborache (tel\u00e8fon 962 516 002) i les places estan limitades a 50 persones.<br>\nDiumenge 9 d&#8217;agost a les 22:00 hores<br>\nCinema a la fresca Doctor Doolittle.<br>\nDimarts 11 d&#8217;agost de 10:00 a 14:00 hores<br>\nExposici\u00f3 Exili Il\u00b7lustrat, en col\u00b7laboraci\u00f3 amb l&#8217;IVAJ.<br>\nOberta a el p\u00fablic fins al 2020.08.19.<br>\nDimecres 12 d&#8217;agost a les 21:00 hores<br>\nExcursi\u00f3 nocturna: Observaci\u00f3 de les perseides des del mirador de la Cella.<br>\nSortida des del Parc de Sant Jaume.<br>\nPer participar en aquesta activitat cal inscriure a l&#8217;Ajuntament d&#8217;Alborache (tel\u00e8fon 962 516 002) i les places estan limitades a 50 persones.<br>\nDiumenge 16 d&#8217;agost a les 22 hores<br>\nCinema a la fresca: Volant junts.<\/p>\n","protected":false},"excerpt":{"rendered":"<div class=\"mh-excerpt\">M\u00fasica en directe, cine per a tots els p\u00fablics, activitats en la naturalesa i una exposici\u00f3 conformen l&#8217;oferta cultural del municipi. Cada participant ha de portar la seua m\u00e0scara, totes les activitats tindran aforament limitat <a class=\"mh-excerpt-more\" href=\"https:\/\/www.tucomarca.com\/wordpress\/segunda\/ca\/lajuntament-presenta-estiueig-a-alboraig-la-programacio-cultural-per-aquest-estiu-2020\/\" title=\"L&#8217;Ajuntament presenta Estiueig a Alboraig, la programaci\u00f3 cultural per aquest estiu 2020\">[+] <\/a><\/div>\n","protected":false},"author":12,"featured_media":110210,"comment_status":"open","ping_status":"open","sticky":false,"template":"","format":"standard","meta":{"footnotes":""},"categories":[11019,10973,11005,11010,12202,10894,10912,11007,10896],"tags":[11308,11939,11940,11952,10914],"class_list":{"0":"post-110211","1":"post","2":"type-post","3":"status-publish","4":"format-standard","5":"has-post-thumbnail","7":"category-agenda-ca","8":"category-alborache-ca","9":"category-canal-musica","10":"category-canal-salud","11":"category-covid-19-ca","12":"category-la-comarca-ca","13":"category-la-hoya-ca","14":"category-ocio-y-cultura-ca","15":"category-seccion-ca","16":"tag-ayuntamiento-de-alborache-ca","17":"tag-coronavirus-ca","18":"tag-covid-19-ca","19":"tag-covid2019-ca","20":"tag-la-hoya-de-bunol-chiva-ca"},"_links":{"self":[{"href":"https:\/\/www.tucomarca.com\/wordpress\/segunda\/ca\/wp-json\/wp\/v2\/posts\/110211","targetHints":{"allow":["GET"]}}],"collection":[{"href":"https:\/\/www.tucomarca.com\/wordpress\/segunda\/ca\/wp-json\/wp\/v2\/posts"}],"about":[{"href":"https:\/\/www.tucomarca.com\/wordpress\/segunda\/ca\/wp-json\/wp\/v2\/types\/post"}],"author":[{"embeddable":true,"href":"https:\/\/www.tucomarca.com\/wordpress\/segunda\/ca\/wp-json\/wp\/v2\/users\/12"}],"replies":[{"embeddable":true,"href":"https:\/\/www.tucomarca.com\/wordpress\/segunda\/ca\/wp-json\/wp\/v2\/comments?post=110211"}],"version-history":[{"count":0,"href":"https:\/\/www.tucomarca.com\/wordpress\/segunda\/ca\/wp-json\/wp\/v2\/posts\/110211\/revisions"}],"wp:featuredmedia":[{"embeddable":true,"href":"https:\/\/www.tucomarca.com\/wordpress\/segunda\/ca\/wp-json\/wp\/v2\/media\/110210"}],"wp:attachment":[{"href":"https:\/\/www.tucomarca.com\/wordpress\/segunda\/ca\/wp-json\/wp\/v2\/media?parent=110211"}],"wp:term":[{"taxonomy":"category","embeddable":true,"href":"https:\/\/www.tucomarca.com\/wordpress\/segunda\/ca\/wp-json\/wp\/v2\/categories?post=110211"},{"taxonomy":"post_tag","embeddable":true,"href":"https:\/\/www.tucomarca.com\/wordpress\/segunda\/ca\/wp-json\/wp\/v2\/tags?post=110211"}],"curies":[{"name":"wp","href":"https:\/\/api.w.org\/{rel}","templated":true}]}}