{"id":110416,"date":"2020-07-16T21:34:52","date_gmt":"2020-07-16T19:34:52","guid":{"rendered":"http:\/\/www.tucomarca.com\/wordpress\/segunda\/?p=110416"},"modified":"2020-07-17T04:46:01","modified_gmt":"2020-07-17T02:46:01","slug":"ximo-puig-valora-la-unio-de-les-institucions-en-moments-de-dolor-i-apella-al-sentimiento-de-pais-i-al-entendimiento-per-a-afrontar-el-futur","status":"publish","type":"post","link":"https:\/\/www.tucomarca.com\/wordpress\/segunda\/ca\/ximo-puig-valora-la-unio-de-les-institucions-en-moments-de-dolor-i-apella-al-sentimiento-de-pais-i-al-entendimiento-per-a-afrontar-el-futur\/","title":{"rendered":"Ximo Puig valora la uni\u00f3 de les institucions &#8220;en moments de dolor&#8221; i apel\u00b7la al &#8220;sentimiento de pa\u00eds&#8221; i al &#8220;entendimiento&#8221; per a afrontar el futur"},"content":{"rendered":"\n<p>El president de la Generalitat, Ximo Puig, ha valorat aquest dijous la uni\u00f3 de les institucions &#8220;en moments de tristesa i dolor&#8221; i ha apel\u00b7lat a el &#8220;sentiment de pa\u00eds&#8221; i al &#8220;entesa&#8221; per afrontar el futur &#8220;i mirar cap endavant junts &#8220;<\/p>\n\n\n\n<p>Aix\u00ed s&#8217;ha pronunciat el m\u00e0xim responsable de l&#8217;executiu valenci\u00e0 despr\u00e9s del Homenatge d&#8217;Estat a les v\u00edctimes del coronavirus i de reconeixement a la societat celebrat a la Pla\u00e7a de l&#8217;Armeria del Palau Reial de Madrid, de qu\u00e8 ha destacat la pres\u00e8ncia de les diferents institucions i administracions en resposta &#8220;al que desitja la societat espanyola&#8221;<\/p>\n\n\n\n<p>Segons Puig, &#8220;aquest \u00e9s un dia de respecte i de mem\u00f2ria&#8221; per a les v\u00edctimes i les seues fam\u00edlies, &#8220;que tant dolor han patit en aquest temps&#8221;, i &#8220;tamb\u00e9 d&#8217;esperan\u00e7a&#8221; per encarar el context actual &#8220;des de la uni\u00f3&#8221; de tota la societat.<\/p>\n\n\n\n<p>El president de la Generalitat ha assistit a l&#8217;acte acompanyat per quatre persones pertanyents a grups professionals d&#8217;alguns dels sectors m\u00e9s afectats per la pand\u00e8mia en representaci\u00f3 de la Comunitat Valenciana. Aquestes persones han estat Rafael Badenes Quiles, cap de secci\u00f3 d&#8217;Anestesiologia i Reanimaci\u00f3 de l&#8217;Hospital Cl\u00ednic de Val\u00e8ncia; Ana Santos Mart\u00ednez, directora de la resid\u00e8ncia de gent gran Santa Elena, de Torrent; Raquel Causanilles, responsable de botiga de Mercadona; i Ana Bel\u00e9n B\u00e9, infermera supervisora \u200b\u200bde la Unitat d&#8217;Hematologia de l&#8217;Hospital Cl\u00ednic Universitari de Val\u00e8ncia.<\/p>\n","protected":false},"excerpt":{"rendered":"<div class=\"mh-excerpt\">El president de la Generalitat, Ximo Puig, ha valorat aquest dijous la uni\u00f3 de les institucions &#8220;en moments de tristesa i dolor&#8221; i ha apel\u00b7lat a el &#8220;sentiment de pa\u00eds&#8221; i al &#8220;entesa&#8221; per afrontar <a class=\"mh-excerpt-more\" href=\"https:\/\/www.tucomarca.com\/wordpress\/segunda\/ca\/ximo-puig-valora-la-unio-de-les-institucions-en-moments-de-dolor-i-apella-al-sentimiento-de-pais-i-al-entendimiento-per-a-afrontar-el-futur\/\" title=\"Ximo Puig valora la uni\u00f3 de les institucions &#8220;en moments de dolor&#8221; i apel\u00b7la al &#8220;sentimiento de pa\u00eds&#8221; i al &#8220;entendimiento&#8221; per a afrontar el futur\">[+] <\/a><\/div>\n","protected":false},"author":1,"featured_media":110404,"comment_status":"open","ping_status":"open","sticky":false,"template":"","format":"standard","meta":{"footnotes":""},"categories":[11010,12202,10898,10948,10904,10903,10947,10896],"tags":[11939,11940,11498,12412,11073],"class_list":{"0":"post-110416","1":"post","2":"type-post","3":"status-publish","4":"format-standard","5":"has-post-thumbnail","7":"category-canal-salud","8":"category-covid-19-ca","9":"category-ventana-ca","10":"category-infraestructuras-ca","11":"category-sin-categorizar-ca","12":"category-medio-ambiente-la-comarca-ca","13":"category-politica","14":"category-seccion-ca","15":"tag-coronavirus-ca","16":"tag-covid-19-ca","17":"tag-generalitat-valenciana-ca","18":"tag-homenaje-de-estado-a-las-victimas-del-coronavirus","19":"tag-ximo-puig-ca"},"_links":{"self":[{"href":"https:\/\/www.tucomarca.com\/wordpress\/segunda\/ca\/wp-json\/wp\/v2\/posts\/110416","targetHints":{"allow":["GET"]}}],"collection":[{"href":"https:\/\/www.tucomarca.com\/wordpress\/segunda\/ca\/wp-json\/wp\/v2\/posts"}],"about":[{"href":"https:\/\/www.tucomarca.com\/wordpress\/segunda\/ca\/wp-json\/wp\/v2\/types\/post"}],"author":[{"embeddable":true,"href":"https:\/\/www.tucomarca.com\/wordpress\/segunda\/ca\/wp-json\/wp\/v2\/users\/1"}],"replies":[{"embeddable":true,"href":"https:\/\/www.tucomarca.com\/wordpress\/segunda\/ca\/wp-json\/wp\/v2\/comments?post=110416"}],"version-history":[{"count":0,"href":"https:\/\/www.tucomarca.com\/wordpress\/segunda\/ca\/wp-json\/wp\/v2\/posts\/110416\/revisions"}],"wp:featuredmedia":[{"embeddable":true,"href":"https:\/\/www.tucomarca.com\/wordpress\/segunda\/ca\/wp-json\/wp\/v2\/media\/110404"}],"wp:attachment":[{"href":"https:\/\/www.tucomarca.com\/wordpress\/segunda\/ca\/wp-json\/wp\/v2\/media?parent=110416"}],"wp:term":[{"taxonomy":"category","embeddable":true,"href":"https:\/\/www.tucomarca.com\/wordpress\/segunda\/ca\/wp-json\/wp\/v2\/categories?post=110416"},{"taxonomy":"post_tag","embeddable":true,"href":"https:\/\/www.tucomarca.com\/wordpress\/segunda\/ca\/wp-json\/wp\/v2\/tags?post=110416"}],"curies":[{"name":"wp","href":"https:\/\/api.w.org\/{rel}","templated":true}]}}