{"id":110696,"date":"2020-07-22T13:24:33","date_gmt":"2020-07-22T11:24:33","guid":{"rendered":"http:\/\/www.tucomarca.com\/wordpress\/segunda\/?p=110696"},"modified":"2020-07-22T13:24:36","modified_gmt":"2020-07-22T11:24:36","slug":"vilamarxant-empren-naix-aquest-23-de-juliol-amb-la-presentacio-de-projectes-idees-i-empreses","status":"publish","type":"post","link":"https:\/\/www.tucomarca.com\/wordpress\/segunda\/ca\/vilamarxant-empren-naix-aquest-23-de-juliol-amb-la-presentacio-de-projectes-idees-i-empreses\/","title":{"rendered":"Vilamarxant Empr\u00e9n naix aquest 23 de juliol amb la presentaci\u00f3 de projectes, idees i empreses"},"content":{"rendered":"\n<p>El pr\u00f3ximo 23 de julio ver\u00e1 la luz Vilamarxant Emprende con la presentaci\u00f3n de proyectos, ideas y empresas en la Casa de la Cultura del municipio de Camp de T\u00faria a partir de las 19.30 horas.<\/p>\n\n\n\n<p>El pr\u00f2xim 23 de juliol veur\u00e0 la llum Vilamarxant Empr\u00e9n amb la presentaci\u00f3 de projectes, idees i empreses a la Casa de la Cultura del municipi de Camp de T\u00faria a partir de les 19.30 hores.<\/p>\n\n\n\n<p>Amb el suport de l&#8217;Ajuntament de Vilamarxant, el Centre d&#8217;Emprenedoria i Innovaci\u00f3 del T\u00faria i Rocket Ventures, Vilamarxant Empr\u00e9n busca la generaci\u00f3 d&#8217;economia local a partir de noves idees i projectes.<\/p>\n\n\n\n<p>Mes de Bondia, productes artesans de proximitat liderats per Xavi Herrero; My Room Planet, gesti\u00f3 intel\u00b7ligent d&#8217;apartaments baix la direcci\u00f3 de Cintia Jara; B\u00e9 de D\u00e9u, oli d&#8217;oliva marca col\u00b7laborativa de Cristina Navarro; Wonderlook Services, Beauty delivery services de Yadira Navarro; Sol en cara, Art amb pedra i productes decoratius de Nicolau Benlloch i Mireia Balaguer; Wondermoom, Marca de sabons artesans per a farm\u00e0cies de Manuel Noguera; MIIM Computers de Ximo Escamilla i Manuel; MUYMUI, Roba de llit ecol\u00f2gica de Miguel Santamar\u00eda; 77Pride, Marca de roba n\u00ednxol eco de Pau Suria; Trickmoove, marca de roba n\u00ednxol tire de Ximo Ferris; i Reversed, Ulleres de disseny i accessoris d&#8217;Alejandra Sanchis; s\u00f3n les marques que estan a l&#8217;empara de Vilamarxant Empr\u00e9n.<\/p>\n\n\n\n<p>Xavier Jorge, regidor d&#8217;Innovaci\u00f3 i Noves Tecnologies de l&#8217;Ajuntament de Vilamarxant, ha destacat la import\u00e0ncia d&#8217;esta uni\u00f3 al voltant de Vilamarxant Empr\u00e9n.<\/p>\n\n\n\n<p>\u201cEstem davant una gran oportunitat perqu\u00e8 els projectes que formen\u00a0 Vilamarxant Empr\u00e9n es convertisquen en referents de les seues diferents \u00e0rees de negoci de la m\u00e0 de les institucions locals\u201d, ha indicat Jorge.<\/p>\n\n\n\n<p>Aix\u00ed mateix, V\u00edctor Sanchis, regidor de Promoci\u00f3 Econ\u00f2mica de Vilamarxant, tamb\u00e9 ha mostrat la seua felicitat per la presentaci\u00f3 de Vilamarxant Empr\u00e9n que veur\u00e0 la llum el dijous.<\/p>\n\n\n\n<p>\u201cTenim l&#8217;oportunitat de convertir estos projectes, empreses i idees en generadors de riquesa per a la nostra poblaci\u00f3. Posarem tots els nostres esfor\u00e7os a ajudar al fet que el naixement de Vilamarxant Empr\u00e9n siga una de les grans not\u00edcies per a l&#8217;economia local\u201d, ha explicat Sanchis.<\/p>\n\n\n\n<p>Con el respaldo del Ayuntamiento de Vilamarxant, el Centro de Emprendimiento e Innovaci\u00f3n del T\u00faria y Rocket Ventures, Vilamarxant Emprende busca la generaci\u00f3n de econom\u00eda local a partir de nuevas ideas y proyectos.<\/p>\n\n\n\n<p>Mas de Bondia, productos artesanos de cercan\u00eda liderados por Xavi Herrero; My Room Planet, gesti\u00f3n inteligente de apartamentos bajo la direcci\u00f3n de Cintia Jara; B\u00e9 de D\u00e9u, aceite de oliva marca colaborativa de Cristina Navarro; Wonderlook Services, Beauty delivery services de Yadira Navarro; Sol en cara, Arte con piedra y productos decorativos de Nicolau Benlloch y Mireia Balaguer; Wondermoom, Marca de jabones artesanos para farmacias de Manuel Noguera; MIIM Computers de Ximo Escamilla y Manuel; MUYMUI, Ropa de cama ecol\u00f3gica de Miguel Santamar\u00eda; 77Pride, Marca de ropa nicho eco de Pau Suria; Trickmoove, marca de ropa nicho echo de Ximo Ferris; y Reversed, Gafas de dise\u00f1o y accesorios de Alejandra Sanchis; son las marcas que est\u00e1n al amparo de Vilamarxant Emprende.<\/p>\n\n\n\n<p>Xavier Jorge, concejal de Innovaci\u00f3n y Nuevas Tecnolog\u00edas del Ayuntamiento de Vilamarxant, ha destacado la importancia de esta uni\u00f3n alrededor de Vilamarxant Emprende.<\/p>\n\n\n\n<p>\u201cEstamos ante una gran oportunidad para que los proyectos que forman\u00a0 Vilamarxant Emprende se conviertan en referentes de sus diferentes \u00e1reas de negocio de la mano de las instituciones locales\u201d, ha indicado Jorge.<\/p>\n\n\n\n<p>Asimismo, V\u00edctor Sanchis, regidor de Promoci\u00f3n Econ\u00f3mica de Vilamarxant, tambi\u00e9n ha mostrado su felicidad ante la presentaci\u00f3n de Vilamarxant Emprende que ver\u00e1 la luz el pr\u00f3ximo jueves.<\/p>\n\n\n\n<p>\u201cTenemos la oportunidad de convertir estos proyectos, empresas e ideas en generadores de riqueza para nuestra poblaci\u00f3n. Vamos a poner todos nuestros esfuerzos en ayudar a que el nacimiento de Vilamarxant Emprende sea una de las grandes noticias para la econom\u00eda local\u201d, ha explicado Sanchis.<\/p>\n","protected":false},"excerpt":{"rendered":"<div class=\"mh-excerpt\">El pr\u00f3ximo 23 de julio ver\u00e1 la luz Vilamarxant Emprende con la presentaci\u00f3n de proyectos, ideas y empresas en la Casa de la Cultura del municipio de Camp de T\u00faria a partir de las 19.30 <a class=\"mh-excerpt-more\" href=\"https:\/\/www.tucomarca.com\/wordpress\/segunda\/ca\/vilamarxant-empren-naix-aquest-23-de-juliol-amb-la-presentacio-de-projectes-idees-i-empreses\/\" title=\"Vilamarxant Empr\u00e9n naix aquest 23 de juliol amb la presentaci\u00f3 de projectes, idees i empreses\">[+] <\/a><\/div>\n","protected":false},"author":12,"featured_media":110694,"comment_status":"open","ping_status":"open","sticky":false,"template":"","format":"standard","meta":{"footnotes":""},"categories":[10892,10948,10894,10947,10896,10927],"tags":[10395,10439],"class_list":{"0":"post-110696","1":"post","2":"type-post","3":"status-publish","4":"format-standard","5":"has-post-thumbnail","7":"category-camp-de-turia-ca","8":"category-infraestructuras-ca","9":"category-la-comarca-ca","10":"category-politica","11":"category-seccion-ca","12":"category-vilamarxant-ca","13":"tag-camp-de-turia","14":"tag-vilamarxant"},"_links":{"self":[{"href":"https:\/\/www.tucomarca.com\/wordpress\/segunda\/ca\/wp-json\/wp\/v2\/posts\/110696","targetHints":{"allow":["GET"]}}],"collection":[{"href":"https:\/\/www.tucomarca.com\/wordpress\/segunda\/ca\/wp-json\/wp\/v2\/posts"}],"about":[{"href":"https:\/\/www.tucomarca.com\/wordpress\/segunda\/ca\/wp-json\/wp\/v2\/types\/post"}],"author":[{"embeddable":true,"href":"https:\/\/www.tucomarca.com\/wordpress\/segunda\/ca\/wp-json\/wp\/v2\/users\/12"}],"replies":[{"embeddable":true,"href":"https:\/\/www.tucomarca.com\/wordpress\/segunda\/ca\/wp-json\/wp\/v2\/comments?post=110696"}],"version-history":[{"count":0,"href":"https:\/\/www.tucomarca.com\/wordpress\/segunda\/ca\/wp-json\/wp\/v2\/posts\/110696\/revisions"}],"wp:featuredmedia":[{"embeddable":true,"href":"https:\/\/www.tucomarca.com\/wordpress\/segunda\/ca\/wp-json\/wp\/v2\/media\/110694"}],"wp:attachment":[{"href":"https:\/\/www.tucomarca.com\/wordpress\/segunda\/ca\/wp-json\/wp\/v2\/media?parent=110696"}],"wp:term":[{"taxonomy":"category","embeddable":true,"href":"https:\/\/www.tucomarca.com\/wordpress\/segunda\/ca\/wp-json\/wp\/v2\/categories?post=110696"},{"taxonomy":"post_tag","embeddable":true,"href":"https:\/\/www.tucomarca.com\/wordpress\/segunda\/ca\/wp-json\/wp\/v2\/tags?post=110696"}],"curies":[{"name":"wp","href":"https:\/\/api.w.org\/{rel}","templated":true}]}}