{"id":110863,"date":"2020-07-24T23:24:40","date_gmt":"2020-07-24T21:24:40","guid":{"rendered":"http:\/\/www.tucomarca.com\/wordpress\/segunda\/?p=110863"},"modified":"2020-07-25T15:32:24","modified_gmt":"2020-07-25T13:32:24","slug":"alzira-algemesi-bunyol-guadassuar-la-pobla-lalcudia-i-requena-registren-casos-de-coronavirus-en-els-ultims-dies","status":"publish","type":"post","link":"https:\/\/www.tucomarca.com\/wordpress\/segunda\/ca\/alzira-algemesi-bunyol-guadassuar-la-pobla-lalcudia-i-requena-registren-casos-de-coronavirus-en-els-ultims-dies\/","title":{"rendered":"Alzira, Algemes\u00ed, Bunyol, Guadassuar, La Pobla, l&#8217;Alc\u00fadia i Requena registren casos de coronavirus en els \u00faltims dies"},"content":{"rendered":"\n<p><strong>La Comunitat Valenciana registra 117 nous casos de coronavirus fins divendres<\/strong><\/p>\n\n\n\n<p><strong>En aquests moments, hi ha 70 persones ingressades amb coronavirus als hospitals valencians<\/strong><\/p>\n\n\n\n<p>La Comunitat Valenciana ha registrat des de l&#8217;\u00faltima actualitzaci\u00f3 117 nous casos per prova PCR, que situen la xifra total de positius en 12.451 persones. La consellera de Sanitat Universal i Salut P\u00fablica, Ana Barcel\u00f3, ha volgut llan\u00e7ar un nou missatge de prud\u00e8ncia: &#8220;No podem abaixar la gu\u00e0rdia. La irresponsabilitat d&#8217;uns pocs ens afecta a tots&#8221;, ha apuntat. En aquest sentit, ha insistit que &#8220;hem de seguir complint amb les mesures d&#8217;higiene i protecci\u00f3, per\u00f2 sobretot hem de pensar que el risc de contagi continua i la millor prevenci\u00f3 \u00e9s la dist\u00e0ncia social i la prud\u00e8ncia&#8221;.<\/p>\n\n\n\n<p>En total s\u00f3n 69 els municipis de la Comunitat els que han registrat casos des de dilluns i dijous, segons les dades ofertes per la Generalitat Valenciana. Val\u00e8ncia torna a ser la ciutat que detecta un major nombre de positius, amb 31, seguida d&#8217;Elx i Gandia, amb 25 i 24.<\/p>\n\n\n\n<p>La ciutat d&#8217;Alzira t\u00e9 tres positius m\u00e9s; i la Pobla de Vallbona t\u00e9 dos casos nous aquesta setmana I entre els municipis que han sumat un cas de Covid-19 en els \u00faltims dies, a l&#8217;interior valenci\u00e0 es troben els d&#8217;Algemes\u00ed, Bunyol, Guadassuar, l&#8217;Alc\u00fadia i Requena.<\/p>\n\n\n\n<p>Des de l&#8217;Ajuntament de Bu\u00f1ol han confirmat que el &#8220;cas diagnosticat amb PCR + es tracta d&#8217;un cas a\u00efllat. Sanitat P\u00fablica ha posat en marxa el protocol adequat per fer el seguiment i rastreamiento d&#8217;aquest cas&#8221;.<\/p>\n\n\n\n<p>Segons la Conselleria de Sanitat, durant l&#8217;\u00faltima setmana s&#8217;han assignat 401 casos als diferents municipis valencians. Val\u00e8ncia \u00e9s la ciutat m\u00e9s afectada, amb 81 casos, seguida de Gandia, amb 59; Elx, amb 45 casos i Alacant i Torrevella, amb 16.<\/p>\n\n\n\n<p>Quatre municipis s&#8217;han sumat m\u00e9s de 10 casos en l&#8217;\u00faltima setmana: Santa Pola i Pen\u00edscola han tingut 14 casos, mentre que Manises i Benidorm han tingut 11.<\/p>\n\n\n\n<p>Per prov\u00edncies, el nombre de nous casos \u00e9s el seg\u00fcent: 15 a Castell\u00f3 (1.734 en total); 35 a la prov\u00edncia d&#8217;Alacant (4.197 en total); 50 a la prov\u00edncia de Val\u00e8ncia (6.493 en total) i altres 17 casos sense assignar que se sumen a 10 casos anteriors.<\/p>\n\n\n\n<p>D&#8217;altra banda, s&#8217;han donat 49 altes a pacients amb coronavirus, de manera que el total de persones curades ascendeix ja a 17.935 persones: 2.551 a Castell\u00f3, en 5.959 Alacant i 9.424 a Val\u00e8ncia, a m\u00e9s d&#8217;1 a un cas no assignat. D&#8217;aquesta manera, a hores d&#8217;ara hi ha actius 709 casos, el que suposa un 3,52% del total de positius.<\/p>\n\n\n\n<p>Els hospitals valencians tenen, actualment, 70 persones ingressades: la prov\u00edncia de Castell\u00f3 amb 13, sense pacients en UCI; 14 a la prov\u00edncia d&#8217;Alacant, d&#8217;ells 3 a la UCI; i 43 a la prov\u00edncia de Val\u00e8ncia, 4 d&#8217;ells a UCI.<\/p>\n\n\n\n<p>No s&#8217;ha registrat cap mort per coronavirus des de l&#8217;\u00faltima actualitzaci\u00f3 de dades, de manera que el total de defuncions es mant\u00e9 en 1.477 persones: 227 a la prov\u00edncia de Castell\u00f3, 513 a la d&#8217;Alacant i 737 a la de Val\u00e8ncia.<\/p>\n\n\n\n<p>El nombre total de proves dutes a terme per a la detecci\u00f3 de l&#8217;coronavirus ascendeix a 543.601, de les quals 412.555 han estat a trav\u00e9s de PCR i 131.046 mitjan\u00e7ant test r\u00e0pid.<\/p>\n\n\n\n<p><strong>Actualitzaci\u00f3 de la situaci\u00f3 en resid\u00e8ncies<\/strong><\/p>\n\n\n\n<p>Les resid\u00e8ncies de la Comunitat Valenciana no registren cap mort des del 25 de juny, per la qual cosa es compleixen 29 dies sense defuncions per coronavirus. En aquests moments hi ha algun cas positiu en 8 centres: 1 a la prov\u00edncia de Castell\u00f3, 1 a la d&#8217;Alacant i 6 a la de Val\u00e8ncia.<\/p>\n\n\n\n<ul class=\"wp-block-list\"><li>Residentes nuevos positivos: 0<\/li><li>Trabajadores nuevos positivos: 0<\/li><li>Residentes fallecidos: 0<\/li><\/ul>\n\n\n\n<p>En aquests moments es troben sota vigil\u00e0ncia activa de control sanitari mar\u00e7 resid\u00e8ncies a la Comunitat Valenciana: 0 a la prov\u00edncia de Castell\u00f3, 0 a la prov\u00edncia d&#8217;Alacant i 3 a la prov\u00edncia de Val\u00e8ncia.<\/p>\n\n\n\n<p><strong>Actualitzaci\u00f3 brots de coronavirus<\/strong><\/p>\n\n\n\n<p><strong>Nous brots:<\/strong><\/p>\n\n\n\n<ul class=\"wp-block-list\"><li>Ribera de Cabanes: 4 casos. Contacte social<\/li><li>Elda: 6 casos. Entorn de treball<\/li><li>Alcora: 3 casos. Brot familiar<\/li><li>Monforte del Cid: 3 casos. Entorn de treball<\/li><\/ul>\n\n\n\n<p><strong>Brots anteriors:<\/strong><\/p>\n\n\n\n<ul class=\"wp-block-list\"><li>Gandia. Despr\u00e9s de l&#8217;estudi de contactes realitzats en els tres \u00faltims dies, cal sumar 30 nous positius, de manera que el total ascendeix a 114.<\/li><\/ul>\n\n\n\n<p><strong>Resultat de les cribats realizats:<\/strong><\/p>\n\n\n\n<ul class=\"wp-block-list\"><li>Santa Pola. De 408 proves analitzades, s&#8217;han descartat com negatives 402. De moment, sol 6 positius. Per tant, en el brot de Santa Pola relacionat amb l&#8217;oci nocturn hi ha, fins al moment, 24 casos positius.<\/li><\/ul>\n\n\n\n<p>Des Salut P\u00fablica aclareixen que els brots s&#8217;estudien una vegada que hi ha alguna sospita, \u00e9s a dir, davant d&#8217;una agrupaci\u00f3 de casos s&#8217;inicia una investigaci\u00f3 sota la hip\u00f2tesi d&#8217;un possible origen (comunitari, familiar) i municipi. En funci\u00f3 dels resultats que s&#8217;obtenen es reclassifica el brot si cal, fins i tot pot arribar a passar que es consideri que no \u00e9s un brot i s&#8217;anul\u00b7li.<\/p>\n","protected":false},"excerpt":{"rendered":"<div class=\"mh-excerpt\">La Comunitat Valenciana registra 117 nous casos de coronavirus fins divendres En aquests moments, hi ha 70 persones ingressades amb coronavirus als hospitals valencians La Comunitat Valenciana ha registrat des de l&#8217;\u00faltima actualitzaci\u00f3 117 nous <a class=\"mh-excerpt-more\" href=\"https:\/\/www.tucomarca.com\/wordpress\/segunda\/ca\/alzira-algemesi-bunyol-guadassuar-la-pobla-lalcudia-i-requena-registren-casos-de-coronavirus-en-els-ultims-dies\/\" title=\"Alzira, Algemes\u00ed, Bunyol, Guadassuar, La Pobla, l&#8217;Alc\u00fadia i Requena registren casos de coronavirus en els \u00faltims dies\">[+] <\/a><\/div>\n","protected":false},"author":12,"featured_media":110861,"comment_status":"open","ping_status":"open","sticky":false,"template":"","format":"standard","meta":{"footnotes":""},"categories":[10983,10911,11010,12202,10898,10994,10948,10995,10894,10904,10912,10902,10903,10908,10909,10896,10897],"tags":[10913,12165,11939,11940],"class_list":{"0":"post-110863","1":"post","2":"type-post","3":"status-publish","4":"format-standard","5":"has-post-thumbnail","7":"category-algemesi-ca","8":"category-bunol-ca","9":"category-canal-salud","10":"category-covid-19-ca","11":"category-ventana-ca","12":"category-guadassuar-ca","13":"category-infraestructuras-ca","14":"category-lalcudia-ca","15":"category-la-comarca-ca","16":"category-sin-categorizar-ca","17":"category-la-hoya-ca","18":"category-la-ribera-ca","19":"category-medio-ambiente-la-comarca-ca","20":"category-requena-ca","21":"category-requena-utiel-ca","22":"category-seccion-ca","23":"category-sucesos-la-comarca-ca","24":"tag-bunol-ca","25":"tag-conselleria-de-sanitat-ca","26":"tag-coronavirus-ca","27":"tag-covid-19-ca"},"_links":{"self":[{"href":"https:\/\/www.tucomarca.com\/wordpress\/segunda\/ca\/wp-json\/wp\/v2\/posts\/110863","targetHints":{"allow":["GET"]}}],"collection":[{"href":"https:\/\/www.tucomarca.com\/wordpress\/segunda\/ca\/wp-json\/wp\/v2\/posts"}],"about":[{"href":"https:\/\/www.tucomarca.com\/wordpress\/segunda\/ca\/wp-json\/wp\/v2\/types\/post"}],"author":[{"embeddable":true,"href":"https:\/\/www.tucomarca.com\/wordpress\/segunda\/ca\/wp-json\/wp\/v2\/users\/12"}],"replies":[{"embeddable":true,"href":"https:\/\/www.tucomarca.com\/wordpress\/segunda\/ca\/wp-json\/wp\/v2\/comments?post=110863"}],"version-history":[{"count":0,"href":"https:\/\/www.tucomarca.com\/wordpress\/segunda\/ca\/wp-json\/wp\/v2\/posts\/110863\/revisions"}],"wp:featuredmedia":[{"embeddable":true,"href":"https:\/\/www.tucomarca.com\/wordpress\/segunda\/ca\/wp-json\/wp\/v2\/media\/110861"}],"wp:attachment":[{"href":"https:\/\/www.tucomarca.com\/wordpress\/segunda\/ca\/wp-json\/wp\/v2\/media?parent=110863"}],"wp:term":[{"taxonomy":"category","embeddable":true,"href":"https:\/\/www.tucomarca.com\/wordpress\/segunda\/ca\/wp-json\/wp\/v2\/categories?post=110863"},{"taxonomy":"post_tag","embeddable":true,"href":"https:\/\/www.tucomarca.com\/wordpress\/segunda\/ca\/wp-json\/wp\/v2\/tags?post=110863"}],"curies":[{"name":"wp","href":"https:\/\/api.w.org\/{rel}","templated":true}]}}