{"id":111422,"date":"2020-08-07T09:05:02","date_gmt":"2020-08-07T07:05:02","guid":{"rendered":"http:\/\/www.tucomarca.com\/wordpress\/segunda\/?p=111422"},"modified":"2020-08-11T13:25:41","modified_gmt":"2020-08-11T11:25:41","slug":"riba-roja-sadhereix-a-la-xarxa-dentitats-locals-que-desenvoluparan-els-objectius-per-al-desenvolupament-sostenible-de-lagenda-2030","status":"publish","type":"post","link":"https:\/\/www.tucomarca.com\/wordpress\/segunda\/ca\/riba-roja-sadhereix-a-la-xarxa-dentitats-locals-que-desenvoluparan-els-objectius-per-al-desenvolupament-sostenible-de-lagenda-2030\/","title":{"rendered":"Riba-roja s&#8217;adhereix a la Xarxa d&#8217;Entitats Locals que desenvoluparan els Objectius per al Desenvolupament Sostenible de l&#8217;Agenda 2030"},"content":{"rendered":"\n<p>El ple de l&#8217;Ajuntament de Riba-roja de T\u00faria ha aprovat la seva adhesi\u00f3 a la Xarxa d&#8217;Entitats Locals per dur a terme els Objectius per al Desenvolupament Sostenible (ODS) inclosos en l&#8217;Agenda 2030. La proposta de l&#8217;equip de govern de l&#8217;PSPV ha comptat amb el suport dels grups pol\u00edtics de el Partit Popular, Ciutadans, Comprom\u00eds, Esquerra Unida i Podem, mentre que Vox va votar en contra. <\/p>\n\n\n\n<p>La proposta ratificada pel m\u00e0xim \u00f2rgan de representaci\u00f3 de Riba-roja compromet a el consistori a treballar en l&#8217;aprovaci\u00f3 d&#8217;un pla d&#8217;actuaci\u00f3 o estrat\u00e8gia local en qu\u00e8 s&#8217;elabori una an\u00e0lisi de situaci\u00f3 i un pla de localitzaci\u00f3 i implementaci\u00f3 dels ODS de la Agenda 2030 i a el compliment amb les obligacions i exercir els drets que s&#8217;estableixin en les normes de funcionament de la xarxa. <\/p>\n\n\n\n<p>La Xarxa a la qual s&#8217;ha adherit ara el ple municipal de l&#8217;Ajuntament de Riba-roja de T\u00faria est\u00e0 inclosa en la Federaci\u00f3 Espanyola de Municipis i Prov\u00edncies (FEMP) que, al seu torn, est\u00e0 formada pels governs locals que es comprometen a localitzar i implementar els Objectius per al Desenvolupament Sostenible de l&#8217;Agenda 2030 de forma transversal en les pol\u00edtiques p\u00fabliques municipals.<\/p>\n\n\n\n<p> Aquesta xarxa a la qual s&#8217;ha sumat el consistori \u00e9s un instrument que ofereix pautes als governs per assolir els seus ODS, amb informaci\u00f3 i propostes d&#8217;actuaci\u00f3 que permetin, a el temps, fer front a la crisi provocada pel Covid-19 i que t\u00e9 un objectiu principal entre les premisses incloses, a el mateix temps, a l&#8217;Agenda 2030 com \u00e9s no deixar ning\u00fa enrere. <\/p>\n\n\n\n<p>A partir d&#8217;aquesta adhesi\u00f3, el govern local ha de determinar un conjunt d&#8217;actuacions que, posteriorment, s&#8217;incorporaran a un Pla d&#8217;Actuaci\u00f3 o Estrat\u00e8gia Local que inclogui una an\u00e0lisi de situaci\u00f3 i un pla de localitzaci\u00f3 i implementaci\u00f3 dels ODS de l&#8217;Agenda 2030. a m\u00e9s, s&#8217;iniciar\u00e0 un proc\u00e9s d&#8217;informaci\u00f3 i sensibilitzaci\u00f3 per a la participaci\u00f3 de tots els agents locals, econ\u00f2mics i les organitzacions ciutadanes representades en la vida municipal, pr\u00e8via a la seva posada en marxa per part de l&#8217;ajuntament. <\/p>\n\n\n\n<p>L&#8217;alcalde de Riba-roja de T\u00faria, Robert Raga, ha subratllat la import\u00e0ncia d&#8217;aquesta adhesi\u00f3 d&#8217;ple municipal &#8220;ja que ens permetr\u00e0 tenir acc\u00e9s a tota la feina que es realitza en totes les administracions locals per la consecuci\u00f3 d&#8217;una societat m\u00e9s sostenible a trav\u00e9s de projectes i iniciatives respectuoses amb el nostre medi ambient que, a el mateix temps, assegurin un futur millor per a tots &#8220;.<\/p>\n","protected":false},"excerpt":{"rendered":"<div class=\"mh-excerpt\">El ple de l&#8217;Ajuntament de Riba-roja de T\u00faria ha aprovat la seva adhesi\u00f3 a la Xarxa d&#8217;Entitats Locals per dur a terme els Objectius per al Desenvolupament Sostenible (ODS) inclosos en l&#8217;Agenda 2030. La proposta <a class=\"mh-excerpt-more\" href=\"https:\/\/www.tucomarca.com\/wordpress\/segunda\/ca\/riba-roja-sadhereix-a-la-xarxa-dentitats-locals-que-desenvoluparan-els-objectius-per-al-desenvolupament-sostenible-de-lagenda-2030\/\" title=\"Riba-roja s&#8217;adhereix a la Xarxa d&#8217;Entitats Locals que desenvoluparan els Objectius per al Desenvolupament Sostenible de l&#8217;Agenda 2030\">[+] <\/a><\/div>\n","protected":false},"author":1,"featured_media":111420,"comment_status":"open","ping_status":"open","sticky":false,"template":"","format":"standard","meta":{"footnotes":""},"categories":[10892,12202,10948,10894,10903,10947,10906,10896],"tags":[10395,1504],"class_list":{"0":"post-111422","1":"post","2":"type-post","3":"status-publish","4":"format-standard","5":"has-post-thumbnail","7":"category-camp-de-turia-ca","8":"category-covid-19-ca","9":"category-infraestructuras-ca","10":"category-la-comarca-ca","11":"category-medio-ambiente-la-comarca-ca","12":"category-politica","13":"category-riba-roja-ca","14":"category-seccion-ca","15":"tag-camp-de-turia","16":"tag-riba-roja-2"},"_links":{"self":[{"href":"https:\/\/www.tucomarca.com\/wordpress\/segunda\/ca\/wp-json\/wp\/v2\/posts\/111422","targetHints":{"allow":["GET"]}}],"collection":[{"href":"https:\/\/www.tucomarca.com\/wordpress\/segunda\/ca\/wp-json\/wp\/v2\/posts"}],"about":[{"href":"https:\/\/www.tucomarca.com\/wordpress\/segunda\/ca\/wp-json\/wp\/v2\/types\/post"}],"author":[{"embeddable":true,"href":"https:\/\/www.tucomarca.com\/wordpress\/segunda\/ca\/wp-json\/wp\/v2\/users\/1"}],"replies":[{"embeddable":true,"href":"https:\/\/www.tucomarca.com\/wordpress\/segunda\/ca\/wp-json\/wp\/v2\/comments?post=111422"}],"version-history":[{"count":0,"href":"https:\/\/www.tucomarca.com\/wordpress\/segunda\/ca\/wp-json\/wp\/v2\/posts\/111422\/revisions"}],"wp:featuredmedia":[{"embeddable":true,"href":"https:\/\/www.tucomarca.com\/wordpress\/segunda\/ca\/wp-json\/wp\/v2\/media\/111420"}],"wp:attachment":[{"href":"https:\/\/www.tucomarca.com\/wordpress\/segunda\/ca\/wp-json\/wp\/v2\/media?parent=111422"}],"wp:term":[{"taxonomy":"category","embeddable":true,"href":"https:\/\/www.tucomarca.com\/wordpress\/segunda\/ca\/wp-json\/wp\/v2\/categories?post=111422"},{"taxonomy":"post_tag","embeddable":true,"href":"https:\/\/www.tucomarca.com\/wordpress\/segunda\/ca\/wp-json\/wp\/v2\/tags?post=111422"}],"curies":[{"name":"wp","href":"https:\/\/api.w.org\/{rel}","templated":true}]}}