{"id":111439,"date":"2020-08-07T09:00:21","date_gmt":"2020-08-07T07:00:21","guid":{"rendered":"http:\/\/www.tucomarca.com\/wordpress\/segunda\/?p=111439"},"modified":"2020-08-07T09:45:07","modified_gmt":"2020-08-07T07:45:07","slug":"sanitat-confirma-altres-177-nous-contagis-i-18-brots-de-coronavirus-a-la-comunitat-valenciana","status":"publish","type":"post","link":"https:\/\/www.tucomarca.com\/wordpress\/segunda\/ca\/sanitat-confirma-altres-177-nous-contagis-i-18-brots-de-coronavirus-a-la-comunitat-valenciana\/","title":{"rendered":"Sanitat confirma altres 177 nous contagis i 18 brots de coronavirus a la Comunitat Valenciana"},"content":{"rendered":"\n<p>La consellera de Sanitat Universal i Salut P\u00fablica, Ana Barcel\u00f3, ha comparegut aquest dijous en roda de premsa per explicar les \u00faltimes dades de la incid\u00e8ncia de coronavirus a la Comunitat Valenciana.<\/p>\n\n\n\n<p>Barcel\u00f3 ha anunciat que s&#8217;han adoptat una s\u00e8rie de mesures per a aquelles resid\u00e8ncies de gent gran que es troben en departaments de salut o municipis en qu\u00e8 la pand\u00e8mia t\u00e9 una major incid\u00e8ncia. D&#8217;aquesta manera, es limitaran les visites i les sortides, una decisi\u00f3 que &#8220;estar\u00e0 sempre justificada mitjan\u00e7ant un informe epidemiol\u00f2gic i s&#8217;aprovar\u00e0 una resoluci\u00f3 en cada un dels centres on l&#8217;estudi indiqui que cal suspendre aquestes visites&#8221;.<\/p>\n\n\n\n<p>A el mateix temps, la consellera ha volgut alertar que s&#8217;han multiplicat els casos de coronavirus relacionats amb reunions familiars i d&#8217;amics. El 47,9% dels brots s&#8217;ha originat en l&#8217;\u00e0mbit social, seguit pels associats a espais d&#8217;oci (15,5%) i els associats amb l&#8217;\u00e0mbit laboral (15,5%). En aquesta l\u00ednia, Barcel\u00f3 ha destacat que el major nombre de casos pertanyents a brots se situa a la franja d&#8217;edat d&#8217;entre 15 i 34 anys (54,4%), seguit de el grup d&#8217;edat de 35 a 64 anys (29,5 %).<\/p>\n\n\n\n<p>D&#8217;altra banda, Ana Barcel\u00f3 ha assenyalat que, pel que fa a les dades de l&#8217;\u00faltim mes, el 37,7% dels casos correspon a persones asimptom\u00e0tiques, &#8220;el que demostra que tant el rastreig de contactes com el seguiment de brots i de casos positius estan donant els seus fruits &#8220;.<\/p>\n\n\n\n<p>A m\u00e9s, la consellera ha informat que la franja d&#8217;edat d&#8217;entre 20 a 29 anys ha estat la que ha registrat un major nombre de positius, el que ha provocat tamb\u00e9 que els casos no siguin de tanta gravetat, ja que els joves presenten quadres m\u00e9s lleus perqu\u00e8, encara que hi ha excepcions, no solen presentar patologies pr\u00e8vies que puguin agreujar el seu estat de salut. Tot i aix\u00ed, un 6,1% dels contagiats d&#8217;entre 20 i 29 anys han estat hospitalitzat i un 037% ha hagut de ser traslladats a UCI. No obstant aix\u00f2, el major percentatge de, ingressos hospitalaris segueix produint-se entre els majors de 70 anys. &#8220;Per aix\u00f2 -ha assenyalat Barcel\u00f3- vull fer una crida a la cautela ia la prud\u00e8ncia, especialment en el segment de la poblaci\u00f3 jove, ja que \u00e9s precisament aquest sector de la poblaci\u00f3 el que s&#8217;ha convertit en el principal transmissor dels nous casos &#8220;.<\/p>\n\n\n\n<p>Sanitat demana la col\u00b7laboraci\u00f3 dels ajuntaments<\/p>\n\n\n\n<p>La Conselleria de Sanitat s&#8217;ha dirigit als ajuntaments de la Comunitat Vaelnciana per sol\u00b7licitar-los la seva col\u00b7laboraci\u00f3 perqu\u00e8 vigilin molt de prop les reunions familiars i les trobades o esdeveniments populars que es desenvolupin en els seus municipis.<\/p>\n\n\n\n<p>En aquells actes la aflu\u00e8ncia estigui previst que es superi una participaci\u00f3 de 50 persones, l&#8217;autoritzaci\u00f3 estar\u00e0 supeditada a la pr\u00e8via posada en coneixement per part de les persones organitzadores a l&#8217;autoritat municipal. En cas que se superi el nombre de 150 persones, a m\u00e9s ser\u00e0 necess\u00e0ria l&#8217;autoritzaci\u00f3 municipal, que decidir\u00e0 en funci\u00f3 de la situaci\u00f3 epidemiol\u00f2gica de moment. A m\u00e9s, l&#8217;organitzaci\u00f3 ha d&#8217;establir les suficients mesures de seguretat d&#8217;acord amb les especificacions i exig\u00e8ncies t\u00e8cniques. En tots els esdeveniments populars, sigui quina sigui l&#8217;aflu\u00e8ncia prevista, tant en espais a l&#8217;aire lliure com en llocs tancats, s&#8217;establir\u00e0 la delimitaci\u00f3 de l&#8217;espai m\u00e0xim amb un l\u00edmit d&#8217;aforament de l&#8217;75 per cent.<\/p>\n\n\n\n<p>Aix\u00ed mateix, s&#8217;han d&#8217;assenyalar els llocs on poden situar-se les persones participants i els llocs que han de romandre lliures per a assegurar el compliment de la dist\u00e0ncia de seguretat interpersonal d&#8217;un metre i mig, excepte en el cas de convivents. L&#8217;\u00fas de la m\u00e0scara ser\u00e0 obligatori en tot moment i l&#8217;organitzaci\u00f3 facilitar\u00e0 a les persones assistents gels hidroalcoh\u00f2lics desinfectants.<\/p>\n\n\n\n<p>Actualitzaci\u00f3 de la incid\u00e8ncia de l&#8217;coronavirus<\/p>\n\n\n\n<p>La Comunitat Valenciana ha registrat des de l&#8217;actualitzaci\u00f3 d&#8217;aquest dimecres 177 nous casos per prova PCR, que situen la xifra total de positius en 14.452 persones.<\/p>\n\n\n\n<p>Per prov\u00edncies, el nombre de nous casos \u00e9s el seg\u00fcent: 8 a Castell\u00f3 (1.909 en total); 44 a la prov\u00edncia d&#8217;Alacant (4.790 en total); 125 a la prov\u00edncia de Val\u00e8ncia (7.747 en total, ja que s&#8217;han reassignat 5 casos anteriors) als quals cal sumar 6 casos sense assignar.<\/p>\n\n\n\n<p>D&#8217;altra banda, s&#8217;han donat 110 altes a pacients amb coronavirus, de manera que el total de persones curades ascendeix ja a 18.997 persones: 2.713 a Castell\u00f3; 6.291 a Alacant; i 9.975 a Val\u00e8ncia, a m\u00e9s de 18 casos no assignats.<\/p>\n\n\n\n<p>D&#8217;aquesta manera, a hores d&#8217;ara hi ha actius 1.945 casos, fet que suposa un 8,67% de l&#8217;total de positius.<\/p>\n\n\n\n<p>Els hospitals valencians tenen, actualment, 130 persones ingressades: 10 a la prov\u00edncia de Castell\u00f3, sense pacients en UCI; 46 a la prov\u00edncia d&#8217;Alacant, d&#8217;ells 7 a la UCI; i 74 a la prov\u00edncia de Val\u00e8ncia, 5 d&#8217;ells en UCI.<\/p>\n\n\n\n<p>No s&#8217;ha registrat cap mort per coronavirus des de l&#8217;\u00faltima actualitzaci\u00f3, de manera que el total de defuncions es mant\u00e9 en 1.481 persones: 227 a la prov\u00edncia de Castell\u00f3, 516 a la d&#8217;Alacant i 738 a la de Val\u00e8ncia.<\/p>\n\n\n\n<p>El nombre total de proves dutes a terme per a la detecci\u00f3 de l&#8217;coronavirus ascendeix a 621.666, de les quals 486.876 han estat a trav\u00e9s de PCR i 134.790 mitjan\u00e7ant test r\u00e0pid.<\/p>\n\n\n\n<p>Actualitzaci\u00f3 de la situaci\u00f3 en resid\u00e8ncies<\/p>\n\n\n\n<p>En aquests moments hi ha algun cas positiu en 16 resid\u00e8ncies de majors (8 a la prov\u00edncia d&#8217;Alacant i 8 a la prov\u00edncia de Val\u00e8ncia), 2 resid\u00e8ncies de persones amb diversitat funcional a la prov\u00edncia d&#8217;Alacant i 2 centres de menors a la prov\u00edncia de Val\u00e8ncia .<\/p>\n\n\n\n<ul class=\"wp-block-list\"><li>Residents nous positius: 1<\/li><li>Treballadors nous positius: 3<\/li><li>Residents morts: 0<\/li><\/ul>\n\n\n\n<p>A hores d&#8217;ara, es troben sota vigil\u00e0ncia activa de control sanitari nom\u00e9s 2 resid\u00e8ncies a la Comunitat Valenciana: 0 a la prov\u00edncia de Castell\u00f3, 1 a la prov\u00edncia d&#8217;Alacant i 1 a la prov\u00edncia de Val\u00e8ncia.<\/p>\n\n\n\n<p>Actualitzaci\u00f3 brots de coronavirus<\/p>\n\n\n\n<p>Nous brots:<\/p>\n\n\n\n<p>\u00b7 Castalla: 5 casos. \u00e0mbit social<\/p>\n\n\n\n<p>\u00b7 Castell\u00f3 de la Plana: 5 casos. oci<\/p>\n\n\n\n<p>\u00b7 Val\u00e8ncia: 4 casos. \u00e0mbit laboral<\/p>\n\n\n\n<p>\u00b7 Val\u00e8ncia: 3 casos. nosocomial<\/p>\n\n\n\n<p>\u00b7 Val\u00e8ncia: 3 casos. oci<\/p>\n\n\n\n<p>\u00b7 Burjassot: 3 casos. origen social<\/p>\n\n\n\n<p>\u00b7 Val\u00e8ncia: 4 casos. origen social<\/p>\n\n\n\n<p>\u00b7 Val\u00e8ncia: 3 casos. origen social<\/p>\n\n\n\n<p>\u00b7 Mislata: 3 casos. \u00e0mbit laboral<\/p>\n\n\n\n<p>\u00b7 Val\u00e8ncia: 3 casos. origen extracomunitari<\/p>\n\n\n\n<p>\u00b7 Val\u00e8ncia: 3 casos. origen social<\/p>\n\n\n\n<p>\u00b7 Val\u00e8ncia: 3 casos. origen social<\/p>\n\n\n\n<p>\u00b7 Val\u00e8ncia: 3 casos. origen extracomunitari<\/p>\n\n\n\n<p>\u00b7 Val\u00e8ncia: 3 casos. \u00e0mbit laboral<\/p>\n\n\n\n<p>\u00b7 Benidorm: 3 casos. oci<\/p>\n\n\n\n<p>\u00b7 La Vila Joiosa: 3 casos. oci<\/p>\n\n\n\n<p>\u00b7 Burjassot: 6 casos. origen social<\/p>\n\n\n\n<p>\u00b7 Manises: 7 casos. origen social<\/p>\n","protected":false},"excerpt":{"rendered":"<div class=\"mh-excerpt\">La consellera de Sanitat Universal i Salut P\u00fablica, Ana Barcel\u00f3, ha comparegut aquest dijous en roda de premsa per explicar les \u00faltimes dades de la incid\u00e8ncia de coronavirus a la Comunitat Valenciana. Barcel\u00f3 ha anunciat <a class=\"mh-excerpt-more\" href=\"https:\/\/www.tucomarca.com\/wordpress\/segunda\/ca\/sanitat-confirma-altres-177-nous-contagis-i-18-brots-de-coronavirus-a-la-comunitat-valenciana\/\" title=\"Sanitat confirma altres 177 nous contagis i 18 brots de coronavirus a la Comunitat Valenciana\">[+] <\/a><\/div>\n","protected":false},"author":1,"featured_media":111438,"comment_status":"open","ping_status":"open","sticky":false,"template":"","format":"standard","meta":{"footnotes":""},"categories":[11010,12202,10898,10948,10894,10904,10947,10896,10897],"tags":[11939,11940,11952],"class_list":{"0":"post-111439","1":"post","2":"type-post","3":"status-publish","4":"format-standard","5":"has-post-thumbnail","7":"category-canal-salud","8":"category-covid-19-ca","9":"category-ventana-ca","10":"category-infraestructuras-ca","11":"category-la-comarca-ca","12":"category-sin-categorizar-ca","13":"category-politica","14":"category-seccion-ca","15":"category-sucesos-la-comarca-ca","16":"tag-coronavirus-ca","17":"tag-covid-19-ca","18":"tag-covid2019-ca"},"_links":{"self":[{"href":"https:\/\/www.tucomarca.com\/wordpress\/segunda\/ca\/wp-json\/wp\/v2\/posts\/111439","targetHints":{"allow":["GET"]}}],"collection":[{"href":"https:\/\/www.tucomarca.com\/wordpress\/segunda\/ca\/wp-json\/wp\/v2\/posts"}],"about":[{"href":"https:\/\/www.tucomarca.com\/wordpress\/segunda\/ca\/wp-json\/wp\/v2\/types\/post"}],"author":[{"embeddable":true,"href":"https:\/\/www.tucomarca.com\/wordpress\/segunda\/ca\/wp-json\/wp\/v2\/users\/1"}],"replies":[{"embeddable":true,"href":"https:\/\/www.tucomarca.com\/wordpress\/segunda\/ca\/wp-json\/wp\/v2\/comments?post=111439"}],"version-history":[{"count":0,"href":"https:\/\/www.tucomarca.com\/wordpress\/segunda\/ca\/wp-json\/wp\/v2\/posts\/111439\/revisions"}],"wp:featuredmedia":[{"embeddable":true,"href":"https:\/\/www.tucomarca.com\/wordpress\/segunda\/ca\/wp-json\/wp\/v2\/media\/111438"}],"wp:attachment":[{"href":"https:\/\/www.tucomarca.com\/wordpress\/segunda\/ca\/wp-json\/wp\/v2\/media?parent=111439"}],"wp:term":[{"taxonomy":"category","embeddable":true,"href":"https:\/\/www.tucomarca.com\/wordpress\/segunda\/ca\/wp-json\/wp\/v2\/categories?post=111439"},{"taxonomy":"post_tag","embeddable":true,"href":"https:\/\/www.tucomarca.com\/wordpress\/segunda\/ca\/wp-json\/wp\/v2\/tags?post=111439"}],"curies":[{"name":"wp","href":"https:\/\/api.w.org\/{rel}","templated":true}]}}