{"id":111485,"date":"2020-08-07T10:13:55","date_gmt":"2020-08-07T08:13:55","guid":{"rendered":"http:\/\/www.tucomarca.com\/wordpress\/segunda\/?p=111485"},"modified":"2020-08-11T13:39:08","modified_gmt":"2020-08-11T11:39:08","slug":"plataforma-de-bunyol-per-la-iii-republica","status":"publish","type":"post","link":"https:\/\/www.tucomarca.com\/wordpress\/segunda\/ca\/plataforma-de-bunyol-per-la-iii-republica\/","title":{"rendered":"La Plataforma de Bunyol per la III Rep\u00fablica intensifica les seues accions"},"content":{"rendered":"\n<p>Aquest dijous es va reunir de nou la Plataforma de Bunyol per la III Rep\u00fablica per &#8220;analitzar i decidir accions davant els lamentables esdeveniments que ve protagonitzant la Monarquia Espanyola, en concret l&#8217;anterior cap de l&#8217;Estat no elegit Joan Carles de Borb\u00f3 per les seves greus afers de corrupci\u00f3 econ\u00f2mica que estan sent revelats per la fiscalia su\u00efssa a trav\u00e9s dels mitjans de comunicaci\u00f3 i que han obligat a monarca presumptament corrupte a fugir d&#8217;Espanya per intentar protegir-se de possibles acusacions judicials que el Tribunal Suprem est\u00e0 investigant&#8221;. <\/p>\n\n\n\n<p>&#8220;L&#8217;anterior cap de l&#8217;Estat no elegit surt de pa\u00eds sense renunciar a seguir portant el t\u00edtol de rei em\u00e8rit, sense renunciar a seguir pertanyent a la fam\u00edlia reial sense que el seu fill Felip, actual cap no elegit de l&#8217;Estat li hagi tret cap dels seus immerescuts privilegis , sense renunciar al seu aforament per estar m\u00e9s protegit davant la just\u00edcia. Joan Carles de Borb\u00f3 ha abandonat el pa\u00eds amb nocturnitat i tra\u00efdoria sense voler donar explicacions a &#8220;la seva estimada Espanya&#8221; dels seus presumptes tripijocs econ\u00f2mics en benefici propi, sense voler revelar el seu parador i sense que el Parlament, seu de la sobirania nacional pugui citar-lo per que aclareixi els molts dubtes d&#8217;honestedat que recauen sobre ell. El paper de l&#8217;actual monarca titular Felip VI, d&#8217;una part de el govern central i dels partits mon\u00e0rquics PP amb les seves filials CS i Vox, per\u00f2 tamb\u00e9 el PSOE intenten tapar la pudor insuportable a corrupci\u00f3 que taca la dignitat de la poblaci\u00f3 i les nacionalitats i territoris aut\u00f2noms que integren el nostre pa\u00eds. Aquest grup mon\u00e0rquic encap\u00e7alat pel seu cap el rei hereu estan intentant blanquejar la imatge de la Monarquia a trav\u00e9s dels mitjans de comunicaci\u00f3, principalment la televisi\u00f3 p\u00fablica RTVE que llancen missatges parcials intentant conv\u00e8ncer la poblaci\u00f3 de el paper positiu de la Monarquia a Espanya, per\u00f2 tamb\u00e9 a trav\u00e9s de l&#8217;silenci i de l&#8217;opacitat del que est\u00e0 passant. Una Monarquia que es diu Parlament\u00e0ria per\u00f2 que nega a el Parlament que s&#8217;investigui els presumptes esc\u00e0ndols de la casa reial, a trav\u00e9s dels vots en contra del PP, PSOE, Cs i VOX, l&#8217;escut mon\u00e0rquic malgrat les vergonyoses evid\u00e8ncies de corrupci\u00f3 que es van coneixent&#8221;, segons la plataforma.<\/p>\n\n\n\n<p>La Plataforma de Bunyol per la III Rep\u00fablica acorda les seg\u00fcents mesures &#8220;per cridar a la poblaci\u00f3 a qu\u00e8 protagonitzi el fre a est\u00e0 descomposici\u00f3 de el r\u00e8gim Mon\u00e0rquic decadent i reclami amb for\u00e7a un Refer\u00e8ndum on el poble decideixi i esculli democr\u00e0ticament entre Monarquia o Rep\u00fablica&#8221;, segons la plataforma.<\/p>\n\n\n\n<p>&#8220;Llamamos a totes les ve\u00efnes i ve\u00efns de Bunyol que disposin de la bandera de la Rep\u00fablica a penjar als balcons en senyal de rebuig a la Monarquia espanyola per la seva presumpta implicaci\u00f3 en fets de corrupci\u00f3 nacional i internacional, per\u00f2 tamb\u00e9 com a rebuig de la ciutadania a seguir tenint a un cap de l&#8217;Estat que ning\u00fa pot triar i que se succeeixen per un dret hereditari que est\u00e0 fora de tota normalitat democr\u00e0tica. Pengem del nostre balc\u00f3 la bandera de la Rep\u00fablica tamb\u00e9 com a s\u00edmbol d&#8217;esperan\u00e7a per a un futur proper millor a la III Rep\u00fablica, c\u00edvica, plenament democr\u00e0tica, social i solid\u00e0ria&#8221;, han finalitzat.<\/p>\n","protected":false},"excerpt":{"rendered":"<div class=\"mh-excerpt\">Aquest dijous es va reunir de nou la Plataforma de Bunyol per la III Rep\u00fablica per &#8220;analitzar i decidir accions davant els lamentables esdeveniments que ve protagonitzant la Monarquia Espanyola, en concret l&#8217;anterior cap de <a class=\"mh-excerpt-more\" href=\"https:\/\/www.tucomarca.com\/wordpress\/segunda\/ca\/plataforma-de-bunyol-per-la-iii-republica\/\" title=\"La Plataforma de Bunyol per la III Rep\u00fablica intensifica les seues accions\">[+] <\/a><\/div>\n","protected":false},"author":1,"featured_media":84583,"comment_status":"open","ping_status":"open","sticky":false,"template":"","format":"standard","meta":{"footnotes":""},"categories":[10911,10912,10947,10896],"tags":[10385,5952],"class_list":{"0":"post-111485","1":"post","2":"type-post","3":"status-publish","4":"format-standard","5":"has-post-thumbnail","7":"category-bunol-ca","8":"category-la-hoya-ca","9":"category-politica","10":"category-seccion-ca","11":"tag-bunol","12":"tag-la-hoya-de-bunol-chiva"},"_links":{"self":[{"href":"https:\/\/www.tucomarca.com\/wordpress\/segunda\/ca\/wp-json\/wp\/v2\/posts\/111485","targetHints":{"allow":["GET"]}}],"collection":[{"href":"https:\/\/www.tucomarca.com\/wordpress\/segunda\/ca\/wp-json\/wp\/v2\/posts"}],"about":[{"href":"https:\/\/www.tucomarca.com\/wordpress\/segunda\/ca\/wp-json\/wp\/v2\/types\/post"}],"author":[{"embeddable":true,"href":"https:\/\/www.tucomarca.com\/wordpress\/segunda\/ca\/wp-json\/wp\/v2\/users\/1"}],"replies":[{"embeddable":true,"href":"https:\/\/www.tucomarca.com\/wordpress\/segunda\/ca\/wp-json\/wp\/v2\/comments?post=111485"}],"version-history":[{"count":0,"href":"https:\/\/www.tucomarca.com\/wordpress\/segunda\/ca\/wp-json\/wp\/v2\/posts\/111485\/revisions"}],"wp:featuredmedia":[{"embeddable":true,"href":"https:\/\/www.tucomarca.com\/wordpress\/segunda\/ca\/wp-json\/wp\/v2\/media\/84583"}],"wp:attachment":[{"href":"https:\/\/www.tucomarca.com\/wordpress\/segunda\/ca\/wp-json\/wp\/v2\/media?parent=111485"}],"wp:term":[{"taxonomy":"category","embeddable":true,"href":"https:\/\/www.tucomarca.com\/wordpress\/segunda\/ca\/wp-json\/wp\/v2\/categories?post=111485"},{"taxonomy":"post_tag","embeddable":true,"href":"https:\/\/www.tucomarca.com\/wordpress\/segunda\/ca\/wp-json\/wp\/v2\/tags?post=111485"}],"curies":[{"name":"wp","href":"https:\/\/api.w.org\/{rel}","templated":true}]}}