{"id":111512,"date":"2020-08-10T10:01:27","date_gmt":"2020-08-10T08:01:27","guid":{"rendered":"http:\/\/www.tucomarca.com\/wordpress\/segunda\/?p=111512"},"modified":"2020-08-11T14:14:50","modified_gmt":"2020-08-11T12:14:50","slug":"exilli-illustrat-una-exposicio-per-a-educar-en-valors-a-alboraig","status":"publish","type":"post","link":"https:\/\/www.tucomarca.com\/wordpress\/segunda\/ca\/exilli-illustrat-una-exposicio-per-a-educar-en-valors-a-alboraig\/","title":{"rendered":"&#8220;Exil\u00b7li Il\u00b7lustrat&#8221;, una exposici\u00f3 per a educar en valors, a Alboraig"},"content":{"rendered":"\n<p><strong>L&#8217;exposici\u00f3, emmarcada en la programaci\u00f3 #VeraneoEnAlborache, estar\u00e0 de l&#8217;11 al 19 d&#8217;agost en el bar de la SIM La Primitiva d&#8217;Alborache<\/strong><\/p>\n\n\n\n<p>Alborache acull de l&#8217;11 a el 19 d&#8217;agost l&#8217;exposici\u00f3 itinerant Exil\u00b7li il\u00b7lustrat, de el programa <em>M&#8217;importa<\/em>. <em>Educaci\u00f3 en valors<\/em> de l&#8217;IVAJ. L&#8217;exposici\u00f3 estar\u00e0 ubicada al bar de la Societat Musical.<\/p>\n\n\n\n<p>Exil\u00b7li il\u00b7lustrat \u00e9s una galeria d&#8217;il\u00b7lustracions de 36 persones que van haver de marxar a l&#8217;exili, en representaci\u00f3 de les m\u00e9s de 500.000 que van haver de marxar d&#8217;Espanya despr\u00e9s de la Guerra Civil.<\/p>\n\n\n\n<p>Les peces han estat realitzades per il\u00b7lustradors i il\u00b7lustradores de diferents estils, com una forma m\u00e9s de connectar amb les generacions m\u00e9s joves i transmetre els valors de la mem\u00f2ria democr\u00e0tica i les conseq\u00fc\u00e8ncies dels conflictes armats en la vida de les persones.<\/p>\n\n\n\n<p>L&#8217;exposici\u00f3, que es podr\u00e0 visitar de 20:00 a 21:30 al bar de la Societat Musical, convida a reflexionar sobre la intoler\u00e0ncia i sobre les situacions que empenyen a les persones a fugir del seu pa\u00eds per salvar les seues vides.<\/p>\n\n\n\n<p>El regidor de Joventut, Jordi Manrique, destaca la import\u00e0ncia d&#8217; &#8220;utilitzar elements propers als i les joves, com la il\u00b7lustraci\u00f3, per explicar-los hist\u00f2ries que els facen reflexionar sobre l&#8217;impacte de la intoler\u00e0ncia en la vida de les persones. Lamentablement, encara hui dia, milers de persones han de exiliar-se a tot el m\u00f3n, i no podem oblidar-nos d&#8217;elles &#8220;.<\/p>\n","protected":false},"excerpt":{"rendered":"<div class=\"mh-excerpt\">L&#8217;exposici\u00f3, emmarcada en la programaci\u00f3 #VeraneoEnAlborache, estar\u00e0 de l&#8217;11 al 19 d&#8217;agost en el bar de la SIM La Primitiva d&#8217;Alborache Alborache acull de l&#8217;11 a el 19 d&#8217;agost l&#8217;exposici\u00f3 itinerant Exil\u00b7li il\u00b7lustrat, de el <a class=\"mh-excerpt-more\" href=\"https:\/\/www.tucomarca.com\/wordpress\/segunda\/ca\/exilli-illustrat-una-exposicio-per-a-educar-en-valors-a-alboraig\/\" title=\"&#8220;Exil\u00b7li Il\u00b7lustrat&#8221;, una exposici\u00f3 per a educar en valors, a Alboraig\">[+] <\/a><\/div>\n","protected":false},"author":12,"featured_media":111511,"comment_status":"open","ping_status":"open","sticky":false,"template":"","format":"standard","meta":{"footnotes":""},"categories":[11019,10973,10912,11007,11063,10896],"tags":[10755,11308,507,11726,5952,10914],"class_list":{"0":"post-111512","1":"post","2":"type-post","3":"status-publish","4":"format-standard","5":"has-post-thumbnail","7":"category-agenda-ca","8":"category-alborache-ca","9":"category-la-hoya-ca","10":"category-ocio-y-cultura-ca","11":"category-pintura-ca","12":"category-seccion-ca","13":"tag-ayuntamiento-de-alborache","14":"tag-ayuntamiento-de-alborache-ca","15":"tag-ivaj","16":"tag-ivaj-ca","17":"tag-la-hoya-de-bunol-chiva","18":"tag-la-hoya-de-bunol-chiva-ca"},"_links":{"self":[{"href":"https:\/\/www.tucomarca.com\/wordpress\/segunda\/ca\/wp-json\/wp\/v2\/posts\/111512","targetHints":{"allow":["GET"]}}],"collection":[{"href":"https:\/\/www.tucomarca.com\/wordpress\/segunda\/ca\/wp-json\/wp\/v2\/posts"}],"about":[{"href":"https:\/\/www.tucomarca.com\/wordpress\/segunda\/ca\/wp-json\/wp\/v2\/types\/post"}],"author":[{"embeddable":true,"href":"https:\/\/www.tucomarca.com\/wordpress\/segunda\/ca\/wp-json\/wp\/v2\/users\/12"}],"replies":[{"embeddable":true,"href":"https:\/\/www.tucomarca.com\/wordpress\/segunda\/ca\/wp-json\/wp\/v2\/comments?post=111512"}],"version-history":[{"count":0,"href":"https:\/\/www.tucomarca.com\/wordpress\/segunda\/ca\/wp-json\/wp\/v2\/posts\/111512\/revisions"}],"wp:featuredmedia":[{"embeddable":true,"href":"https:\/\/www.tucomarca.com\/wordpress\/segunda\/ca\/wp-json\/wp\/v2\/media\/111511"}],"wp:attachment":[{"href":"https:\/\/www.tucomarca.com\/wordpress\/segunda\/ca\/wp-json\/wp\/v2\/media?parent=111512"}],"wp:term":[{"taxonomy":"category","embeddable":true,"href":"https:\/\/www.tucomarca.com\/wordpress\/segunda\/ca\/wp-json\/wp\/v2\/categories?post=111512"},{"taxonomy":"post_tag","embeddable":true,"href":"https:\/\/www.tucomarca.com\/wordpress\/segunda\/ca\/wp-json\/wp\/v2\/tags?post=111512"}],"curies":[{"name":"wp","href":"https:\/\/api.w.org\/{rel}","templated":true}]}}