{"id":111541,"date":"2020-08-11T20:21:45","date_gmt":"2020-08-11T18:21:45","guid":{"rendered":"http:\/\/www.tucomarca.com\/wordpress\/segunda\/?p=111541"},"modified":"2020-08-11T20:21:47","modified_gmt":"2020-08-11T18:21:47","slug":"opinio-lucas-ferrando-a-proposit-de-la-situacio-sanitaria-i-el-covid-19-en-la-foia-de-bunyol","status":"publish","type":"post","link":"https:\/\/www.tucomarca.com\/wordpress\/segunda\/ca\/opinio-lucas-ferrando-a-proposit-de-la-situacio-sanitaria-i-el-covid-19-en-la-foia-de-bunyol\/","title":{"rendered":"Opini\u00f3: Lucas Ferrando: &#8220;A prop\u00f2sit de la situaci\u00f3 sanit\u00e0ria i el Covid-19 en La Foia de Bunyol&#8221;"},"content":{"rendered":"\n<p>Ja fa poc m\u00e9s de cinc mesos que la poblaci\u00f3 mundial est\u00e0 patint els efectes d&#8217;una pand\u00e8mia sense precedents. I tota la comunitat cient\u00edfica mundial est\u00e0 treballant sense descans per trobar un tractament i una vacuna efica\u00e7 al virus COVID-19.<\/p>\n\n\n\n<p>Cap pa\u00eds de m\u00f3n, ni territori, ni rac\u00f3 de planeta ha quedat al marge dels efectes d&#8217;aquest virus. Tampoc ho ha estat la nostra comarca, La Foia. No hem estat de les comarques m\u00e9s afectades per la pand\u00e8mia en el conjunt de la nostra prov\u00edncia per\u00f2 \u00e9s cert que hem tingut i tenim diversos casos de persones contagiades.<\/p>\n\n\n\n<p>Per\u00f2 malgrat tot la poblaci\u00f3 de la nostra comarca ha demostrat un comportament i una responsabilitat exemplar durant els mesos que vam estar sota l&#8217;estat d&#8217;alarma i el confinament. En aquells mesos que van ser molt durs, va caldre prendre decisions dif\u00edcils d&#8217;explicar a les ciutadania, com identificar que eren serveis m\u00ednims, el tancament d&#8217;alguns centres de salut, limitar la circulaci\u00f3 de persones, etc. No van ser decisions f\u00e0cils per\u00f2 eren mesures recomanades per les autoritats sanit\u00e0ries i gr\u00e0cies a aquestes mesures es va aconseguir frenar l&#8217;expansi\u00f3 del virus.<\/p>\n\n\n\n<p>El comportament de la gran majoria dels nostres ve\u00efns va ser exemplar i des d&#8217;aquestes l\u00ednies cal agrair l&#8217;esfor\u00e7 que es va fer malgrat totes les dificultats.<\/p>\n\n\n\n<p>Despr\u00e9s de l&#8217;al\u00e7ament de l&#8217;estat d&#8217;alarma, vam comen\u00e7ar a recuperar l&#8217;activitat amb la &#8220;normalitat&#8221; que la situaci\u00f3 ha perm\u00e8s. La nova normalitat ens ha portat una relaxaci\u00f3 en l&#8217;aplicaci\u00f3 de mesures que van ser positives durant els mesos de confinament com utilitzar mascaretes, evitar aglomeracions de persones, mantenir una higiene de mans freq\u00fcent, etc. El resultat d&#8217;aquesta relaxaci\u00f3, ha estat un creixement dels contagis i un enorme risc d&#8217;expansi\u00f3 de la pand\u00e8mia. El virus segueix entre nosaltres i encara no hi ha una eina efica\u00e7 per combatre-ho.<\/p>\n\n\n\n<p>No obstant aix\u00f2 hi ha els qui estan utilitzant aquesta situaci\u00f3, que afecta la salut ia la vida de les persones, per sembrar disc\u00f2rdia, enfrontament, intoler\u00e0ncia i en definitiva per debilitar els governants m\u00e9s propers, alcaldes, alcaldesses, regidors, segurament amb l&#8217;objectiu de obtenir rendiments pol\u00edtics. Aquesta \u00e9s una actitud molt miserable. La irresponsabilitat i les mentides abocades en aquesta pand\u00e8mia, que no sanit\u00e0ria, sin\u00f3 pol\u00edtica no t\u00e9 l\u00edmits.<\/p>\n\n\n\n<p>La nostra comarca territorialment engloba deu municipis i pertany a tres \u00e0rees de salut diferents, pertanyem a l&#8217;\u00e0rea de salut de Requena (Set Aig\u00fces), Monserrat-Torrent (Millars i Dos Aig\u00fces) i Hospital General, i majorit\u00e0riament a la zona de l&#8217;Hospital de Manises, la resta de municipis. Tothom sap que la gesti\u00f3 de l&#8217;Hospital de Manises \u00e9s PRIVADA, en una concessi\u00f3 que va fer el Partit Popular i que acaba en 2023. Cal ser molt hip\u00f2crita per no dir la veritat, el Partit Popular va vendre la sanitat de la nostra comarca.<\/p>\n\n\n\n<p>Els centres de salut d&#8217;alguns dels nostres municipis van ser tancats durant l&#8217;estat d&#8217;alarma per protegir la salut dels usuaris i de el personal sanitari. No hi ha una altra ra\u00f3. Com tothom coneix, molts dels nostres sanitaris es van encomanar i fins i tot alguns d&#8217;ells van deixar la seva vida ajudant els altres. D&#8217;altra banda un alt percentatge d&#8217;usuaris de centres de salut, \u00e9s personal major de seixanta anys, personal catalogat de com de risc per l&#8217;autoritat sanit\u00e0ria. Per aquesta ra\u00f3 es van establir els mecanismes d&#8217;atenci\u00f3 a usuaris per tel\u00e8fon, de la millor manera possible per evitar contagis i impedir que els ambulatoris es convertissin possibles focus de contagi.<\/p>\n\n\n\n<p>Ara despr\u00e9s de m\u00e9s d&#8217;un mes de la supressi\u00f3 de l&#8217;estat d&#8217;alarma, i gr\u00e0cies a totes les gestions fetes pels nostres alcaldes i alcaldesses, es va recuperant l&#8217;atenci\u00f3 sanit\u00e0ria en els nostres ambulatoris. En aquest moment no \u00e9s possible tenir una atenci\u00f3 com ten\u00edem abans de la pand\u00e8mia perqu\u00e8 protegir la salut de la gent segueix sent el prioritari.<\/p>\n\n\n\n<p>L&#8217;actitud d&#8217;alguns responsables pol\u00edtics i alguna organitzaci\u00f3 que al seu dia no van tenir inconvenient en qu\u00e8 la sanitat de la nostra comarca es convert\u00eds en un negoci \u00e9s intolerable. Fomentar l&#8217;insult i injuriar a les persones que democr\u00e0ticament van ser triades per representar als ciutadans \u00e9s un acte de covardia, a falta d&#8217;arguments seriosos i responsables en una situaci\u00f3 que ens afecta a tots, ja que el virus no ent\u00e9n d&#8217;ideologies.<\/p>\n\n\n\n<p>Durant tot aquest temps s&#8217;han mantingut nombrosos contactes amb personal de Conselleria de Sanitat i amb responsables de l&#8217;\u00e0rea de Salut majorit\u00e0ria de la comarca. L&#8217;atenci\u00f3 en centres de salut municipals ha funcionat amb regularitat i amb la &#8220;normalitat&#8221; que la pand\u00e8mia ha perm\u00e8s. En alguns municipis des de fa pocs dies s&#8217;estan implementant mesures d&#8217;obertura progressiva que dependran l\u00f2gicament de l&#8217;evoluci\u00f3 de la pand\u00e8mia.<\/p>\n\n\n\n<p>Hi ha municipis que ja estan oberts durant quatre hores a el dia, altres en qu\u00e8 es tornaran a reprendre els serveis d&#8217;infermeria, fins i tot per a aquells pacients cr\u00f2nics el metge haur\u00e0 de visitar al domicili, i es refor\u00e7ar\u00e0 l&#8217;atenci\u00f3 telef\u00f2nica.<\/p>\n\n\n\n<p>Per\u00f2 en qualsevol cas hem de ser els ciutadans els que ens responsabilitzem de la nostra salut, d&#8217;utilitzar tots els mitjans al nostre abast per cuidar-nos, perqu\u00e8 cuidant-nos nosaltres tenim cura tamb\u00e9 als altres.<\/p>\n\n\n\n<p>Ara toca frenar de nou els rebrots de virus, adoptar actituds responsables per part dels l\u00edders pol\u00edtics i posar en marxa mesures econ\u00f2miques que ajudin a la reconstrucci\u00f3 de les nostres economies. Mesures que han de sorgir de l&#8217;acord de totes les forces pol\u00edtiques, empresarials i sindicals com s&#8217;ha fet en CCAA, en diputacions, en molts ajuntament d&#8217;Espanya i en algun de la nostra comarca.<\/p>\n\n\n\n<p>No hi haur\u00e0 soluci\u00f3 a el problema sin\u00f3 \u00e9s amb responsabilitat de tots, cadasc\u00fa des del seu lloc, des del seu \u00e0rea de treball o de gesti\u00f3, per\u00f2 tots en una direcci\u00f3, el cam\u00ed de l&#8217;enfrontament gratu\u00eft entre ve\u00efns no va a portar-nos cap soluci\u00f3.<\/p>\n\n\n\n<p><em>Lucas Ferrando, Secretari General del PSPV-PSOE Foia de Bunyol-Xiva<\/em><\/p>\n","protected":false},"excerpt":{"rendered":"<div class=\"mh-excerpt\">Ja fa poc m\u00e9s de cinc mesos que la poblaci\u00f3 mundial est\u00e0 patint els efectes d&#8217;una pand\u00e8mia sense precedents. I tota la comunitat cient\u00edfica mundial est\u00e0 treballant sense descans per trobar un tractament i una <a class=\"mh-excerpt-more\" href=\"https:\/\/www.tucomarca.com\/wordpress\/segunda\/ca\/opinio-lucas-ferrando-a-proposit-de-la-situacio-sanitaria-i-el-covid-19-en-la-foia-de-bunyol\/\" title=\"Opini\u00f3: Lucas Ferrando: &#8220;A prop\u00f2sit de la situaci\u00f3 sanit\u00e0ria i el Covid-19 en La Foia de Bunyol&#8221;\">[+] <\/a><\/div>\n","protected":false},"author":12,"featured_media":111591,"comment_status":"open","ping_status":"open","sticky":false,"template":"","format":"standard","meta":{"footnotes":""},"categories":[11010,12202,10948,10894,10912,11020,11021,10947,10896],"tags":[11937,11938,5952,12260],"class_list":{"0":"post-111541","1":"post","2":"type-post","3":"status-publish","4":"format-standard","5":"has-post-thumbnail","7":"category-canal-salud","8":"category-covid-19-ca","9":"category-infraestructuras-ca","10":"category-la-comarca-ca","11":"category-la-hoya-ca","12":"category-opinion-ca","13":"category-opinion-ca-2","14":"category-politica","15":"category-seccion-ca","16":"tag-coronavirus","17":"tag-covid-19","18":"tag-la-hoya-de-bunol-chiva","19":"tag-pspv-psoe-comarca-hoya-de-bunol-chiva"},"_links":{"self":[{"href":"https:\/\/www.tucomarca.com\/wordpress\/segunda\/ca\/wp-json\/wp\/v2\/posts\/111541","targetHints":{"allow":["GET"]}}],"collection":[{"href":"https:\/\/www.tucomarca.com\/wordpress\/segunda\/ca\/wp-json\/wp\/v2\/posts"}],"about":[{"href":"https:\/\/www.tucomarca.com\/wordpress\/segunda\/ca\/wp-json\/wp\/v2\/types\/post"}],"author":[{"embeddable":true,"href":"https:\/\/www.tucomarca.com\/wordpress\/segunda\/ca\/wp-json\/wp\/v2\/users\/12"}],"replies":[{"embeddable":true,"href":"https:\/\/www.tucomarca.com\/wordpress\/segunda\/ca\/wp-json\/wp\/v2\/comments?post=111541"}],"version-history":[{"count":0,"href":"https:\/\/www.tucomarca.com\/wordpress\/segunda\/ca\/wp-json\/wp\/v2\/posts\/111541\/revisions"}],"wp:featuredmedia":[{"embeddable":true,"href":"https:\/\/www.tucomarca.com\/wordpress\/segunda\/ca\/wp-json\/wp\/v2\/media\/111591"}],"wp:attachment":[{"href":"https:\/\/www.tucomarca.com\/wordpress\/segunda\/ca\/wp-json\/wp\/v2\/media?parent=111541"}],"wp:term":[{"taxonomy":"category","embeddable":true,"href":"https:\/\/www.tucomarca.com\/wordpress\/segunda\/ca\/wp-json\/wp\/v2\/categories?post=111541"},{"taxonomy":"post_tag","embeddable":true,"href":"https:\/\/www.tucomarca.com\/wordpress\/segunda\/ca\/wp-json\/wp\/v2\/tags?post=111541"}],"curies":[{"name":"wp","href":"https:\/\/api.w.org\/{rel}","templated":true}]}}