{"id":111560,"date":"2020-08-11T14:31:13","date_gmt":"2020-08-11T12:31:13","guid":{"rendered":"http:\/\/www.tucomarca.com\/wordpress\/segunda\/?p=111560"},"modified":"2020-08-11T14:31:15","modified_gmt":"2020-08-11T12:31:15","slug":"el-67-dels-nous-casos-de-coronavirus-a-la-comunitat-valenciana-son-asimptomatics","status":"publish","type":"post","link":"https:\/\/www.tucomarca.com\/wordpress\/segunda\/ca\/el-67-dels-nous-casos-de-coronavirus-a-la-comunitat-valenciana-son-asimptomatics\/","title":{"rendered":"El 67% dels nous casos de coronavirus a la Comunitat Valenciana s\u00f3n asimptom\u00e0tics"},"content":{"rendered":"\n<p>El 67% de persones diagnosticades de coronavirus des de l&#8217;\u00faltima actualitzaci\u00f3 a la Comunitat Valenciana (gaireb\u00e9 set de cada 10) s\u00f3n asimptom\u00e0tiques. S&#8217;han registrat 629 nous casos per prova PCR, que situen la xifra total de positius en 15.425 persones.<\/p>\n\n\n\n<p>Per prov\u00edncies, el nombre de nous casos \u00e9s el seg\u00fcent: 20 a Castell\u00f3 (1.947 en total); 133 a la prov\u00edncia d&#8217;Alacant (5.005 en total); 463 a la prov\u00edncia de Val\u00e8ncia (8.450 en total) als quals cal sumar 13 casos nous sense assignar, el que eleva a 23 el nombre de casos no assignats a cap prov\u00edncia.<\/p>\n\n\n\n<p>D&#8217;altra banda, s&#8217;han donat 353 altes a pacients amb coronavirus, de manera que el total de persones curades ascendeix a 19.634 persones: 2.795 a Castell\u00f3, 6.516 a Alacant i 10.304 a Val\u00e8ncia, a m\u00e9s de 19 casos no assignats.<\/p>\n\n\n\n<p>D&#8217;aquesta manera, a hores d&#8217;ara hi ha actius 2.389 casos, fet que suposa un 10,16% de l&#8217;total de positius.<\/p>\n\n\n\n<p>Els hospitals valencians tenen, actualment, 183 persones ingressades: 9 a la prov\u00edncia de Castell\u00f3, sense pacients en UCI; 54 a la prov\u00edncia d&#8217;Alacant, d&#8217;ells 7 a la UCI; i 120 a la prov\u00edncia de Val\u00e8ncia, 9 d&#8217;ells a UCI.<\/p>\n\n\n\n<p>S&#8217;ha registrat un mort per coronavirus des de l&#8217;\u00faltima actualitzaci\u00f3, de manera que el total de defuncions se situa en 1.482 persones: 227 a la prov\u00edncia de Castell\u00f3, 516 a la d&#8217;Alacant i 739 a la de Val\u00e8ncia.<\/p>\n\n\n\n<p>El nombre total de proves dutes a terme per a la detecci\u00f3 de l&#8217;coronavirus ascendeix a 646.981, de les quals 511.219 han estat a trav\u00e9s de PCR i 135.762 mitjan\u00e7ant test r\u00e0pid.<\/p>\n\n\n\n<p>Actualitzaci\u00f3 de la situaci\u00f3 en resid\u00e8ncies<\/p>\n\n\n\n<p>En aquests moments hi ha algun cas positiu en 18 resid\u00e8ncies de majors (9 a la prov\u00edncia d&#8217;Alacant i 9 a la prov\u00edncia de Val\u00e8ncia), 3 resid\u00e8ncies de persones amb diversitat funcional (2 a la prov\u00edncia d&#8217;Alacant i 1 a prov\u00edncia de Val\u00e8ncia) i 2 centres de menors a la prov\u00edncia de Val\u00e8ncia.<\/p>\n\n\n\n<ul class=\"wp-block-list\"><li>Residents nous positius: 2<\/li><li>Treballadors nous positius: 8<\/li><li>Residents morts: 0<\/li><\/ul>\n\n\n\n<p>Actualment es troben sota vigil\u00e0ncia activa de control sanitari nom\u00e9s 2 resid\u00e8ncies a la Comunitat Valenciana: 0 a la prov\u00edncia de Castell\u00f3, 1 a la prov\u00edncia d&#8217;Alacant i 1 a la prov\u00edncia de Val\u00e8ncia.<\/p>\n\n\n\n<p>Actualitzaci\u00f3 brots de coronavirus<\/p>\n\n\n\n<p>nous brots<\/p>\n\n\n\n<p>\u00b7 Bolbaite: 5 casos. Origen oci nocturn<\/p>\n\n\n\n<p>\u00b7 Val\u00e8ncia: 9 casos. origen social<\/p>\n\n\n\n<p>\u00b7 Val\u00e8ncia: 6 casos. origen social<\/p>\n\n\n\n<p>\u00b7 Val\u00e8ncia: 5 casos. origen laboral<\/p>\n\n\n\n<p>\u00b7 Val\u00e8ncia: 6 casos. Origen oci nocturn<\/p>\n\n\n\n<p>\u00b7 Requena: 3 casos. origen social<\/p>\n\n\n\n<p>\u00b7 Val\u00e8ncia: 5 casos. origen social<\/p>\n\n\n\n<p>\u00b7 Val\u00e8ncia: 3 casos. Origen oci nocturn<\/p>\n\n\n\n<p>\u00b7 Orpesa de la mar: 4 casos. origen social<\/p>\n\n\n\n<p>\u00b7 Val\u00e8ncia: 6 casos. origen social<\/p>\n\n\n\n<p>\u00b7 Val\u00e8ncia: 3 casos. origen social<\/p>\n\n\n\n<p>\u00b7 Gandia: 4 casos. origen nosocomial<\/p>\n\n\n\n<p>\u00b7 Val\u00e8ncia: 3 casos. origen social<\/p>\n\n\n\n<p>\u00b7 Manises: 5 casos. origen social<\/p>\n\n\n\n<p>\u00b7 Museros: 3 casos. origen social<\/p>\n\n\n\n<p>\u00b7 Val\u00e8ncia: 3 casos. origen social<\/p>\n\n\n\n<p>\u00b7 Val\u00e8ncia: 4 casos. origen social<\/p>\n\n\n\n<p>\u00b7 Val\u00e8ncia: 4 casos. origen social<\/p>\n","protected":false},"excerpt":{"rendered":"<div class=\"mh-excerpt\">El 67% de persones diagnosticades de coronavirus des de l&#8217;\u00faltima actualitzaci\u00f3 a la Comunitat Valenciana (gaireb\u00e9 set de cada 10) s\u00f3n asimptom\u00e0tiques. S&#8217;han registrat 629 nous casos per prova PCR, que situen la xifra total <a class=\"mh-excerpt-more\" href=\"https:\/\/www.tucomarca.com\/wordpress\/segunda\/ca\/el-67-dels-nous-casos-de-coronavirus-a-la-comunitat-valenciana-son-asimptomatics\/\" title=\"El 67% dels nous casos de coronavirus a la Comunitat Valenciana s\u00f3n asimptom\u00e0tics\">[+] <\/a><\/div>\n","protected":false},"author":1,"featured_media":111559,"comment_status":"open","ping_status":"open","sticky":false,"template":"","format":"standard","meta":{"footnotes":""},"categories":[11010,12202,10898,10948,10894,10904,10903,10947,10908,10909,10896,10897],"tags":[11939,11940,11952],"class_list":{"0":"post-111560","1":"post","2":"type-post","3":"status-publish","4":"format-standard","5":"has-post-thumbnail","7":"category-canal-salud","8":"category-covid-19-ca","9":"category-ventana-ca","10":"category-infraestructuras-ca","11":"category-la-comarca-ca","12":"category-sin-categorizar-ca","13":"category-medio-ambiente-la-comarca-ca","14":"category-politica","15":"category-requena-ca","16":"category-requena-utiel-ca","17":"category-seccion-ca","18":"category-sucesos-la-comarca-ca","19":"tag-coronavirus-ca","20":"tag-covid-19-ca","21":"tag-covid2019-ca"},"_links":{"self":[{"href":"https:\/\/www.tucomarca.com\/wordpress\/segunda\/ca\/wp-json\/wp\/v2\/posts\/111560","targetHints":{"allow":["GET"]}}],"collection":[{"href":"https:\/\/www.tucomarca.com\/wordpress\/segunda\/ca\/wp-json\/wp\/v2\/posts"}],"about":[{"href":"https:\/\/www.tucomarca.com\/wordpress\/segunda\/ca\/wp-json\/wp\/v2\/types\/post"}],"author":[{"embeddable":true,"href":"https:\/\/www.tucomarca.com\/wordpress\/segunda\/ca\/wp-json\/wp\/v2\/users\/1"}],"replies":[{"embeddable":true,"href":"https:\/\/www.tucomarca.com\/wordpress\/segunda\/ca\/wp-json\/wp\/v2\/comments?post=111560"}],"version-history":[{"count":0,"href":"https:\/\/www.tucomarca.com\/wordpress\/segunda\/ca\/wp-json\/wp\/v2\/posts\/111560\/revisions"}],"wp:featuredmedia":[{"embeddable":true,"href":"https:\/\/www.tucomarca.com\/wordpress\/segunda\/ca\/wp-json\/wp\/v2\/media\/111559"}],"wp:attachment":[{"href":"https:\/\/www.tucomarca.com\/wordpress\/segunda\/ca\/wp-json\/wp\/v2\/media?parent=111560"}],"wp:term":[{"taxonomy":"category","embeddable":true,"href":"https:\/\/www.tucomarca.com\/wordpress\/segunda\/ca\/wp-json\/wp\/v2\/categories?post=111560"},{"taxonomy":"post_tag","embeddable":true,"href":"https:\/\/www.tucomarca.com\/wordpress\/segunda\/ca\/wp-json\/wp\/v2\/tags?post=111560"}],"curies":[{"name":"wp","href":"https:\/\/api.w.org\/{rel}","templated":true}]}}