{"id":111571,"date":"2020-08-10T23:44:58","date_gmt":"2020-08-10T21:44:58","guid":{"rendered":"http:\/\/www.tucomarca.com\/wordpress\/segunda\/?p=111571"},"modified":"2020-08-11T14:46:50","modified_gmt":"2020-08-11T12:46:50","slug":"ja-es-poden-sollicitar-a-xest-les-ajudes-per-als-negocis-locals-afectats-per-la-crisi-de-covid-19","status":"publish","type":"post","link":"https:\/\/www.tucomarca.com\/wordpress\/segunda\/ca\/ja-es-poden-sollicitar-a-xest-les-ajudes-per-als-negocis-locals-afectats-per-la-crisi-de-covid-19\/","title":{"rendered":"Ja es poden sol\u00b7licitar a Xest les ajudes per als negocis locals afectats per la crisi de Covid-19"},"content":{"rendered":"\n<p><strong>Ja es pot sol\u00b7licitar els ajuts municipals per a les empreses locals tancades o amb disminuci\u00f3 d&#8217;ingressos per la COVID-19, aquests ajuts s\u00f3n de les m\u00e9s altes de la Comunitat Valenciana<\/strong><\/p>\n\n\n\n<p><strong>Les bases s&#8217;han publicat ja en el Butllet\u00ed Oficial de la Prov\u00edncia i es poden consultar a la seu electr\u00f2nica de l&#8217;Ajuntament de Xest<\/strong><\/p>\n\n\n\n<p>Des de ja les empreses que van haver de tancar durant l&#8217;estat d&#8217;alarma o que han vist redu\u00efts substancialment els seus ingressos com a conseq\u00fc\u00e8ncia de la pand\u00e8mia ja poden sol\u00b7licitar les dues l\u00ednies d&#8217;ajudes municipals previstes dins el Pla Reactiva Xest i dotades amb un total de 300.000 euros.<\/p>\n\n\n\n<p>Les persones interessades poden consultar les bases al tauler d&#8217;anuncis la seu electr\u00f2nica de l&#8217;Ajuntament: cheste.sedelectronica.es<\/p>\n\n\n\n<p><strong>L\u00ednies d&#8217;ajut<\/strong><\/p>\n\n\n\n<p>Aquelles empreses que van tancar durant l&#8217;estat d&#8217;alarma podran sol\u00b7licitar un ajut de 1.600 euros. D&#8217;altra banda, els negocis que van veure disminu\u00efts els seus ingressos, pel que fa a el mateix per\u00edode de 2019, entre un 56 i un 74 per cent podran optar a 800 euros i, aquells amb una minva d&#8217;entre el 40 i el 55 per cent, podran sol\u00b7licitar 500 euros. A les empreses que es van donar d&#8217;alta en l&#8217;IAE amb una antiguitat inferior a l&#8217;any, pel que fa a la declaraci\u00f3 de l&#8217;estat d&#8217;alarma, i hagin tingut una disminuci\u00f3 d&#8217;ingressos se&#8217;ls atorgar\u00e0 un ajut de 500 euros.<\/p>\n\n\n\n<p><span style=\"font-weight: 600;\"><strong>Solicitud<\/strong><\/span><strong> i pagament<\/strong><\/p>\n\n\n\n<p>Els ajuts s&#8217;han de tramitar de forma telem\u00e0tica a trav\u00e9s de la seu electr\u00f2nica de l&#8217;Ajuntament, en la qual ja estan disponibles els formularis de sol\u00b7licitud al costat de les bases, en qu\u00e8 es detalla la documentaci\u00f3 a aportar en cada cas a l&#8217;hora de fer el sol\u00b7licitud online. El termini estar\u00e0 obert fins el 28 de setembre de 2020.<\/p>\n\n\n\n<p>D&#8217;altra banda, la concessi\u00f3 de les ajudes es far\u00e0 per rigor\u00f3s ordre d&#8217;arribada fins esgotar el pressupost, i els pagaments s&#8217;aniran resolent peri\u00f2dicament, agrupant les sol\u00b7licituds per agilitzar els tr\u00e0mits, amb la finalitat que les persones interessades puguin rebre les subvencions ho m\u00e9s aviat possible.<\/p>\n","protected":false},"excerpt":{"rendered":"<div class=\"mh-excerpt\">Ja es pot sol\u00b7licitar els ajuts municipals per a les empreses locals tancades o amb disminuci\u00f3 d&#8217;ingressos per la COVID-19, aquests ajuts s\u00f3n de les m\u00e9s altes de la Comunitat Valenciana Les bases s&#8217;han publicat <a class=\"mh-excerpt-more\" href=\"https:\/\/www.tucomarca.com\/wordpress\/segunda\/ca\/ja-es-poden-sollicitar-a-xest-les-ajudes-per-als-negocis-locals-afectats-per-la-crisi-de-covid-19\/\" title=\"Ja es poden sol\u00b7licitar a Xest les ajudes per als negocis locals afectats per la crisi de Covid-19\">[+] <\/a><\/div>\n","protected":false},"author":12,"featured_media":89187,"comment_status":"open","ping_status":"open","sticky":false,"template":"","format":"standard","meta":{"footnotes":""},"categories":[12202,10948,10894,10912,10903,10947,10896,10897,10974],"tags":[11071,11939,11940,11952,10914],"class_list":{"0":"post-111571","1":"post","2":"type-post","3":"status-publish","4":"format-standard","5":"has-post-thumbnail","7":"category-covid-19-ca","8":"category-infraestructuras-ca","9":"category-la-comarca-ca","10":"category-la-hoya-ca","11":"category-medio-ambiente-la-comarca-ca","12":"category-politica","13":"category-seccion-ca","14":"category-sucesos-la-comarca-ca","15":"category-cheste-ca","16":"tag-cheste","17":"tag-coronavirus-ca","18":"tag-covid-19-ca","19":"tag-covid2019-ca","20":"tag-la-hoya-de-bunol-chiva-ca"},"_links":{"self":[{"href":"https:\/\/www.tucomarca.com\/wordpress\/segunda\/ca\/wp-json\/wp\/v2\/posts\/111571","targetHints":{"allow":["GET"]}}],"collection":[{"href":"https:\/\/www.tucomarca.com\/wordpress\/segunda\/ca\/wp-json\/wp\/v2\/posts"}],"about":[{"href":"https:\/\/www.tucomarca.com\/wordpress\/segunda\/ca\/wp-json\/wp\/v2\/types\/post"}],"author":[{"embeddable":true,"href":"https:\/\/www.tucomarca.com\/wordpress\/segunda\/ca\/wp-json\/wp\/v2\/users\/12"}],"replies":[{"embeddable":true,"href":"https:\/\/www.tucomarca.com\/wordpress\/segunda\/ca\/wp-json\/wp\/v2\/comments?post=111571"}],"version-history":[{"count":0,"href":"https:\/\/www.tucomarca.com\/wordpress\/segunda\/ca\/wp-json\/wp\/v2\/posts\/111571\/revisions"}],"wp:featuredmedia":[{"embeddable":true,"href":"https:\/\/www.tucomarca.com\/wordpress\/segunda\/ca\/wp-json\/wp\/v2\/media\/89187"}],"wp:attachment":[{"href":"https:\/\/www.tucomarca.com\/wordpress\/segunda\/ca\/wp-json\/wp\/v2\/media?parent=111571"}],"wp:term":[{"taxonomy":"category","embeddable":true,"href":"https:\/\/www.tucomarca.com\/wordpress\/segunda\/ca\/wp-json\/wp\/v2\/categories?post=111571"},{"taxonomy":"post_tag","embeddable":true,"href":"https:\/\/www.tucomarca.com\/wordpress\/segunda\/ca\/wp-json\/wp\/v2\/tags?post=111571"}],"curies":[{"name":"wp","href":"https:\/\/api.w.org\/{rel}","templated":true}]}}