{"id":111574,"date":"2020-08-11T20:06:47","date_gmt":"2020-08-11T18:06:47","guid":{"rendered":"http:\/\/www.tucomarca.com\/wordpress\/segunda\/?p=111574"},"modified":"2020-08-11T20:06:50","modified_gmt":"2020-08-11T18:06:50","slug":"lateneu-de-bunyol-organitza-una-observacio-astronomica-des-de-la-placa-darmes-del-castell","status":"publish","type":"post","link":"https:\/\/www.tucomarca.com\/wordpress\/segunda\/ca\/lateneu-de-bunyol-organitza-una-observacio-astronomica-des-de-la-placa-darmes-del-castell\/","title":{"rendered":"L&#8217;Ateneu de Bunyol organitza una observaci\u00f3 astron\u00f2mica des de la pla\u00e7a d&#8217;armes del castell"},"content":{"rendered":"\n<p><strong>El 12 d&#8217;agost, de 22 a 24 hores, es podr\u00e0 assistir a l&#8217;observaci\u00f3 astron\u00f2mica des de la pla\u00e7a d&#8217;armes del Castillo de Bunyol<\/strong><\/p>\n\n\n\n<p>Cada agost es produeix la pluja de meteors de les Perseides, aquest any es preveu que la m\u00e0xima activitat sigui el 12 d&#8217;agost amb 110 meteors per hora. L&#8217;Ateneu de Bunyol aprofita aquesta nova oportunitat per organitzar una trobada dedicada a l&#8217;observaci\u00f3 astron\u00f2mica, des de la Pla\u00e7a d&#8217;Armes de l&#8217;Castell de Bunyol entre les 22 i 24 hores.<\/p>\n\n\n\n<p>L&#8217;observaci\u00f3 visual es far\u00e0 amb prism\u00e0tics propietat dels assistents i amb telescopis col\u00b7locats en estaci\u00f3 i propietat dels organitzadors. L&#8217;observaci\u00f3 fotogr\u00e0fica es far\u00e0 amb c\u00e0meres fotogr\u00e0fiques dels assistents.<\/p>\n\n\n\n<p><strong>Activitats<\/strong><\/p>\n\n\n\n<ul class=\"wp-block-list\"><li>Projecci\u00f3 d&#8217;una simulaci\u00f3 del cel, per con\u00e8ixer les coses que poden observar-se i com fer-ho.<\/li><li>Observaci\u00f3 d&#8217;all\u00f2 m\u00e9s rellevant del cel a simple vista, amb prism\u00e0tics i telescopis: planetes, estrelles, c\u00famuls, nebuloses i gal\u00e0xies.<\/li><li>Registre fotogr\u00e0fic d&#8217;alguna zona interessant del cel i la seua posterior projecci\u00f3.<\/li><\/ul>\n\n\n\n<p><strong>Forma de participar:<\/strong><\/p>\n\n\n\n<p>L&#8217;assist\u00e8ncia \u00e9s gratu\u00efta pr\u00e8via inscripci\u00f3 a trav\u00e9s del web o a la taula de registre instal\u00b7lada en una de les portes d&#8217;acc\u00e9s a la pla\u00e7a d&#8217;Armes. Totes les persones registrades recolliran la seua credencial de participaci\u00f3 en la taula de registre. La capacitat m\u00e0xima del recinte \u00e9s de 200 persones.<\/p>\n","protected":false},"excerpt":{"rendered":"<div class=\"mh-excerpt\">El 12 d&#8217;agost, de 22 a 24 hores, es podr\u00e0 assistir a l&#8217;observaci\u00f3 astron\u00f2mica des de la pla\u00e7a d&#8217;armes del Castillo de Bunyol Cada agost es produeix la pluja de meteors de les Perseides, aquest <a class=\"mh-excerpt-more\" href=\"https:\/\/www.tucomarca.com\/wordpress\/segunda\/ca\/lateneu-de-bunyol-organitza-una-observacio-astronomica-des-de-la-placa-darmes-del-castell\/\" title=\"L&#8217;Ateneu de Bunyol organitza una observaci\u00f3 astron\u00f2mica des de la pla\u00e7a d&#8217;armes del castell\">[+] <\/a><\/div>\n","protected":false},"author":12,"featured_media":111573,"comment_status":"open","ping_status":"open","sticky":false,"template":"","format":"standard","meta":{"footnotes":""},"categories":[11019,10911,10912,11007,10896],"tags":[10594,5952,12462],"class_list":{"0":"post-111574","1":"post","2":"type-post","3":"status-publish","4":"format-standard","5":"has-post-thumbnail","7":"category-agenda-ca","8":"category-bunol-ca","9":"category-la-hoya-ca","10":"category-ocio-y-cultura-ca","11":"category-seccion-ca","12":"tag-ateneo-de-bunol","13":"tag-la-hoya-de-bunol-chiva","14":"tag-perseidas"},"_links":{"self":[{"href":"https:\/\/www.tucomarca.com\/wordpress\/segunda\/ca\/wp-json\/wp\/v2\/posts\/111574","targetHints":{"allow":["GET"]}}],"collection":[{"href":"https:\/\/www.tucomarca.com\/wordpress\/segunda\/ca\/wp-json\/wp\/v2\/posts"}],"about":[{"href":"https:\/\/www.tucomarca.com\/wordpress\/segunda\/ca\/wp-json\/wp\/v2\/types\/post"}],"author":[{"embeddable":true,"href":"https:\/\/www.tucomarca.com\/wordpress\/segunda\/ca\/wp-json\/wp\/v2\/users\/12"}],"replies":[{"embeddable":true,"href":"https:\/\/www.tucomarca.com\/wordpress\/segunda\/ca\/wp-json\/wp\/v2\/comments?post=111574"}],"version-history":[{"count":0,"href":"https:\/\/www.tucomarca.com\/wordpress\/segunda\/ca\/wp-json\/wp\/v2\/posts\/111574\/revisions"}],"wp:featuredmedia":[{"embeddable":true,"href":"https:\/\/www.tucomarca.com\/wordpress\/segunda\/ca\/wp-json\/wp\/v2\/media\/111573"}],"wp:attachment":[{"href":"https:\/\/www.tucomarca.com\/wordpress\/segunda\/ca\/wp-json\/wp\/v2\/media?parent=111574"}],"wp:term":[{"taxonomy":"category","embeddable":true,"href":"https:\/\/www.tucomarca.com\/wordpress\/segunda\/ca\/wp-json\/wp\/v2\/categories?post=111574"},{"taxonomy":"post_tag","embeddable":true,"href":"https:\/\/www.tucomarca.com\/wordpress\/segunda\/ca\/wp-json\/wp\/v2\/tags?post=111574"}],"curies":[{"name":"wp","href":"https:\/\/api.w.org\/{rel}","templated":true}]}}