{"id":111644,"date":"2020-08-12T21:18:16","date_gmt":"2020-08-12T19:18:16","guid":{"rendered":"http:\/\/www.tucomarca.com\/wordpress\/segunda\/?p=111644"},"modified":"2020-08-12T21:18:47","modified_gmt":"2020-08-12T19:18:47","slug":"paqui-collado-el-portaveu-del-pp-dalboraig-mentix-no-sabem-si-per-desconeixement-o-per-roina-fe","status":"publish","type":"post","link":"https:\/\/www.tucomarca.com\/wordpress\/segunda\/ca\/paqui-collado-el-portaveu-del-pp-dalboraig-mentix-no-sabem-si-per-desconeixement-o-per-roina-fe\/","title":{"rendered":"Paqui Collado: &#8220;El portaveu del PP d&#8217;Alboraig mentix, no sabem si per desconeixement o per ro\u00efna fe&#8221;"},"content":{"rendered":"\n<p>L&#8217;Agrupaci\u00f3 Socialista d&#8217;Alboraig respon al v\u00eddeo publicat pel portaveu de el Partit Popular de la localitat, en qu\u00e8 s&#8217;acusa l&#8217;Ajuntament d&#8217;inc\u00f3rrer en irregularitats en la preparaci\u00f3 i desenvolupament de el ple ordinari de juliol i en l&#8217;execuci\u00f3 pressupost\u00e0ria de 2019.<\/p>\n\n\n\n<p>L&#8217;alcaldessa d&#8217;Alborache, Paqui Collado ha denunciat p\u00fablicament &#8220;la campanya d&#8217;atacs i desprestigi de el Partit Popular, amb la qual queda en evid\u00e8ncia la seva inefici\u00e8ncia i la seua desvergonyiment. El portaveu de el Partit Popular d&#8217;Alboraig menteix al v\u00eddeo, b\u00e9 per desconeixement, o per simple mala fe, i no podem seguir callant davant declaracions que tergiversen la realitat. Tots els membres de la Corporaci\u00f3 Municipal han rebut les convocat\u00f2ries i han tingut la documentaci\u00f3 a la seva disposici\u00f3 a Secretaria en els terminis estipulats per la llei. Els regidors de l&#8217;PP han tingut una setmana, com tots els altres, per a consultar la documentaci\u00f3 i preparar el ple, si no ho han fet, \u00e9s la seva responsabilitat, no de l&#8217;Ajuntament.&#8221;<\/p>\n\n\n\n<p>&#8220;Pel que fa a la gravaci\u00f3 i o retransmissi\u00f3 de ple, encara que s\u00f3n p\u00fablics i no es pot limitar l&#8217;acc\u00e9s, la jurisprud\u00e8ncia ja s&#8217;ha pronunciat a l&#8217;respecte, i s&#8217;ha de notificar a la presid\u00e8ncia i secretaria l&#8217;enregistrament, i el PP no ho va fer. No obstant aix\u00f2, la transpar\u00e8ncia est\u00e0 garantida ja que, com hauria de saber el Partit Popular, les actes s\u00f3n p\u00fabliques, de manera que es garanteix que els ve\u00efns i ve\u00efnes poden con\u00e8ixer el que ha succe\u00eft en qualsevol sessi\u00f3 plen\u00e0ria&#8221;.<\/p>\n\n\n\n<p>&#8220;Paradoxalment, que h\u00e0gim complert amb la normativa, demanant que deixessin de retransmetre el ple sense perm\u00eds, permet que el portaveu de l&#8217;PP s&#8217;aprofiti de la situaci\u00f3, tergiversi els fets i difongui mentides, amb l&#8217;\u00fanic objectiu de desinformar a la ciutadania i perjudicar a l&#8217;equip de govern&#8221;, explica Paqui Collado.<\/p>\n\n\n\n<p>L&#8217;equip de govern es pronuncia tamb\u00e9 sobre el paper de l&#8217;PP a les protestes pel tancament temporal de centre auxiliar. &#8220;\u00c9s profundament irresponsable provocar trobades de moltes persones, escalfant els \u00e0nims amb un tema tan delicat com \u00e9s la salut, quan estem treballant intensament per millorar el servei tot el possible, com ja vam demostrar la setmana passada aconseguint que hagu\u00e9s servei d&#8217;infermeria durant unes hores . Sembla que el PP no vol entendre el risc que suposa obrir el centre de salut com si res haguera passat, quan tenim la certesa que pot convertir-se en un focus de contagi f\u00e0cilment&#8221;.<\/p>\n\n\n\n<p>&#8220;Finalment, la invitaci\u00f3 que realitza el portaveu de l&#8217;PP per acudir a la manifestaci\u00f3 per l&#8217;obertura de centre de salut auxiliar, \u00e9s una basta manipulaci\u00f3 com les que ha realitzant durant tota la crisi sanit\u00e0ria de la qual, per cert, ha estat molt absent&#8221;.<\/p>\n\n\n\n<p>Per l&#8217;Agrupaci\u00f3 Socialista d&#8217;Alboraig, &#8220;ara \u00e9s el moment de posar en marxa i recuperar progressivament la funcionalitat de centre auxiliar, observant l&#8217;evoluci\u00f3 de la pand\u00e8mia. L&#8217;alcaldessa ha estat treballant intensament en recuperar aquesta funcionalitat per a la ciutadania d&#8217;Alborache, com corrobora el conveni subscrit el passat dia 30 de juliol amb la ger\u00e8ncia de l&#8217;hospital de Manises&#8221;.<\/p>\n\n\n\n<p>Sobre aquesta q\u00fcesti\u00f3, l&#8217;alcaldessa remarca que segueix en contacte diari amb la Conselleria de Sanitat per a aconseguir que es reforci l&#8217;atenci\u00f3 telef\u00f2nica i l&#8217;atenci\u00f3 domicili\u00e0ria. &#8220;El nostre objectiu \u00e9s que els ve\u00efns i ve\u00efnes d&#8217;Alborache tinguin l&#8217;atenci\u00f3 sanit\u00e0ria que necessiten, i per aix\u00f2 estem treballant.&#8221;<\/p>\n","protected":false},"excerpt":{"rendered":"<div class=\"mh-excerpt\">L&#8217;Agrupaci\u00f3 Socialista d&#8217;Alboraig respon al v\u00eddeo publicat pel portaveu de el Partit Popular de la localitat, en qu\u00e8 s&#8217;acusa l&#8217;Ajuntament d&#8217;inc\u00f3rrer en irregularitats en la preparaci\u00f3 i desenvolupament de el ple ordinari de juliol i <a class=\"mh-excerpt-more\" href=\"https:\/\/www.tucomarca.com\/wordpress\/segunda\/ca\/paqui-collado-el-portaveu-del-pp-dalboraig-mentix-no-sabem-si-per-desconeixement-o-per-roina-fe\/\" title=\"Paqui Collado: &#8220;El portaveu del PP d&#8217;Alboraig mentix, no sabem si per desconeixement o per ro\u00efna fe&#8221;\">[+] <\/a><\/div>\n","protected":false},"author":12,"featured_media":75767,"comment_status":"open","ping_status":"open","sticky":false,"template":"","format":"standard","meta":{"footnotes":""},"categories":[10973,11010,12202,10948,10894,10912,10947,10896],"tags":[11308,11939,11940,10914,11607],"class_list":{"0":"post-111644","1":"post","2":"type-post","3":"status-publish","4":"format-standard","5":"has-post-thumbnail","7":"category-alborache-ca","8":"category-canal-salud","9":"category-covid-19-ca","10":"category-infraestructuras-ca","11":"category-la-comarca-ca","12":"category-la-hoya-ca","13":"category-politica","14":"category-seccion-ca","15":"tag-ayuntamiento-de-alborache-ca","16":"tag-coronavirus-ca","17":"tag-covid-19-ca","18":"tag-la-hoya-de-bunol-chiva-ca","19":"tag-pspv-psoe-alborache-ca"},"_links":{"self":[{"href":"https:\/\/www.tucomarca.com\/wordpress\/segunda\/ca\/wp-json\/wp\/v2\/posts\/111644","targetHints":{"allow":["GET"]}}],"collection":[{"href":"https:\/\/www.tucomarca.com\/wordpress\/segunda\/ca\/wp-json\/wp\/v2\/posts"}],"about":[{"href":"https:\/\/www.tucomarca.com\/wordpress\/segunda\/ca\/wp-json\/wp\/v2\/types\/post"}],"author":[{"embeddable":true,"href":"https:\/\/www.tucomarca.com\/wordpress\/segunda\/ca\/wp-json\/wp\/v2\/users\/12"}],"replies":[{"embeddable":true,"href":"https:\/\/www.tucomarca.com\/wordpress\/segunda\/ca\/wp-json\/wp\/v2\/comments?post=111644"}],"version-history":[{"count":0,"href":"https:\/\/www.tucomarca.com\/wordpress\/segunda\/ca\/wp-json\/wp\/v2\/posts\/111644\/revisions"}],"wp:featuredmedia":[{"embeddable":true,"href":"https:\/\/www.tucomarca.com\/wordpress\/segunda\/ca\/wp-json\/wp\/v2\/media\/75767"}],"wp:attachment":[{"href":"https:\/\/www.tucomarca.com\/wordpress\/segunda\/ca\/wp-json\/wp\/v2\/media?parent=111644"}],"wp:term":[{"taxonomy":"category","embeddable":true,"href":"https:\/\/www.tucomarca.com\/wordpress\/segunda\/ca\/wp-json\/wp\/v2\/categories?post=111644"},{"taxonomy":"post_tag","embeddable":true,"href":"https:\/\/www.tucomarca.com\/wordpress\/segunda\/ca\/wp-json\/wp\/v2\/tags?post=111644"}],"curies":[{"name":"wp","href":"https:\/\/api.w.org\/{rel}","templated":true}]}}