{"id":112353,"date":"2020-08-23T20:34:43","date_gmt":"2020-08-23T18:34:43","guid":{"rendered":"http:\/\/www.tucomarca.com\/wordpress\/segunda\/?p=112353"},"modified":"2020-08-23T21:43:36","modified_gmt":"2020-08-23T19:43:36","slug":"video-aixi-gaudim-en-2019-de-la-cavalcada-de-los-feos-a-la-fira-i-festes-de-bunyol","status":"publish","type":"post","link":"https:\/\/www.tucomarca.com\/wordpress\/segunda\/ca\/video-aixi-gaudim-en-2019-de-la-cavalcada-de-los-feos-a-la-fira-i-festes-de-bunyol\/","title":{"rendered":"V\u00eddeo: aix\u00ed gaudim en 2019 de la cavalcada de \u00abLos Feos\u00bb a la Fira i Festes de Bunyol"},"content":{"rendered":"\n<figure class=\"wp-block-embed-youtube wp-block-embed is-type-video is-provider-youtube wp-embed-aspect-16-9 wp-has-aspect-ratio\"><div class=\"wp-block-embed__wrapper\">\n<iframe loading=\"lazy\" title=\"V\u00eddeo: as\u00ed se vivi\u00f3 la cabalgata de la Fiesta del Mant\u00f3n de &quot;La Art\u00edstica&quot; de Bu\u00f1ol 2019\" width=\"500\" height=\"281\" src=\"https:\/\/www.youtube.com\/embed\/Nq0CoDJf8Bc?feature=oembed\" frameborder=\"0\" allow=\"accelerometer; autoplay; clipboard-write; encrypted-media; gyroscope; picture-in-picture; web-share\" referrerpolicy=\"strict-origin-when-cross-origin\" allowfullscreen><\/iframe>\n<\/div><\/figure>\n\n\n\n<p>En <strong>tucomarca televisi\u00f3<\/strong> volem recordar com es va viure la cavalcada de la Festa de l&#8217;Mant\u00f3 organitzada per la Societat Musical &#8220;L&#8217;Art\u00edstica&#8221; de Bunyol, &#8220;Los Feos&#8221;, dins dels actes de la Fira i Festes 2019 de la localitat, que aquest any la pand\u00e8mia de covid-19 ha impedit.<\/p>\n","protected":false},"excerpt":{"rendered":"<div class=\"mh-excerpt\">En tucomarca televisi\u00f3 volem recordar com es va viure la cavalcada de la Festa de l&#8217;Mant\u00f3 organitzada per la Societat Musical &#8220;L&#8217;Art\u00edstica&#8221; de Bunyol, &#8220;Los Feos&#8221;, dins dels actes de la Fira i Festes 2019 <a class=\"mh-excerpt-more\" href=\"https:\/\/www.tucomarca.com\/wordpress\/segunda\/ca\/video-aixi-gaudim-en-2019-de-la-cavalcada-de-los-feos-a-la-fira-i-festes-de-bunyol\/\" title=\"V\u00eddeo: aix\u00ed gaudim en 2019 de la cavalcada de \u00abLos Feos\u00bb a la Fira i Festes de Bunyol\">[+] <\/a><\/div>\n","protected":false},"author":1,"featured_media":112350,"comment_status":"open","ping_status":"open","sticky":false,"template":"","format":"video","meta":{"footnotes":""},"categories":[10911,11005,12202,10898,10894,10912,11004,11007,11008,10896,10897,11062],"tags":[11939,11940,11952,10914,11154,12490],"class_list":{"0":"post-112353","1":"post","2":"type-post","3":"status-publish","4":"format-video","5":"has-post-thumbnail","7":"category-bunol-ca","8":"category-canal-musica","9":"category-covid-19-ca","10":"category-ventana-ca","11":"category-la-comarca-ca","12":"category-la-hoya-ca","13":"category-la-semana-en-imagenes-ca","14":"category-ocio-y-cultura-ca","15":"category-pueblos-en-fiestas-ca","16":"category-seccion-ca","17":"category-sucesos-la-comarca-ca","18":"category-videos","19":"tag-coronavirus-ca","20":"tag-covid-19-ca","21":"tag-covid2019-ca","22":"tag-la-hoya-de-bunol-chiva-ca","23":"tag-sm-la-artistica-de-bunol-ca","24":"tag-sociedad-musical-ca","25":"post_format-post-format-video"},"_links":{"self":[{"href":"https:\/\/www.tucomarca.com\/wordpress\/segunda\/ca\/wp-json\/wp\/v2\/posts\/112353","targetHints":{"allow":["GET"]}}],"collection":[{"href":"https:\/\/www.tucomarca.com\/wordpress\/segunda\/ca\/wp-json\/wp\/v2\/posts"}],"about":[{"href":"https:\/\/www.tucomarca.com\/wordpress\/segunda\/ca\/wp-json\/wp\/v2\/types\/post"}],"author":[{"embeddable":true,"href":"https:\/\/www.tucomarca.com\/wordpress\/segunda\/ca\/wp-json\/wp\/v2\/users\/1"}],"replies":[{"embeddable":true,"href":"https:\/\/www.tucomarca.com\/wordpress\/segunda\/ca\/wp-json\/wp\/v2\/comments?post=112353"}],"version-history":[{"count":0,"href":"https:\/\/www.tucomarca.com\/wordpress\/segunda\/ca\/wp-json\/wp\/v2\/posts\/112353\/revisions"}],"wp:featuredmedia":[{"embeddable":true,"href":"https:\/\/www.tucomarca.com\/wordpress\/segunda\/ca\/wp-json\/wp\/v2\/media\/112350"}],"wp:attachment":[{"href":"https:\/\/www.tucomarca.com\/wordpress\/segunda\/ca\/wp-json\/wp\/v2\/media?parent=112353"}],"wp:term":[{"taxonomy":"category","embeddable":true,"href":"https:\/\/www.tucomarca.com\/wordpress\/segunda\/ca\/wp-json\/wp\/v2\/categories?post=112353"},{"taxonomy":"post_tag","embeddable":true,"href":"https:\/\/www.tucomarca.com\/wordpress\/segunda\/ca\/wp-json\/wp\/v2\/tags?post=112353"}],"curies":[{"name":"wp","href":"https:\/\/api.w.org\/{rel}","templated":true}]}}