{"id":112365,"date":"2020-08-24T19:15:55","date_gmt":"2020-08-24T17:15:55","guid":{"rendered":"http:\/\/www.tucomarca.com\/wordpress\/segunda\/?p=112365"},"modified":"2020-08-24T19:50:46","modified_gmt":"2020-08-24T17:50:46","slug":"la-unio-rebutja-el-impost-als-productors-dovi-i-capri-proposat-per-la-interprofessional-del-sector-interovic","status":"publish","type":"post","link":"https:\/\/www.tucomarca.com\/wordpress\/segunda\/ca\/la-unio-rebutja-el-impost-als-productors-dovi-i-capri-proposat-per-la-interprofessional-del-sector-interovic\/","title":{"rendered":"La Uni\u00f3 rebutja el \u201cimpost\u201d als productors d&#8217;ov\u00ed i capr\u00ed proposat per la interprofessional del sector Interovic"},"content":{"rendered":"\n<p><strong>La quantitat de 7 milions d&#8217;euros recaptats des de 2012 no ha evitat que el consum d&#8217;aquesta mena de carns es redu\u00efsca<\/strong><\/p>\n\n\n\n<p>La Uni\u00f3 de Llauradors i Ramaders rebutja la intenci\u00f3 de la Interprofessional Agroaliment\u00e0ria de l&#8217;Ov\u00ed i Capr\u00ed de Carn, INTEROVIC, d&#8217;aplicar una nova extensi\u00f3 de norma sobre el sector, la qual li permetria cobrar dels productors d&#8217;ov\u00ed i capr\u00ed 0,06 \u20ac per animal sacrificat durant els pr\u00f2xims cinc anys.<\/p>\n\n\n\n<p>L&#8217;organitzaci\u00f3 es mostra contr\u00e0ria i afirma que, d&#8217;aprovar-se, s&#8217;aconseguirien tretze anys seguits d&#8217;extensi\u00f3 de norma en els quals INTEROVIC hauria recaptat m\u00e9s de 16,6 milions \u20ac en tot el per\u00edode (7 M\u20ac recaptats entre 2012 i 2019 i 9,6 M\u20ac de 2020 a 2025), als quals caldria sumar les ajudes europees (de les quals de 2015 a 2019 van obtindre prop de 7 M\u20ac m\u00e9s) i destinar-los fonamentalment a accions promocionals. En la Comunitat Valenciana suposa una quantitat pr\u00f2xima als 200.000 euros anuals.<\/p>\n\n\n\n<p>Aquest \u201cimpost\u201d als productors, tal com el qualifica La Uni\u00f3, suposaria un cost addicional i de dubtosa efic\u00e0cia per a un sector que ha patit durament les conseq\u00fc\u00e8ncies del COVID-19 per la reducci\u00f3 del consum dels seus productes.<\/p>\n\n\n\n<p>L&#8217;organitzaci\u00f3 recorda l&#8217;enfonsament en les produccions d&#8217;abril i maig en relaci\u00f3 a l&#8217;any anterior, quan els sacrificis van caure de manera important per a ov\u00ed i capr\u00ed. Concretament, en la Comunitat Valenciana, ho van fer un 4,3% en ov\u00ed i un 21,3% en capr\u00ed. La reducci\u00f3 de sacrificis, a m\u00e9s, s&#8217;ha vist acompanyada de fortes caigudes en els preus, tant en ov\u00ed com en capr\u00ed, la qual cosa posa contra les cordes a un sector clau en les zones rurals d&#8217;interior de la Comunitat Valenciana.<\/p>\n\n\n\n<p>En aquest sentit, les dades mostren que el consum de carn d&#8217;ov\u00ed i capr\u00ed ha baixat notablement. Des de 2012, quan va entrar en vigor la primera extensi\u00f3 de norma i les campanyes de promoci\u00f3, i fins a 2019, el consum a nivell nacional s&#8217;ha redu\u00eft un 29%, la qual cosa posa en dubte les campanyes de promoci\u00f3 de la Interprofessional.<\/p>\n\n\n\n<p>\u201cNo es pot pretendre aconseguir resultats diferents fent sempre el mateix\u201d comenten des de La Uni\u00f3. \u201cA la vista de les dades, la f\u00f3rmula utilitzada en els \u00faltims huit anys no ha sigut prou efectiva\u201d.<\/p>\n\n\n\n<p>De cara a pal\u00b7liar la situaci\u00f3 del sector, l&#8217;organitzaci\u00f3 proposa no incrementar els costos dels ramaders amb el pagament a INTEROVIC, comptar amb una representativitat real del sector productor en aquesta, habilitar ajudes significatives a les explotacions del sector ja que les articulades al maig pel Ministeri eren molt pobres i millorar la posici\u00f3 d&#8217;aquest sector de cara a la reforma de la PAC, entre altres aspectes.<\/p>\n\n\n\n<p>Davant la mala conjuntura del sector ov\u00ed i capr\u00ed de carn i una m\u00e9s que q\u00fcestionable representativitat de les organitzacions amb pres\u00e8ncia en la part productora en la Interprofessional, La Uni\u00f3 ha presentat a trav\u00e9s de la seua organitzaci\u00f3 estatal Uni\u00f3n de Uniones al\u00b7legacions contra la seua aprovaci\u00f3, dins del per\u00edode oficial habilitat.<\/p>\n","protected":false},"excerpt":{"rendered":"<div class=\"mh-excerpt\">La quantitat de 7 milions d&#8217;euros recaptats des de 2012 no ha evitat que el consum d&#8217;aquesta mena de carns es redu\u00efsca La Uni\u00f3 de Llauradors i Ramaders rebutja la intenci\u00f3 de la Interprofessional Agroaliment\u00e0ria <a class=\"mh-excerpt-more\" href=\"https:\/\/www.tucomarca.com\/wordpress\/segunda\/ca\/la-unio-rebutja-el-impost-als-productors-dovi-i-capri-proposat-per-la-interprofessional-del-sector-interovic\/\" title=\"La Uni\u00f3 rebutja el \u201cimpost\u201d als productors d&#8217;ov\u00ed i capr\u00ed proposat per la interprofessional del sector Interovic\">[+] <\/a><\/div>\n","protected":false},"author":12,"featured_media":112364,"comment_status":"open","ping_status":"open","sticky":false,"template":"","format":"standard","meta":{"footnotes":""},"categories":[10905,10898,10894,10904,10903,10896,10897],"tags":[85,490,11926],"class_list":{"0":"post-112365","1":"post","2":"type-post","3":"status-publish","4":"format-standard","5":"has-post-thumbnail","7":"category-agricultura-la-comarca-ca","8":"category-ventana-ca","9":"category-la-comarca-ca","10":"category-sin-categorizar-ca","11":"category-medio-ambiente-la-comarca-ca","12":"category-seccion-ca","13":"category-sucesos-la-comarca-ca","14":"tag-agricultura","15":"tag-ganaderia","16":"tag-la-unio-de-llauradors"},"_links":{"self":[{"href":"https:\/\/www.tucomarca.com\/wordpress\/segunda\/ca\/wp-json\/wp\/v2\/posts\/112365","targetHints":{"allow":["GET"]}}],"collection":[{"href":"https:\/\/www.tucomarca.com\/wordpress\/segunda\/ca\/wp-json\/wp\/v2\/posts"}],"about":[{"href":"https:\/\/www.tucomarca.com\/wordpress\/segunda\/ca\/wp-json\/wp\/v2\/types\/post"}],"author":[{"embeddable":true,"href":"https:\/\/www.tucomarca.com\/wordpress\/segunda\/ca\/wp-json\/wp\/v2\/users\/12"}],"replies":[{"embeddable":true,"href":"https:\/\/www.tucomarca.com\/wordpress\/segunda\/ca\/wp-json\/wp\/v2\/comments?post=112365"}],"version-history":[{"count":0,"href":"https:\/\/www.tucomarca.com\/wordpress\/segunda\/ca\/wp-json\/wp\/v2\/posts\/112365\/revisions"}],"wp:featuredmedia":[{"embeddable":true,"href":"https:\/\/www.tucomarca.com\/wordpress\/segunda\/ca\/wp-json\/wp\/v2\/media\/112364"}],"wp:attachment":[{"href":"https:\/\/www.tucomarca.com\/wordpress\/segunda\/ca\/wp-json\/wp\/v2\/media?parent=112365"}],"wp:term":[{"taxonomy":"category","embeddable":true,"href":"https:\/\/www.tucomarca.com\/wordpress\/segunda\/ca\/wp-json\/wp\/v2\/categories?post=112365"},{"taxonomy":"post_tag","embeddable":true,"href":"https:\/\/www.tucomarca.com\/wordpress\/segunda\/ca\/wp-json\/wp\/v2\/tags?post=112365"}],"curies":[{"name":"wp","href":"https:\/\/api.w.org\/{rel}","templated":true}]}}