{"id":112393,"date":"2020-08-24T19:05:58","date_gmt":"2020-08-24T17:05:58","guid":{"rendered":"http:\/\/www.tucomarca.com\/wordpress\/segunda\/?p=112393"},"modified":"2020-08-24T19:45:42","modified_gmt":"2020-08-24T17:45:42","slug":"esgotades-les-entrades-per-a-assistir-a-les-actuacions-de-dimarts-i-dimecres-en-lauditori-de-sant-lluis-de-bunyol","status":"publish","type":"post","link":"https:\/\/www.tucomarca.com\/wordpress\/segunda\/ca\/esgotades-les-entrades-per-a-assistir-a-les-actuacions-de-dimarts-i-dimecres-en-lauditori-de-sant-lluis-de-bunyol\/","title":{"rendered":"Esgotades les entrades per a assistir a les actuacions de dimarts i dimecres en l&#8217;Auditori de Sant Llu\u00eds de Bunyol"},"content":{"rendered":"\n<p><strong>La regidoria de Cultura Popular de l&#8217;Ajuntament de Bunyol tamb\u00e9 informa que El Musical El Llibre de la Selva de dissabte que ve es realitzar\u00e0 a les 19.30h i no a les 10h com es va dir la passada setmana<\/strong><\/p>\n\n\n\n<p>La regidoria de Cultura Popular de l&#8217;Ajuntament de Bu\u00f1ol informa el poble en general que totes les entrades possibles per assistir a les dues actuacions de dem\u00e0 i dimecres a l&#8217;Auditori de Sant Llu\u00eds estan esgotades.<\/p>\n\n\n\n<p>Dem\u00e0 dimarts Jaime Caravaca i Grison Beatbox van a realitzar una actuaci\u00f3 a les 19.30h, presentats pels indiscutibles Don Kuerales i els seus Modals. Dimecres Ra\u00fal Ant\u00f3n posar\u00e0 en escena, tamb\u00e9 a l&#8217;Auditori de Sant Llu\u00eds, i a la mateixa hora, un excel\u00b7lent mon\u00f2leg per al gaudi de tots els assistents.<\/p>\n\n\n\n<p>Per poder assistir a les dues seg\u00fcents actuacions que s&#8217;organitzen a l&#8217;Auditori de Sant Llu\u00eds han de reservar la seva entrada gratu\u00efta al web <a href=\"https:\/\/www.entradaonline.es\/event-locality\/bunol\/\">https:\/\/www.entradaonline.es\/event-locality\/bunol\/<\/a> Les dues properes estan previstes per al divendres 28 amb David Pastor Jazzcine improvisaci\u00f3, que posar\u00e0 en escena un concert anomenat concert Film Sessions. La seg\u00fcent \u00e9s el dissabte 29, per als m\u00e9s petits de la casa, el Musical El Llibre de la Selva. Ambdues a les 19.30h.<\/p>\n\n\n\n<p>Tot i que en el llibre de festes dif\u00f3s es va dir que aquest musical seria a les 10h, Rafael P\u00e9rez, regidor de Cultura Popular, ha destacat que l&#8217;horari \u00e9s a la tarda, a les 19.30h, encara que han de fer reserva gratu\u00efta entrant a aquesta web facilitada.<\/p>\n\n\n\n<p>Visites guiades a paratges de la localitat, concursos gastron\u00f2mics i castell de focs artificials continuen centrant l&#8217;atenci\u00f3 en aquesta setmana de Ni Festes Ni Fires, on l&#8217;Ajuntament torna a apel\u00b7lar a la responsabilitat individual i a l&#8217;acompliment de totes les normes sanit\u00e0ries i higi\u00e8niques per aconseguir frenar l&#8217;expansi\u00f3 del virus.<\/p>\n","protected":false},"excerpt":{"rendered":"<div class=\"mh-excerpt\">La regidoria de Cultura Popular de l&#8217;Ajuntament de Bunyol tamb\u00e9 informa que El Musical El Llibre de la Selva de dissabte que ve es realitzar\u00e0 a les 19.30h i no a les 10h com es <a class=\"mh-excerpt-more\" href=\"https:\/\/www.tucomarca.com\/wordpress\/segunda\/ca\/esgotades-les-entrades-per-a-assistir-a-les-actuacions-de-dimarts-i-dimecres-en-lauditori-de-sant-lluis-de-bunyol\/\" title=\"Esgotades les entrades per a assistir a les actuacions de dimarts i dimecres en l&#8217;Auditori de Sant Llu\u00eds de Bunyol\">[+] <\/a><\/div>\n","protected":false},"author":12,"featured_media":112162,"comment_status":"open","ping_status":"open","sticky":false,"template":"","format":"standard","meta":{"footnotes":""},"categories":[10911,12202,10894,10912,11004,11008,10896],"tags":[5335,12485],"class_list":{"0":"post-112393","1":"post","2":"type-post","3":"status-publish","4":"format-standard","5":"has-post-thumbnail","7":"category-bunol-ca","8":"category-covid-19-ca","9":"category-la-comarca-ca","10":"category-la-hoya-ca","11":"category-la-semana-en-imagenes-ca","12":"category-pueblos-en-fiestas-ca","13":"category-seccion-ca","14":"tag-ayuntamiento-de-bunol","15":"tag-ni-ferias-ni-fiestas-2020"},"_links":{"self":[{"href":"https:\/\/www.tucomarca.com\/wordpress\/segunda\/ca\/wp-json\/wp\/v2\/posts\/112393","targetHints":{"allow":["GET"]}}],"collection":[{"href":"https:\/\/www.tucomarca.com\/wordpress\/segunda\/ca\/wp-json\/wp\/v2\/posts"}],"about":[{"href":"https:\/\/www.tucomarca.com\/wordpress\/segunda\/ca\/wp-json\/wp\/v2\/types\/post"}],"author":[{"embeddable":true,"href":"https:\/\/www.tucomarca.com\/wordpress\/segunda\/ca\/wp-json\/wp\/v2\/users\/12"}],"replies":[{"embeddable":true,"href":"https:\/\/www.tucomarca.com\/wordpress\/segunda\/ca\/wp-json\/wp\/v2\/comments?post=112393"}],"version-history":[{"count":0,"href":"https:\/\/www.tucomarca.com\/wordpress\/segunda\/ca\/wp-json\/wp\/v2\/posts\/112393\/revisions"}],"wp:featuredmedia":[{"embeddable":true,"href":"https:\/\/www.tucomarca.com\/wordpress\/segunda\/ca\/wp-json\/wp\/v2\/media\/112162"}],"wp:attachment":[{"href":"https:\/\/www.tucomarca.com\/wordpress\/segunda\/ca\/wp-json\/wp\/v2\/media?parent=112393"}],"wp:term":[{"taxonomy":"category","embeddable":true,"href":"https:\/\/www.tucomarca.com\/wordpress\/segunda\/ca\/wp-json\/wp\/v2\/categories?post=112393"},{"taxonomy":"post_tag","embeddable":true,"href":"https:\/\/www.tucomarca.com\/wordpress\/segunda\/ca\/wp-json\/wp\/v2\/tags?post=112393"}],"curies":[{"name":"wp","href":"https:\/\/api.w.org\/{rel}","templated":true}]}}