{"id":112400,"date":"2020-08-24T19:10:17","date_gmt":"2020-08-24T17:10:17","guid":{"rendered":"http:\/\/www.tucomarca.com\/wordpress\/segunda\/?p=112400"},"modified":"2020-08-24T19:47:04","modified_gmt":"2020-08-24T17:47:04","slug":"riba-roja-installa-45-nous-contenidors-de-reciclatge-de-plastic-i-carto-per-a-cobrir-les-demandes-dels-veins","status":"publish","type":"post","link":"https:\/\/www.tucomarca.com\/wordpress\/segunda\/ca\/riba-roja-installa-45-nous-contenidors-de-reciclatge-de-plastic-i-carto-per-a-cobrir-les-demandes-dels-veins\/","title":{"rendered":"Riba-roja instal\u00b7la 45 nous contenidors de reciclatge de pl\u00e0stic i cart\u00f3 per a cobrir les demandes dels ve\u00edns"},"content":{"rendered":"\n<p><strong>Gr\u00e0cies als acords amb Ecoembes i el Consorci Val\u00e8ncia Interior<\/strong><\/p>\n\n\n\n<p>L&#8217;Ajuntament de Riba-roja de T\u00faria s&#8217;ampliar\u00e0 amb altres 45 contenidors nous el servei de reciclatge de pl\u00e0stics i cart\u00f3 tant que permetr\u00e0 cobrir el volum de residus que es generen, tant en el refor\u00e7 de les zones cr\u00edtiques com en noves ubicacions. Aquesta ampliaci\u00f3 ser\u00e0 possible gr\u00e0cies a l&#8217;acord assolit entre el consistori i dues empreses especialitzades en la gesti\u00f3 dels residus.<\/p>\n\n\n\n<p>El govern municipal de Riba-roja de T\u00faria ha arribat a un acord amb Ecoembes a trav\u00e9s del qual aquesta empresa ha subministrat a l&#8217;municipi un total de 25 contenidors de pl\u00e0stic destinats als principals punts de la localitat amb l&#8217;objectiu que es puguin satisfer les demandes dels ve\u00efns gr\u00e0cies a les iniciatives englobades al programa &#8220;Riba-roja Neta&#8221;.<\/p>\n\n\n\n<p>Aquesta primera fase que ja s&#8217;ha dut a terme amb la instal\u00b7laci\u00f3 d&#8217;aquests nous contenidors es refor\u00e7ar\u00e0 amb una segona en qu\u00e8 el Consorci Val\u00e8ncia Interior (CVI), mitjan\u00e7ant el corresponent conveni bilateral amb l&#8217;ajuntament, subministrar\u00e0 altres 20 contenidors de pl\u00e0stics per continuar amb la gesti\u00f3 dels residus en els punts de el terme municipal de Riba-roja de T\u00faria que m\u00e9s ho necessiten.<\/p>\n\n\n\n<p>Les noves 45 noves unitats amb qu\u00e8 es completar\u00e0 el pla de millora dels residus suposen un increment de l&#8217;35% en el global de la localitat, a el passar dels 130 contenidors que hi havia fins els 175 que hi haur\u00e0 un cop completat aquest programa. Tots els nous contenidors s&#8217;instal\u00b7laran en diverses \u00e0rees de casc urb\u00e0 i de les zones residencials en funci\u00f3 de les necessitats i de la demanda dels usuaris.<\/p>\n\n\n\n<p>L&#8217;Ajuntament de Riba-roja de T\u00faria ha rebut en el que portem d&#8217;any al voltant de 4.000 avisos per part dels ve\u00efns de terme municipal en qu\u00e8 comuniquen la generaci\u00f3 de les restes de poda i estris per a la posterior retirada per part de l&#8217;empresa encarregada de la mateixa. A m\u00e9s, cal destacar el servei municipal de revisi\u00f3 que es dedica a supervisar possibles focus de proliferaci\u00f3 de restes de poda o estris que alguns ve\u00efns hagen pogut dipositar en zones indegudes.<\/p>\n\n\n\n<p>Amb la instal\u00b7laci\u00f3 dels nous contenidors, l&#8217;ajuntament pret\u00e9n oferir un major servei als ve\u00efns de Riba-roja de T\u00faria a el temps que s&#8217;intenta una major sensibilitzaci\u00f3 dels usuaris per reciclar i dipositar cada tipus de residu al lloc correcte en funci\u00f3 de l&#8217; origen dels mateixos.<\/p>\n\n\n\n<p>L&#8217;alcalde de Riba-roja de T\u00faria, Robert Raga, ha afirmat que aquest pla &#8220;t\u00e9 un objectiu primordial de dotar els habitants de tots els serveis possibles perqu\u00e8 es pugui dur a terme una gesti\u00f3 efectiva dels residus s\u00f2lids en tot el terme municipal; un correcte reciclatge \u00e9s el cam\u00ed adequat per respectar el nostre entorn i complir amb els acords europeus en mat\u00e8ria de sostenibilitat i medi ambient&#8221;.<\/p>\n\n\n\n<p>A principis d&#8217;aquest estiu l&#8217;Ajuntament de Riba-roja de T\u00faria va aprovar una proposta per ampliar i millorar el servei de la recollida d&#8217;estris (trastos) i de poda al casc urb\u00e0 i en les diverses urbanitzacions fins a principis de l&#8217;any vinent. El cost de l&#8217;ampliaci\u00f3 d&#8217;aquests dos serveis que es presten fins ara ascendeix a un total de 52.143 euros.<\/p>\n\n\n\n<p>Amb el nou acord plenari, els serveis han passat a tenir una periodicitat major de manera que la recollida dels estris (trastos) passen de 2 a 4 dies a la setmana, amb dos serveis al nucli urb\u00e0 i dos m\u00e9s a les diferents \u00e0rees residencials de la localitat. Per la seua banda, el servei de recollida de la poda i productes vegetals ha passat de tenir 5 serveis a la setmana a altres 8 serveis setmanals, amb l&#8217;objectiu d&#8217;atendre la demanda i les necessitats existents, tant en el nucli urb\u00e0 i com a tot les \u00e0rees residencials de Riba-roja de T\u00faria.<\/p>\n","protected":false},"excerpt":{"rendered":"<div class=\"mh-excerpt\">Gr\u00e0cies als acords amb Ecoembes i el Consorci Val\u00e8ncia Interior L&#8217;Ajuntament de Riba-roja de T\u00faria s&#8217;ampliar\u00e0 amb altres 45 contenidors nous el servei de reciclatge de pl\u00e0stics i cart\u00f3 tant que permetr\u00e0 cobrir el volum <a class=\"mh-excerpt-more\" href=\"https:\/\/www.tucomarca.com\/wordpress\/segunda\/ca\/riba-roja-installa-45-nous-contenidors-de-reciclatge-de-plastic-i-carto-per-a-cobrir-les-demandes-dels-veins\/\" title=\"Riba-roja instal\u00b7la 45 nous contenidors de reciclatge de pl\u00e0stic i cart\u00f3 per a cobrir les demandes dels ve\u00edns\">[+] <\/a><\/div>\n","protected":false},"author":12,"featured_media":112399,"comment_status":"open","ping_status":"open","sticky":false,"template":"","format":"standard","meta":{"footnotes":""},"categories":[10892,10894,10903,10906,10896],"tags":[10631,10395,417,10220],"class_list":{"0":"post-112400","1":"post","2":"type-post","3":"status-publish","4":"format-standard","5":"has-post-thumbnail","7":"category-camp-de-turia-ca","8":"category-la-comarca-ca","9":"category-medio-ambiente-la-comarca-ca","10":"category-riba-roja-ca","11":"category-seccion-ca","12":"tag-ajuntament-de-riba-roja","13":"tag-camp-de-turia","14":"tag-consorcio-valencia-interior","15":"tag-cvi"},"_links":{"self":[{"href":"https:\/\/www.tucomarca.com\/wordpress\/segunda\/ca\/wp-json\/wp\/v2\/posts\/112400","targetHints":{"allow":["GET"]}}],"collection":[{"href":"https:\/\/www.tucomarca.com\/wordpress\/segunda\/ca\/wp-json\/wp\/v2\/posts"}],"about":[{"href":"https:\/\/www.tucomarca.com\/wordpress\/segunda\/ca\/wp-json\/wp\/v2\/types\/post"}],"author":[{"embeddable":true,"href":"https:\/\/www.tucomarca.com\/wordpress\/segunda\/ca\/wp-json\/wp\/v2\/users\/12"}],"replies":[{"embeddable":true,"href":"https:\/\/www.tucomarca.com\/wordpress\/segunda\/ca\/wp-json\/wp\/v2\/comments?post=112400"}],"version-history":[{"count":0,"href":"https:\/\/www.tucomarca.com\/wordpress\/segunda\/ca\/wp-json\/wp\/v2\/posts\/112400\/revisions"}],"wp:featuredmedia":[{"embeddable":true,"href":"https:\/\/www.tucomarca.com\/wordpress\/segunda\/ca\/wp-json\/wp\/v2\/media\/112399"}],"wp:attachment":[{"href":"https:\/\/www.tucomarca.com\/wordpress\/segunda\/ca\/wp-json\/wp\/v2\/media?parent=112400"}],"wp:term":[{"taxonomy":"category","embeddable":true,"href":"https:\/\/www.tucomarca.com\/wordpress\/segunda\/ca\/wp-json\/wp\/v2\/categories?post=112400"},{"taxonomy":"post_tag","embeddable":true,"href":"https:\/\/www.tucomarca.com\/wordpress\/segunda\/ca\/wp-json\/wp\/v2\/tags?post=112400"}],"curies":[{"name":"wp","href":"https:\/\/api.w.org\/{rel}","templated":true}]}}