{"id":113093,"date":"2020-09-07T20:01:59","date_gmt":"2020-09-07T18:01:59","guid":{"rendered":"http:\/\/www.tucomarca.com\/wordpress\/segunda\/?p=113093"},"modified":"2020-09-08T00:56:39","modified_gmt":"2020-09-07T22:56:39","slug":"la-regidoria-de-cultura-popular-de-lajuntament-de-bunyol-anuncia-els-guanyadors-dels-concursos-gastronomics-online","status":"publish","type":"post","link":"https:\/\/www.tucomarca.com\/wordpress\/segunda\/ca\/la-regidoria-de-cultura-popular-de-lajuntament-de-bunyol-anuncia-els-guanyadors-dels-concursos-gastronomics-online\/","title":{"rendered":"La regidoria de Cultura Popular de l&#8217;Ajuntament de Bunyol anuncia els guanyadors dels concursos gastron\u00f2mics online"},"content":{"rendered":"\n<p>Ja ha passat una setmana de la finalitzaci\u00f3 de les at\u00edpiques festes que ens ha tocat viure aquest any a les bunyoleres i bunyolers. Sens dubte no la recordarem per les rialles i an\u00e8cdotes viscudes en les revetles a la Pla\u00e7a de el Poble, o a la Tomatina. Per\u00f2 alguns afortunats la recordaren per ser els primers i esperem que \u00faltims guanyadors de les paelles, mojete i gaspatxo on-line.<\/p>\n\n\n\n<p>L&#8217;Ajuntament vol agrair la participaci\u00f3 responsable de les i els bunyolers. Han estat al voltant de 100 persones les que han participat i que sobretot han volgut posar-li un punt de color a aquesta setmana de ni Fires ni Festes, sempre des de la responsabilitat que requereix la situaci\u00f3 que estem vivint.<br> Hi ha hagut molta compet\u00e8ncia, per l&#8217;humor, la documentaci\u00f3 pas a pas, l&#8217;originalitat i la bona pinta dels plats presentats.<\/p>\n\n\n\n<p>Els afortunats s\u00f3n:<\/p>\n\n\n\n<figure class=\"wp-block-image\"><img loading=\"lazy\" decoding=\"async\" width=\"787\" height=\"838\" src=\"http:\/\/www.tucomarca.com\/wordpress\/segunda\/wp-content\/uploads\/2020\/09\/paella2020.jpg\" alt=\"\" class=\"wp-image-113086\" srcset=\"https:\/\/www.tucomarca.com\/wordpress\/segunda\/wp-content\/uploads\/2020\/09\/paella2020.jpg 787w, https:\/\/www.tucomarca.com\/wordpress\/segunda\/wp-content\/uploads\/2020\/09\/paella2020-282x300.jpg 282w, https:\/\/www.tucomarca.com\/wordpress\/segunda\/wp-content\/uploads\/2020\/09\/paella2020-768x818.jpg 768w\" sizes=\"auto, (max-width: 787px) 100vw, 787px\" \/><\/figure>\n\n\n\n<p><strong>#PaellasBu\u00f1ol2020<\/strong> Noelia Criado Rehues, per l&#8217;originalitat i el toc d&#8217;humor que li han donat a la seua paella.<\/p>\n\n\n\n<ul class=\"wp-block-gallery columns-1 is-cropped wp-block-gallery-1 is-layout-flex wp-block-gallery-is-layout-flex\"><li class=\"blocks-gallery-item\"><figure><img loading=\"lazy\" decoding=\"async\" width=\"787\" height=\"719\" src=\"http:\/\/www.tucomarca.com\/wordpress\/segunda\/wp-content\/uploads\/2020\/09\/mojete2020.jpg\" alt=\"\" data-id=\"113088\" data-link=\"http:\/\/www.tucomarca.com\/wordpress\/segunda\/?attachment_id=113088\" class=\"wp-image-113088\" srcset=\"https:\/\/www.tucomarca.com\/wordpress\/segunda\/wp-content\/uploads\/2020\/09\/mojete2020.jpg 787w, https:\/\/www.tucomarca.com\/wordpress\/segunda\/wp-content\/uploads\/2020\/09\/mojete2020-300x274.jpg 300w, https:\/\/www.tucomarca.com\/wordpress\/segunda\/wp-content\/uploads\/2020\/09\/mojete2020-768x702.jpg 768w\" sizes=\"auto, (max-width: 787px) 100vw, 787px\" \/><\/figure><\/li><\/ul>\n\n\n\n<p><strong>#mojetebu\u00f1ol2020<\/strong> Manuel Godoy i la seua quadrilla Els Espereketecos, per la presentaci\u00f3 pas a pas de l&#8217;elaboraci\u00f3 del mojete.<\/p>\n\n\n\n<figure class=\"wp-block-image\"><img loading=\"lazy\" decoding=\"async\" width=\"787\" height=\"866\" src=\"http:\/\/www.tucomarca.com\/wordpress\/segunda\/wp-content\/uploads\/2020\/09\/gazpacho2020.jpg\" alt=\"\" class=\"wp-image-113090\" srcset=\"https:\/\/www.tucomarca.com\/wordpress\/segunda\/wp-content\/uploads\/2020\/09\/gazpacho2020.jpg 787w, https:\/\/www.tucomarca.com\/wordpress\/segunda\/wp-content\/uploads\/2020\/09\/gazpacho2020-273x300.jpg 273w, https:\/\/www.tucomarca.com\/wordpress\/segunda\/wp-content\/uploads\/2020\/09\/gazpacho2020-768x845.jpg 768w\" sizes=\"auto, (max-width: 787px) 100vw, 787px\" \/><\/figure>\n\n\n\n<p><strong>#Gazpachobu\u00f1ol2020<\/strong> Sandra M Ma, per la qualitat fotogr\u00e0fica i per l&#8217;elaboraci\u00f3 del seu gaspatxo.<\/p>\n\n\n\n<p>Recordar que els premis consisteixen en un bo de 200 \u20ac per gastar en els comer\u00e7os de Bunyol i aix\u00ed fomentar el consum local.<\/p>\n\n\n\n<p>I finalment donar l&#8217;enhorabona als guanyadors i esperem que a l&#8217;any que ve puguem gaudir amb normalitat tant dels esdeveniments gastron\u00f2mics com de la resta d&#8217;actes culturals de la nostra Fira i Festes.<\/p>\n","protected":false},"excerpt":{"rendered":"<div class=\"mh-excerpt\">Ja ha passat una setmana de la finalitzaci\u00f3 de les at\u00edpiques festes que ens ha tocat viure aquest any a les bunyoleres i bunyolers. Sens dubte no la recordarem per les rialles i an\u00e8cdotes viscudes <a class=\"mh-excerpt-more\" href=\"https:\/\/www.tucomarca.com\/wordpress\/segunda\/ca\/la-regidoria-de-cultura-popular-de-lajuntament-de-bunyol-anuncia-els-guanyadors-dels-concursos-gastronomics-online\/\" title=\"La regidoria de Cultura Popular de l&#8217;Ajuntament de Bunyol anuncia els guanyadors dels concursos gastron\u00f2mics online\">[+] <\/a><\/div>\n","protected":false},"author":12,"featured_media":113087,"comment_status":"open","ping_status":"open","sticky":false,"template":"","format":"standard","meta":{"footnotes":""},"categories":[10911,10894,10912,11004,11008,10896],"tags":[5335,12482,5952,12525],"class_list":{"0":"post-113093","1":"post","2":"type-post","3":"status-publish","4":"format-standard","5":"has-post-thumbnail","7":"category-bunol-ca","8":"category-la-comarca-ca","9":"category-la-hoya-ca","10":"category-la-semana-en-imagenes-ca","11":"category-pueblos-en-fiestas-ca","12":"category-seccion-ca","13":"tag-ayuntamiento-de-bunol","14":"tag-concursos-gastronomicos","15":"tag-la-hoya-de-bunol-chiva","16":"tag-ni-feria-ni-fiestas-2020"},"_links":{"self":[{"href":"https:\/\/www.tucomarca.com\/wordpress\/segunda\/ca\/wp-json\/wp\/v2\/posts\/113093","targetHints":{"allow":["GET"]}}],"collection":[{"href":"https:\/\/www.tucomarca.com\/wordpress\/segunda\/ca\/wp-json\/wp\/v2\/posts"}],"about":[{"href":"https:\/\/www.tucomarca.com\/wordpress\/segunda\/ca\/wp-json\/wp\/v2\/types\/post"}],"author":[{"embeddable":true,"href":"https:\/\/www.tucomarca.com\/wordpress\/segunda\/ca\/wp-json\/wp\/v2\/users\/12"}],"replies":[{"embeddable":true,"href":"https:\/\/www.tucomarca.com\/wordpress\/segunda\/ca\/wp-json\/wp\/v2\/comments?post=113093"}],"version-history":[{"count":0,"href":"https:\/\/www.tucomarca.com\/wordpress\/segunda\/ca\/wp-json\/wp\/v2\/posts\/113093\/revisions"}],"wp:featuredmedia":[{"embeddable":true,"href":"https:\/\/www.tucomarca.com\/wordpress\/segunda\/ca\/wp-json\/wp\/v2\/media\/113087"}],"wp:attachment":[{"href":"https:\/\/www.tucomarca.com\/wordpress\/segunda\/ca\/wp-json\/wp\/v2\/media?parent=113093"}],"wp:term":[{"taxonomy":"category","embeddable":true,"href":"https:\/\/www.tucomarca.com\/wordpress\/segunda\/ca\/wp-json\/wp\/v2\/categories?post=113093"},{"taxonomy":"post_tag","embeddable":true,"href":"https:\/\/www.tucomarca.com\/wordpress\/segunda\/ca\/wp-json\/wp\/v2\/tags?post=113093"}],"curies":[{"name":"wp","href":"https:\/\/api.w.org\/{rel}","templated":true}]}}