{"id":113101,"date":"2020-09-07T20:00:48","date_gmt":"2020-09-07T18:00:48","guid":{"rendered":"http:\/\/www.tucomarca.com\/wordpress\/segunda\/?p=113101"},"modified":"2020-09-08T00:55:05","modified_gmt":"2020-09-07T22:55:05","slug":"el-primer-equip-de-futbol-femeni-amateur-de-cheste-inicia-els-seus-entrenaments","status":"publish","type":"post","link":"https:\/\/www.tucomarca.com\/wordpress\/segunda\/ca\/el-primer-equip-de-futbol-femeni-amateur-de-cheste-inicia-els-seus-entrenaments\/","title":{"rendered":"El primer equip de futbol femen\u00ed amateur de Xest inicia els seus entrenaments"},"content":{"rendered":"\n<p>Xest compta aquesta temporada amb un equip amateur de futbol femen\u00ed i els seus integrants ja han comen\u00e7at els entrenaments. &#8220;S\u00f3n el primer equip de futbol femen\u00ed amateur format a Xest, l&#8217;anella que li faltava a l&#8217;estructura de futbol femen\u00ed que s&#8217;ha creat a les escoles esportives municipals&#8221;, destaca el regidor d&#8217;Esports, Francisco Llorens.<\/p>\n\n\n\n<p>Vint-i-jugadores conformen aquest nou equip, amb edats compreses entre els 16 i els 30 anys. &#8220;En 3 anys el projecte de l&#8217;equip femen\u00ed de les EDM de Xest ha anat creixent i aquesta temporada comptem amb un grup de tecnificaci\u00f3 de prebenjam\u00ed i benjam\u00ed, un equip benjam\u00ed-alev\u00ed i un altre infantil-cadet; a m\u00e9s d&#8217;haver-se creat l&#8217;equip amateur que competir\u00e0 a la Lliga en 2a regional&#8221;, explica Vicente Garc\u00eda, coordinador de l&#8217;EDM de futbol. &#8220;El projecte segueix obert a totes les jugadores que vulguen formar part d&#8217;ell, de fet, encara ens queda incorporar a una portera, ja que fins ara estem funcionant amb la portera del cadet&#8221;.<\/p>\n\n\n\n<p>Tal com expliquen des de l&#8217;escola de futbol, \u200b\u200bamb la creaci\u00f3 de l&#8217;equip amateur, les xiques que practiquen futbol en les EDM de Xest disposaran d&#8217;un equip en qu\u00e8 jugar quan acaben la seua etapa a les categories infantils. &#8220;L&#8217;impuls de el futbol femen\u00ed a Xest \u00e9s un projecte molt il\u00b7lusionant i estic molt orgull\u00f3s de la seua evoluci\u00f3; per aix\u00f2 vull agrair tant a les jugadores com als monitors seva implicaci\u00f3 per fer-ho i tamb\u00e9 a l&#8217;alcalde per la seua confian\u00e7a en aquest projecte i la seua ajuda&#8221;, declara el regidor.<\/p>\n\n\n\n<p><strong>Protocol de seguretat<\/strong><\/p>\n\n\n\n<p>Tots els entrenaments de l&#8217;escola de futbol es duran a terme seguint un nou protocol amb mesures de seguretat i higiene. &#8220;En principi, les fam\u00edlies poden assistir als entrenaments, seguint el protocol. Hem dividit l&#8217;acc\u00e9s a camp, amb una entrada per a jugadors i jugadores i una altra per al p\u00fablic&#8221;, explica el coordinador de l&#8217;EDM de futbol. &#8220;Dins del camp tamb\u00e9 s&#8217;han de complir unes pautes, els jugadors i jugadores hauran de portar la pr\u00f2pia botella d&#8217;hidrataci\u00f3 i mantenir la normativa d&#8217;higiene; i els vestuaris estaran inhabilitats. A les grades, s&#8217;haur\u00e0 d&#8217;utilitzar mascareta i mantenir el distanciament social; a m\u00e9s, estar\u00e0 prohibit fumar&#8221;.<\/p>\n","protected":false},"excerpt":{"rendered":"<div class=\"mh-excerpt\">Xest compta aquesta temporada amb un equip amateur de futbol femen\u00ed i els seus integrants ja han comen\u00e7at els entrenaments. &#8220;S\u00f3n el primer equip de futbol femen\u00ed amateur format a Xest, l&#8217;anella que li faltava <a class=\"mh-excerpt-more\" href=\"https:\/\/www.tucomarca.com\/wordpress\/segunda\/ca\/el-primer-equip-de-futbol-femeni-amateur-de-cheste-inicia-els-seus-entrenaments\/\" title=\"El primer equip de futbol femen\u00ed amateur de Xest inicia els seus entrenaments\">[+] <\/a><\/div>\n","protected":false},"author":12,"featured_media":113100,"comment_status":"open","ping_status":"open","sticky":false,"template":"","format":"standard","meta":{"footnotes":""},"categories":[11015,11003,10894,10912,10896,10974],"tags":[10470,11372,12527,5952],"class_list":{"0":"post-113101","1":"post","2":"type-post","3":"status-publish","4":"format-standard","5":"has-post-thumbnail","7":"category-canal-futbol","8":"category-sports","9":"category-la-comarca-ca","10":"category-la-hoya-ca","11":"category-seccion-ca","12":"category-cheste-ca","13":"tag-ayuntamiento-de-cheste","14":"tag-edm-cheste","15":"tag-futbol-femenino","16":"tag-la-hoya-de-bunol-chiva"},"_links":{"self":[{"href":"https:\/\/www.tucomarca.com\/wordpress\/segunda\/ca\/wp-json\/wp\/v2\/posts\/113101","targetHints":{"allow":["GET"]}}],"collection":[{"href":"https:\/\/www.tucomarca.com\/wordpress\/segunda\/ca\/wp-json\/wp\/v2\/posts"}],"about":[{"href":"https:\/\/www.tucomarca.com\/wordpress\/segunda\/ca\/wp-json\/wp\/v2\/types\/post"}],"author":[{"embeddable":true,"href":"https:\/\/www.tucomarca.com\/wordpress\/segunda\/ca\/wp-json\/wp\/v2\/users\/12"}],"replies":[{"embeddable":true,"href":"https:\/\/www.tucomarca.com\/wordpress\/segunda\/ca\/wp-json\/wp\/v2\/comments?post=113101"}],"version-history":[{"count":0,"href":"https:\/\/www.tucomarca.com\/wordpress\/segunda\/ca\/wp-json\/wp\/v2\/posts\/113101\/revisions"}],"wp:featuredmedia":[{"embeddable":true,"href":"https:\/\/www.tucomarca.com\/wordpress\/segunda\/ca\/wp-json\/wp\/v2\/media\/113100"}],"wp:attachment":[{"href":"https:\/\/www.tucomarca.com\/wordpress\/segunda\/ca\/wp-json\/wp\/v2\/media?parent=113101"}],"wp:term":[{"taxonomy":"category","embeddable":true,"href":"https:\/\/www.tucomarca.com\/wordpress\/segunda\/ca\/wp-json\/wp\/v2\/categories?post=113101"},{"taxonomy":"post_tag","embeddable":true,"href":"https:\/\/www.tucomarca.com\/wordpress\/segunda\/ca\/wp-json\/wp\/v2\/tags?post=113101"}],"curies":[{"name":"wp","href":"https:\/\/api.w.org\/{rel}","templated":true}]}}