{"id":113105,"date":"2020-09-07T20:02:35","date_gmt":"2020-09-07T18:02:35","guid":{"rendered":"http:\/\/www.tucomarca.com\/wordpress\/segunda\/?p=113105"},"modified":"2020-09-08T00:59:00","modified_gmt":"2020-09-07T22:59:00","slug":"riba-roja-obri-a-les-visites-el-jaciment-apicola-de-porxinos-de-lepoca-ibera-unic-a-tot-espanya-envoltat-daqueductes-romans","status":"publish","type":"post","link":"https:\/\/www.tucomarca.com\/wordpress\/segunda\/ca\/riba-roja-obri-a-les-visites-el-jaciment-apicola-de-porxinos-de-lepoca-ibera-unic-a-tot-espanya-envoltat-daqueductes-romans\/","title":{"rendered":"Riba-roja obri a les visites el jaciment ap\u00edcola de Porxinos de l\u2019\u00e8poca ibera \u00fanic a tot Espanya envoltat d\u2019aq\u00fceductes romans"},"content":{"rendered":"\n<p><strong>L\u2019ajuntament posa en valor un dels empla\u00e7aments m\u00e9s importants de la vila<\/strong><\/p>\n\n\n\n<ul class=\"wp-block-gallery columns-2 is-cropped wp-block-gallery-1 is-layout-flex wp-block-gallery-is-layout-flex\"><li class=\"blocks-gallery-item\"><figure><img loading=\"lazy\" decoding=\"async\" width=\"787\" height=\"525\" src=\"http:\/\/www.tucomarca.com\/wordpress\/segunda\/wp-content\/uploads\/2020\/09\/Acueducto5.jpg\" alt=\"\" data-id=\"113109\" data-link=\"https:\/\/www.tucomarca.com\/wordpress\/segunda\/ca\/?attachment_id=113109\" class=\"wp-image-113109\" srcset=\"https:\/\/www.tucomarca.com\/wordpress\/segunda\/wp-content\/uploads\/2020\/09\/Acueducto5.jpg 787w, https:\/\/www.tucomarca.com\/wordpress\/segunda\/wp-content\/uploads\/2020\/09\/Acueducto5-300x200.jpg 300w, https:\/\/www.tucomarca.com\/wordpress\/segunda\/wp-content\/uploads\/2020\/09\/Acueducto5-768x512.jpg 768w\" sizes=\"auto, (max-width: 787px) 100vw, 787px\" \/><\/figure><\/li><li class=\"blocks-gallery-item\"><figure><img loading=\"lazy\" decoding=\"async\" width=\"787\" height=\"525\" src=\"http:\/\/www.tucomarca.com\/wordpress\/segunda\/wp-content\/uploads\/2020\/09\/Acueducto7.jpg\" alt=\"\" data-id=\"113111\" data-link=\"https:\/\/www.tucomarca.com\/wordpress\/segunda\/ca\/?attachment_id=113111\" class=\"wp-image-113111\" srcset=\"https:\/\/www.tucomarca.com\/wordpress\/segunda\/wp-content\/uploads\/2020\/09\/Acueducto7.jpg 787w, https:\/\/www.tucomarca.com\/wordpress\/segunda\/wp-content\/uploads\/2020\/09\/Acueducto7-300x200.jpg 300w, https:\/\/www.tucomarca.com\/wordpress\/segunda\/wp-content\/uploads\/2020\/09\/Acueducto7-768x512.jpg 768w\" sizes=\"auto, (max-width: 787px) 100vw, 787px\" \/><\/figure><\/li><li class=\"blocks-gallery-item\"><figure><img loading=\"lazy\" decoding=\"async\" width=\"787\" height=\"630\" src=\"http:\/\/www.tucomarca.com\/wordpress\/segunda\/wp-content\/uploads\/2020\/09\/FontetaRaquia.jpg\" alt=\"\" data-id=\"113113\" data-link=\"https:\/\/www.tucomarca.com\/wordpress\/segunda\/ca\/?attachment_id=113113\" class=\"wp-image-113113\" srcset=\"https:\/\/www.tucomarca.com\/wordpress\/segunda\/wp-content\/uploads\/2020\/09\/FontetaRaquia.jpg 787w, https:\/\/www.tucomarca.com\/wordpress\/segunda\/wp-content\/uploads\/2020\/09\/FontetaRaquia-300x240.jpg 300w, https:\/\/www.tucomarca.com\/wordpress\/segunda\/wp-content\/uploads\/2020\/09\/FontetaRaquia-768x615.jpg 768w\" sizes=\"auto, (max-width: 787px) 100vw, 787px\" \/><\/figure><\/li><li class=\"blocks-gallery-item\"><figure><img loading=\"lazy\" decoding=\"async\" width=\"787\" height=\"630\" src=\"http:\/\/www.tucomarca.com\/wordpress\/segunda\/wp-content\/uploads\/2020\/09\/fontetaRaquia2.jpg\" alt=\"\" data-id=\"113117\" data-link=\"https:\/\/www.tucomarca.com\/wordpress\/segunda\/ca\/?attachment_id=113117\" class=\"wp-image-113117\" srcset=\"https:\/\/www.tucomarca.com\/wordpress\/segunda\/wp-content\/uploads\/2020\/09\/fontetaRaquia2.jpg 787w, https:\/\/www.tucomarca.com\/wordpress\/segunda\/wp-content\/uploads\/2020\/09\/fontetaRaquia2-300x240.jpg 300w, https:\/\/www.tucomarca.com\/wordpress\/segunda\/wp-content\/uploads\/2020\/09\/fontetaRaquia2-768x615.jpg 768w\" sizes=\"auto, (max-width: 787px) 100vw, 787px\" \/><\/figure><\/li><li class=\"blocks-gallery-item\"><figure><img loading=\"lazy\" decoding=\"async\" width=\"787\" height=\"590\" src=\"http:\/\/www.tucomarca.com\/wordpress\/segunda\/wp-content\/uploads\/2020\/09\/FornCalc.jpg\" alt=\"\" data-id=\"113121\" data-link=\"https:\/\/www.tucomarca.com\/wordpress\/segunda\/ca\/?attachment_id=113121\" class=\"wp-image-113121\" srcset=\"https:\/\/www.tucomarca.com\/wordpress\/segunda\/wp-content\/uploads\/2020\/09\/FornCalc.jpg 787w, https:\/\/www.tucomarca.com\/wordpress\/segunda\/wp-content\/uploads\/2020\/09\/FornCalc-300x225.jpg 300w, https:\/\/www.tucomarca.com\/wordpress\/segunda\/wp-content\/uploads\/2020\/09\/FornCalc-768x576.jpg 768w, https:\/\/www.tucomarca.com\/wordpress\/segunda\/wp-content\/uploads\/2020\/09\/FornCalc-678x509.jpg 678w, https:\/\/www.tucomarca.com\/wordpress\/segunda\/wp-content\/uploads\/2020\/09\/FornCalc-326x245.jpg 326w, https:\/\/www.tucomarca.com\/wordpress\/segunda\/wp-content\/uploads\/2020\/09\/FornCalc-80x60.jpg 80w\" sizes=\"auto, (max-width: 787px) 100vw, 787px\" \/><\/figure><\/li><li class=\"blocks-gallery-item\"><figure><img loading=\"lazy\" decoding=\"async\" width=\"787\" height=\"529\" src=\"http:\/\/www.tucomarca.com\/wordpress\/segunda\/wp-content\/uploads\/2020\/09\/Porxinos2.jpg\" alt=\"\" data-id=\"113123\" data-link=\"https:\/\/www.tucomarca.com\/wordpress\/segunda\/ca\/?attachment_id=113123\" class=\"wp-image-113123\" srcset=\"https:\/\/www.tucomarca.com\/wordpress\/segunda\/wp-content\/uploads\/2020\/09\/Porxinos2.jpg 787w, https:\/\/www.tucomarca.com\/wordpress\/segunda\/wp-content\/uploads\/2020\/09\/Porxinos2-300x202.jpg 300w, https:\/\/www.tucomarca.com\/wordpress\/segunda\/wp-content\/uploads\/2020\/09\/Porxinos2-768x516.jpg 768w\" sizes=\"auto, (max-width: 787px) 100vw, 787px\" \/><\/figure><\/li><li class=\"blocks-gallery-item\"><figure><img loading=\"lazy\" decoding=\"async\" width=\"787\" height=\"597\" src=\"http:\/\/www.tucomarca.com\/wordpress\/segunda\/wp-content\/uploads\/2020\/09\/Porxinos3.jpg\" alt=\"\" data-id=\"113125\" data-link=\"https:\/\/www.tucomarca.com\/wordpress\/segunda\/ca\/?attachment_id=113125\" class=\"wp-image-113125\" srcset=\"https:\/\/www.tucomarca.com\/wordpress\/segunda\/wp-content\/uploads\/2020\/09\/Porxinos3.jpg 787w, https:\/\/www.tucomarca.com\/wordpress\/segunda\/wp-content\/uploads\/2020\/09\/Porxinos3-300x228.jpg 300w, https:\/\/www.tucomarca.com\/wordpress\/segunda\/wp-content\/uploads\/2020\/09\/Porxinos3-768x583.jpg 768w, https:\/\/www.tucomarca.com\/wordpress\/segunda\/wp-content\/uploads\/2020\/09\/Porxinos3-80x60.jpg 80w\" sizes=\"auto, (max-width: 787px) 100vw, 787px\" \/><\/figure><\/li><li class=\"blocks-gallery-item\"><figure><img loading=\"lazy\" decoding=\"async\" width=\"787\" height=\"521\" src=\"http:\/\/www.tucomarca.com\/wordpress\/segunda\/wp-content\/uploads\/2020\/09\/Porxinos5.jpg\" alt=\"\" data-id=\"113127\" data-link=\"https:\/\/www.tucomarca.com\/wordpress\/segunda\/ca\/?attachment_id=113127\" class=\"wp-image-113127\" srcset=\"https:\/\/www.tucomarca.com\/wordpress\/segunda\/wp-content\/uploads\/2020\/09\/Porxinos5.jpg 787w, https:\/\/www.tucomarca.com\/wordpress\/segunda\/wp-content\/uploads\/2020\/09\/Porxinos5-300x199.jpg 300w, https:\/\/www.tucomarca.com\/wordpress\/segunda\/wp-content\/uploads\/2020\/09\/Porxinos5-768x508.jpg 768w\" sizes=\"auto, (max-width: 787px) 100vw, 787px\" \/><\/figure><\/li><li class=\"blocks-gallery-item\"><figure><img loading=\"lazy\" decoding=\"async\" width=\"787\" height=\"590\" src=\"http:\/\/www.tucomarca.com\/wordpress\/segunda\/wp-content\/uploads\/2020\/09\/restos-1.jpg\" alt=\"\" data-id=\"113129\" data-link=\"https:\/\/www.tucomarca.com\/wordpress\/segunda\/ca\/?attachment_id=113129\" class=\"wp-image-113129\" srcset=\"https:\/\/www.tucomarca.com\/wordpress\/segunda\/wp-content\/uploads\/2020\/09\/restos-1.jpg 787w, https:\/\/www.tucomarca.com\/wordpress\/segunda\/wp-content\/uploads\/2020\/09\/restos-1-300x225.jpg 300w, https:\/\/www.tucomarca.com\/wordpress\/segunda\/wp-content\/uploads\/2020\/09\/restos-1-768x576.jpg 768w, https:\/\/www.tucomarca.com\/wordpress\/segunda\/wp-content\/uploads\/2020\/09\/restos-1-678x509.jpg 678w, https:\/\/www.tucomarca.com\/wordpress\/segunda\/wp-content\/uploads\/2020\/09\/restos-1-326x245.jpg 326w, https:\/\/www.tucomarca.com\/wordpress\/segunda\/wp-content\/uploads\/2020\/09\/restos-1-80x60.jpg 80w\" sizes=\"auto, (max-width: 787px) 100vw, 787px\" \/><\/figure><\/li><li class=\"blocks-gallery-item\"><figure><img loading=\"lazy\" decoding=\"async\" width=\"787\" height=\"556\" src=\"http:\/\/www.tucomarca.com\/wordpress\/segunda\/wp-content\/uploads\/2020\/09\/restos2-1.jpg\" alt=\"\" data-id=\"113131\" data-link=\"https:\/\/www.tucomarca.com\/wordpress\/segunda\/ca\/?attachment_id=113131\" class=\"wp-image-113131\" srcset=\"https:\/\/www.tucomarca.com\/wordpress\/segunda\/wp-content\/uploads\/2020\/09\/restos2-1.jpg 787w, https:\/\/www.tucomarca.com\/wordpress\/segunda\/wp-content\/uploads\/2020\/09\/restos2-1-300x212.jpg 300w, https:\/\/www.tucomarca.com\/wordpress\/segunda\/wp-content\/uploads\/2020\/09\/restos2-1-768x543.jpg 768w\" sizes=\"auto, (max-width: 787px) 100vw, 787px\" \/><\/figure><\/li><\/ul>\n\n\n\n<p>L\u2019Ajuntament de Riba-roja de T\u00faria ha posat en valor este estiu les troballes arqueol\u00f2giques de l\u2019\u00fanic jaciment ap\u00edcola de l\u2019\u00e8poca ibera ubicat al cor de la Vall de Porxinos per la seua import\u00e0ncia en el conjunt de tota Espanya. Les troballes s\u00f3n fruit dels treballs realitzats l\u2019any 2008 sobre una extensi\u00f3 de terrenys de vora cinc-cents metres en un dels enclavaments naturals m\u00e9s extensos del municipi.&nbsp;<\/p>\n\n\n\n<p>El jaciment ap\u00edcola forma part de les rutes que ha posat en marxa per a enguany l\u2019Ajuntament de Riba-roja de T\u00faria amb la finalitat de difondre el patrimoni arqueol\u00f2gic de la localitat, especialment pel que fa a les restes d\u2019\u00e8poca ibera i tamb\u00e9 una atenci\u00f3 als trams dels aq\u00fceductes existents de l\u2019\u00e8poca romana ubicats al barranc de Porxinos, protegits com a b\u00e9 de rellev\u00e0ncia local (BRL) pel plenari. &nbsp;<\/p>\n\n\n\n<p>Amb la denominaci\u00f3 de \u201cFonteta R\u00e0quia\u201d, el seu descobriment ha servit com a reclam tur\u00edstic i un dels motius per visitar un paratge natural dins del parc natural del T\u00faria i que se va ser objecte d\u2019un estudi arqueol\u00f2gic per part dels experts. En l\u2019esmentat treball es van trobar fins a 140 quilograms de fragments que equivaldrien a uns 200 ruscos de la mel produ\u00efda en el per\u00edode de temps en qu\u00e8 va estar en funcionament.&nbsp;<\/p>\n\n\n\n<p>\u00c9s per aix\u00f2 que l\u2019\u00e0rea de Turisme de Riba-rona de T\u00faria ha dissenyat diversos programes al llarg de tot l\u2019estiu adaptats a la normativa marcada per les autoritats sanit\u00e0ries pel que fa al Covid-19. Entre les activitats cal esmentar l\u2019anomenada ruta de l\u2019aigua, el castell XI i els museus del Mupla, el Muca i l\u2019Espai d\u2019Art Contemporani (Eca), a m\u00e9s dels senders culturals per la Vall de Porxinos, el Secret Visigot del Pla de Nadal i activitats com El Parc Natural al llum de la nit, descensos en caiac o rutes en bicicleta. &nbsp;<\/p>\n\n\n\n<p>L\u2019excursi\u00f3 preparada per con\u00e8ixer amb m\u00e9s profunditat esta zona del terme municipal compr\u00e8n una visita al Forn de la Cal\u00e7 de la Cara de l\u2019Indi, el jaciment ap\u00edcola de la Fonteta R\u00e0quia i, finalment, per acabar amb els aq\u00fceductes de Porxinos.&nbsp;<\/p>\n\n\n\n<p>El jaciment ap\u00edcola est\u00e0 considerat pels experts arque\u00f2legs com l\u2019\u00fanic existent a tot l\u2019Estat per la seua funci\u00f3 com a productor de mel, que es remunta als segles IV-III abans de Crist a la zona sud-est de Porxinos, amb abundants troballes en forma de fragments cer\u00e0mics corresponents als ruscos que hi ha via durant els anys d\u2019esplendor. El top\u00f2nim Fonteta pren el seu nom del sorgiment d\u2019aigua que hi havia en un dels costats de la muntanya i que servia perqu\u00e8 les abelles pogueren abastir-se d\u2019aigua per produir la mel.&nbsp;<\/p>\n\n\n\n<p>Les prospeccions arqueol\u00f2giques van permetre trobar tot un seguit d\u2019estris i recipients per a l\u2019emmagatzematge, especialment de cuina, tot i que les restes dels ruscos s\u00f3n les m\u00e9s abundants en la zona. Amb cilindres d\u2019entre 55 i 60 cent\u00edmetres de longitud i entre 20 i 30 de di\u00e0metre, es troben oberts pels dos costats i amb una superf\u00edcie recoberta en tota la seua extensi\u00f3.&nbsp;<\/p>\n\n\n\n<p>Els estudis, a m\u00e9s, consideren que la Fonteta R\u00e0quia complia les funcions d\u2019assentament ap\u00edcola en el qual hi residia una fam\u00edlia de forma regular i permanent a fi de tindre cura dels ruscos de la mel i d\u2019eixa manera que evitar-ne els furts o possibles destruccions dels enemics. En eixe cas, tamb\u00e9 cal afegir que la producci\u00f3 anual de la mel era molt importants atesa la quantitat d\u2019estris trobats.&nbsp;<\/p>\n\n\n\n<p>El jaciment ap\u00edcola es completa amb la xarxa dels aq\u00fceductes i canals que hi havia a la zona i que es remunten a l\u2019\u00e8poca romana i que s\u00f3n importants especialment per a les tasques agr\u00edcoles que s\u2019hi portaven a terme durant eixos anys i que recorren paral\u00b7lels al marge dret del riu T\u00faria. Els trams m\u00e9s grans estan ubicats a la Vall de Porxinos, del qual en destaca un arc que uneix els dos costat del barranc, els murs i una bassa d\u2019aigua. Tot i que els trams estan prop els uns dels altres, no hi ha const\u00e0ncia expressa que en formaren part d\u2019un mateix aq\u00fceducte.&nbsp;<\/p>\n\n\n\n<p>L\u2019alcalde de Riba-roja de T\u00faria, Robert Raga, ha assenyalat el valor \u201cecol\u00f2gic, patrimonial i arqueol\u00f2gic que presenta la Vall de Porxinos, amb unes restes que ens recorden les formes de vida de les civilitzacions que hi han passat durant segles al nostre municipi i que per a nosaltres suposa una obligaci\u00f3 recuperar-les, mantindre-les i difondre el seu llegat hist\u00f2ric i cultural\u201d.<\/p>\n","protected":false},"excerpt":{"rendered":"<div class=\"mh-excerpt\">L\u2019ajuntament posa en valor un dels empla\u00e7aments m\u00e9s importants de la vila L\u2019Ajuntament de Riba-roja de T\u00faria ha posat en valor este estiu les troballes arqueol\u00f2giques de l\u2019\u00fanic jaciment ap\u00edcola de l\u2019\u00e8poca ibera ubicat al <a class=\"mh-excerpt-more\" href=\"https:\/\/www.tucomarca.com\/wordpress\/segunda\/ca\/riba-roja-obri-a-les-visites-el-jaciment-apicola-de-porxinos-de-lepoca-ibera-unic-a-tot-espanya-envoltat-daqueductes-romans\/\" title=\"Riba-roja obri a les visites el jaciment ap\u00edcola de Porxinos de l\u2019\u00e8poca ibera \u00fanic a tot Espanya envoltat d\u2019aq\u00fceductes romans\">[+] <\/a><\/div>\n","protected":false},"author":12,"featured_media":113107,"comment_status":"open","ping_status":"open","sticky":false,"template":"","format":"gallery","meta":{"footnotes":""},"categories":[10892,10898,10894,11007,10906,10896],"tags":[10631,10395,5227],"class_list":{"0":"post-113105","1":"post","2":"type-post","3":"status-publish","4":"format-gallery","5":"has-post-thumbnail","7":"category-camp-de-turia-ca","8":"category-ventana-ca","9":"category-la-comarca-ca","10":"category-ocio-y-cultura-ca","11":"category-riba-roja-ca","12":"category-seccion-ca","13":"tag-ajuntament-de-riba-roja","14":"tag-camp-de-turia","15":"tag-porxinos","16":"post_format-post-format-gallery"},"_links":{"self":[{"href":"https:\/\/www.tucomarca.com\/wordpress\/segunda\/ca\/wp-json\/wp\/v2\/posts\/113105","targetHints":{"allow":["GET"]}}],"collection":[{"href":"https:\/\/www.tucomarca.com\/wordpress\/segunda\/ca\/wp-json\/wp\/v2\/posts"}],"about":[{"href":"https:\/\/www.tucomarca.com\/wordpress\/segunda\/ca\/wp-json\/wp\/v2\/types\/post"}],"author":[{"embeddable":true,"href":"https:\/\/www.tucomarca.com\/wordpress\/segunda\/ca\/wp-json\/wp\/v2\/users\/12"}],"replies":[{"embeddable":true,"href":"https:\/\/www.tucomarca.com\/wordpress\/segunda\/ca\/wp-json\/wp\/v2\/comments?post=113105"}],"version-history":[{"count":0,"href":"https:\/\/www.tucomarca.com\/wordpress\/segunda\/ca\/wp-json\/wp\/v2\/posts\/113105\/revisions"}],"wp:featuredmedia":[{"embeddable":true,"href":"https:\/\/www.tucomarca.com\/wordpress\/segunda\/ca\/wp-json\/wp\/v2\/media\/113107"}],"wp:attachment":[{"href":"https:\/\/www.tucomarca.com\/wordpress\/segunda\/ca\/wp-json\/wp\/v2\/media?parent=113105"}],"wp:term":[{"taxonomy":"category","embeddable":true,"href":"https:\/\/www.tucomarca.com\/wordpress\/segunda\/ca\/wp-json\/wp\/v2\/categories?post=113105"},{"taxonomy":"post_tag","embeddable":true,"href":"https:\/\/www.tucomarca.com\/wordpress\/segunda\/ca\/wp-json\/wp\/v2\/tags?post=113105"}],"curies":[{"name":"wp","href":"https:\/\/api.w.org\/{rel}","templated":true}]}}