{"id":113146,"date":"2020-09-07T19:55:31","date_gmt":"2020-09-07T17:55:31","guid":{"rendered":"http:\/\/www.tucomarca.com\/wordpress\/segunda\/?p=113146"},"modified":"2020-09-08T01:00:53","modified_gmt":"2020-09-07T23:00:53","slug":"linici-del-curs-escolar-arranca-a-utiel-amb-mesures-intensives-dhigiene-i-seguretat","status":"publish","type":"post","link":"https:\/\/www.tucomarca.com\/wordpress\/segunda\/ca\/linici-del-curs-escolar-arranca-a-utiel-amb-mesures-intensives-dhigiene-i-seguretat\/","title":{"rendered":"L&#8217;inici del curs escolar arranca a Utiel amb mesures intensives d&#8217;higiene i seguretat"},"content":{"rendered":"\n<p>Hui ha comen\u00e7at el curs 2020\/2021 i cada centre educatiu d&#8217;Utiel ha marcat aquesta tornada a les aules seguint les directrius de la Conselleria d&#8217;Educaci\u00f3 amb la incorporaci\u00f3 esglaonada de l&#8217;alumnat fins al proper divendres 11 de setembre.<\/p>\n\n\n\n<p><strong>Intensificaci\u00f3 de mesures d&#8217;higiene i seguretat<\/strong><\/p>\n\n\n\n<p>Durant les \u00faltimes setmanes, els equips directius dels centres educatius del municipi s&#8217;han reunit amb l&#8217;alcalde i la regidora d&#8217;educaci\u00f3 de l&#8217;Ajuntament d&#8217;Utiel per a establir les mesures necess\u00e0ries que permeteren una volta als col\u00b7legis segura.<\/p>\n\n\n\n<p>En aquest sentit, s&#8217;ha intensificat el servei de neteja en tots els centres, organitzant dos torns, un de mat\u00ed i un altre de vesprada, per aplicar els protocols d&#8217;higiene i desinfecci\u00f3 establerts<\/p>\n\n\n\n<p>A m\u00e9s, s&#8217;han delimitat zones espec\u00edfiques en els accessos als col\u00b7legis per evitar aglomeracions a l&#8217;entrada i sortida de les classes.<\/p>\n\n\n\n<p><strong>Ampliaci\u00f3 de personal docent<\/strong><\/p>\n\n\n\n<p>La Conselleria d&#8217;Educaci\u00f3, Cultura i Esport ha augmentat la contractaci\u00f3 de personal docent per implementar r\u00e0tios redu\u00efdes que permeten mantenir la dist\u00e0ncia de seguretat entre l&#8217;alumnat.<\/p>\n\n\n\n<p>Aix\u00ed, a Utiel, l&#8217;administraci\u00f3 auton\u00f2mica ha incorporat 6 docents m\u00e9s per complir amb les mesures COVID i mantenir una tornada a les aules en condicions de m\u00e0xima seguretat.<\/p>\n\n\n\n<p><strong>Aula Segura<\/strong><\/p>\n\n\n\n<p>La Conselleria ha activat el web aulasegura.es, on es posa a disposici\u00f3 de la comunitat educativa tota la informaci\u00f3 sobre protocols de seguretat, higiene i protecci\u00f3 que establixen els centres educatius per fer front a la COVID-19, aix\u00ed com una guia amb els passos a seguir en cas de detecci\u00f3 de contagis i preguntes freq\u00fcents sobre la tornada a classe.<\/p>\n\n\n\n<p>Entre la informaci\u00f3 que es pot trobar a aulasegura.es est\u00e0 l&#8217;obligatorietat de l&#8217;alumnat a partir de sis anys de portar mascareta tant en els espais comuns com a les aules. L&#8217;\u00fas d&#8217;aquesta mesura de protecci\u00f3 tamb\u00e9 \u00e9s obligatori en tot moment per al professorat i per al personal no docent.<\/p>\n\n\n\n<p>En les diferents finestres de la web es pot trobar informaci\u00f3 sobre l&#8217;\u00fas de mascaretes, el control de la temperatura, la mobilitat dins del recinte educatiu, les mesures de desinfecci\u00f3 dels centres, com est\u00e0 organitzat el menjador i el transport escolar, quin \u00e9s l&#8217;horari lectiu de l&#8217;alumnat, qu\u00e8 \u00e9s l&#8217;espai COVID-19 de cada centre o com es porta a terme la coordinaci\u00f3 entre el centre educatiu i el seu centre de salut de refer\u00e8ncia.<\/p>\n","protected":false},"excerpt":{"rendered":"<div class=\"mh-excerpt\">Hui ha comen\u00e7at el curs 2020\/2021 i cada centre educatiu d&#8217;Utiel ha marcat aquesta tornada a les aules seguint les directrius de la Conselleria d&#8217;Educaci\u00f3 amb la incorporaci\u00f3 esglaonada de l&#8217;alumnat fins al proper divendres <a class=\"mh-excerpt-more\" href=\"https:\/\/www.tucomarca.com\/wordpress\/segunda\/ca\/linici-del-curs-escolar-arranca-a-utiel-amb-mesures-intensives-dhigiene-i-seguretat\/\" title=\"L&#8217;inici del curs escolar arranca a Utiel amb mesures intensives d&#8217;higiene i seguretat\">[+] <\/a><\/div>\n","protected":false},"author":12,"featured_media":113145,"comment_status":"open","ping_status":"open","sticky":false,"template":"","format":"standard","meta":{"footnotes":""},"categories":[11010,12202,10948,10894,10909,10896,10897,11059],"tags":[10574,11289,12517],"class_list":{"0":"post-113146","1":"post","2":"type-post","3":"status-publish","4":"format-standard","5":"has-post-thumbnail","7":"category-canal-salud","8":"category-covid-19-ca","9":"category-infraestructuras-ca","10":"category-la-comarca-ca","11":"category-requena-utiel-ca","12":"category-seccion-ca","13":"category-sucesos-la-comarca-ca","14":"category-utiel-ca","15":"tag-ayuntamiento-de-utiel","16":"tag-comarca-utiel-requena","17":"tag-vuelta-al-cole"},"_links":{"self":[{"href":"https:\/\/www.tucomarca.com\/wordpress\/segunda\/ca\/wp-json\/wp\/v2\/posts\/113146","targetHints":{"allow":["GET"]}}],"collection":[{"href":"https:\/\/www.tucomarca.com\/wordpress\/segunda\/ca\/wp-json\/wp\/v2\/posts"}],"about":[{"href":"https:\/\/www.tucomarca.com\/wordpress\/segunda\/ca\/wp-json\/wp\/v2\/types\/post"}],"author":[{"embeddable":true,"href":"https:\/\/www.tucomarca.com\/wordpress\/segunda\/ca\/wp-json\/wp\/v2\/users\/12"}],"replies":[{"embeddable":true,"href":"https:\/\/www.tucomarca.com\/wordpress\/segunda\/ca\/wp-json\/wp\/v2\/comments?post=113146"}],"version-history":[{"count":0,"href":"https:\/\/www.tucomarca.com\/wordpress\/segunda\/ca\/wp-json\/wp\/v2\/posts\/113146\/revisions"}],"wp:featuredmedia":[{"embeddable":true,"href":"https:\/\/www.tucomarca.com\/wordpress\/segunda\/ca\/wp-json\/wp\/v2\/media\/113145"}],"wp:attachment":[{"href":"https:\/\/www.tucomarca.com\/wordpress\/segunda\/ca\/wp-json\/wp\/v2\/media?parent=113146"}],"wp:term":[{"taxonomy":"category","embeddable":true,"href":"https:\/\/www.tucomarca.com\/wordpress\/segunda\/ca\/wp-json\/wp\/v2\/categories?post=113146"},{"taxonomy":"post_tag","embeddable":true,"href":"https:\/\/www.tucomarca.com\/wordpress\/segunda\/ca\/wp-json\/wp\/v2\/tags?post=113146"}],"curies":[{"name":"wp","href":"https:\/\/api.w.org\/{rel}","templated":true}]}}