{"id":113154,"date":"2020-09-07T19:00:33","date_gmt":"2020-09-07T17:00:33","guid":{"rendered":"http:\/\/www.tucomarca.com\/wordpress\/segunda\/?p=113154"},"modified":"2020-09-08T01:02:46","modified_gmt":"2020-09-07T23:02:46","slug":"comenca-una-nova-temporada-del-club-de-lectura-a-cheste","status":"publish","type":"post","link":"https:\/\/www.tucomarca.com\/wordpress\/segunda\/ca\/comenca-una-nova-temporada-del-club-de-lectura-a-cheste\/","title":{"rendered":"Comen\u00e7a una nova temporada del club de lectura a Cheste"},"content":{"rendered":"\n<p>Dem\u00e0, dimarts 8 de setembre, comen\u00e7a una nova temporada de club de lectura, organitzada per la regidoria de Cultura, que es realitzar\u00e0 seguint la mateixa din\u00e0mica, per\u00f2 adaptada a la normativa sanit\u00e0ria per a la prevenci\u00f3 de contagis de COVID-19.<\/p>\n\n\n\n<p>L&#8217;activitat seguir\u00e0 estant coordinada per Rosa Mar\u00edn, de S\u00e9nia Projectes Educatius, i les reunions tindran lloc el primer dimarts de cada mes, excepte quan es tracti d&#8217;un festiu, que passar\u00e0 a el seg\u00fcent dimarts lectiu, i es desenvolupar\u00e0 en horari de 17:30 a 19:30 hores a la sala polivalent de la biblioteca.<\/p>\n\n\n\n<p>&#8220;Vam iniciar la temporada amb il\u00b7lusions renovades, amb ganes de compartir lectures, impressions i experi\u00e8ncies lectores amb els i les assistents&#8221;, ha apuntat Mar\u00edn. &#8220;En la nostra primera sessi\u00f3 comentarem el llibre L&#8217;amant germ\u00e0nic, de Pilar Pedraza; en la segona comptarem amb la participaci\u00f3 d&#8217;Amparo T\u00f3rtola, amb la qual comentarem la seua novel\u00b7la Tot just uns segons; al llarg de la temporada coneixerem i llegirem a autors com Lara Westover, Orham Pamuck, Kazuo Ishiguro, Luis Landero, Susana Fortes, Asne Sejertad o Sorj Chalandon, i tamb\u00e9 incorporarem algunes de les propostes de les persones assistents &#8220;<\/p>\n\n\n\n<p>Les persones interessades poden inscriure a la biblioteca, durant tot l&#8217;horari d&#8217;obertura, o a l&#8217;inici de cada sessi\u00f3.<\/p>\n\n\n\n<p><strong>Mesures de seguretat<\/strong><\/p>\n\n\n\n<p>La sala polivalent estar\u00e0 desinfectada i ventilada. Les persones participants hauran higienitzar les mans amb gel hidroalcoh\u00f3lico a l&#8217;entrada, portar mascareta i mantenir la dist\u00e0ncia de seguretat durant tota la sessi\u00f3. L&#8217;entrada i sortida s&#8217;organitzar\u00e0 perqu\u00e8 es faci de forma esglaonada.<\/p>\n\n\n\n<p>Durant aquesta temporada s&#8217;incrementaran el nombre d&#8217;exemplars en pr\u00e9stec de les lectures proposades i en la selecci\u00f3 dels t\u00edtols s&#8217;ha tingut en compte la seua inclusi\u00f3 a la plataforma p\u00fablica eBiblio, per facilitar la lectura complint amb els protocols de seguretat.<\/p>\n","protected":false},"excerpt":{"rendered":"<div class=\"mh-excerpt\">Dem\u00e0, dimarts 8 de setembre, comen\u00e7a una nova temporada de club de lectura, organitzada per la regidoria de Cultura, que es realitzar\u00e0 seguint la mateixa din\u00e0mica, per\u00f2 adaptada a la normativa sanit\u00e0ria per a la <a class=\"mh-excerpt-more\" href=\"https:\/\/www.tucomarca.com\/wordpress\/segunda\/ca\/comenca-una-nova-temporada-del-club-de-lectura-a-cheste\/\" title=\"Comen\u00e7a una nova temporada del club de lectura a Cheste\">[+] <\/a><\/div>\n","protected":false},"author":12,"featured_media":113153,"comment_status":"open","ping_status":"open","sticky":false,"template":"","format":"standard","meta":{"footnotes":""},"categories":[10911,12202,10948,10894,10912,11007,10896],"tags":[10470,11938,5952],"class_list":{"0":"post-113154","1":"post","2":"type-post","3":"status-publish","4":"format-standard","5":"has-post-thumbnail","7":"category-bunol-ca","8":"category-covid-19-ca","9":"category-infraestructuras-ca","10":"category-la-comarca-ca","11":"category-la-hoya-ca","12":"category-ocio-y-cultura-ca","13":"category-seccion-ca","14":"tag-ayuntamiento-de-cheste","15":"tag-covid-19","16":"tag-la-hoya-de-bunol-chiva"},"_links":{"self":[{"href":"https:\/\/www.tucomarca.com\/wordpress\/segunda\/ca\/wp-json\/wp\/v2\/posts\/113154","targetHints":{"allow":["GET"]}}],"collection":[{"href":"https:\/\/www.tucomarca.com\/wordpress\/segunda\/ca\/wp-json\/wp\/v2\/posts"}],"about":[{"href":"https:\/\/www.tucomarca.com\/wordpress\/segunda\/ca\/wp-json\/wp\/v2\/types\/post"}],"author":[{"embeddable":true,"href":"https:\/\/www.tucomarca.com\/wordpress\/segunda\/ca\/wp-json\/wp\/v2\/users\/12"}],"replies":[{"embeddable":true,"href":"https:\/\/www.tucomarca.com\/wordpress\/segunda\/ca\/wp-json\/wp\/v2\/comments?post=113154"}],"version-history":[{"count":0,"href":"https:\/\/www.tucomarca.com\/wordpress\/segunda\/ca\/wp-json\/wp\/v2\/posts\/113154\/revisions"}],"wp:featuredmedia":[{"embeddable":true,"href":"https:\/\/www.tucomarca.com\/wordpress\/segunda\/ca\/wp-json\/wp\/v2\/media\/113153"}],"wp:attachment":[{"href":"https:\/\/www.tucomarca.com\/wordpress\/segunda\/ca\/wp-json\/wp\/v2\/media?parent=113154"}],"wp:term":[{"taxonomy":"category","embeddable":true,"href":"https:\/\/www.tucomarca.com\/wordpress\/segunda\/ca\/wp-json\/wp\/v2\/categories?post=113154"},{"taxonomy":"post_tag","embeddable":true,"href":"https:\/\/www.tucomarca.com\/wordpress\/segunda\/ca\/wp-json\/wp\/v2\/tags?post=113154"}],"curies":[{"name":"wp","href":"https:\/\/api.w.org\/{rel}","templated":true}]}}