{"id":113244,"date":"2020-09-09T23:00:03","date_gmt":"2020-09-09T21:00:03","guid":{"rendered":"http:\/\/www.tucomarca.com\/wordpress\/segunda\/?p=113244"},"modified":"2020-09-10T01:21:50","modified_gmt":"2020-09-09T23:21:50","slug":"el-projecte-de-la-macrodepuradora-xest-xiva-avanca-amb-la-fase-dexpropiacio-de-terrenys","status":"publish","type":"post","link":"https:\/\/www.tucomarca.com\/wordpress\/segunda\/ca\/el-projecte-de-la-macrodepuradora-xest-xiva-avanca-amb-la-fase-dexpropiacio-de-terrenys\/","title":{"rendered":"El projecte de la macrodepuradora Xest-Xiva avan\u00e7a amb la fase d&#8217;expropiaci\u00f3 de terrenys"},"content":{"rendered":"\n<p>El projecte de construcci\u00f3 de la macrodepuradora Xest-Xiva continua avan\u00e7ant amb la fase d&#8217;expropiaci\u00f3 de terrenys, tant de la planta com de el recorregut de les canalitzacions.<\/p>\n\n\n\n<p>Ahir, dimarts 8 de setembre, el sal\u00f3 de plens de l&#8217;Ajuntament de Xest va acollir el primer aixecament d&#8217;actes amb els i les titulars de les parcel\u00b7les afectades, tal com s&#8217;establia en la resoluci\u00f3 de la Conselleria d&#8217;Agricultura publicada en Diari Oficial de la Generalitat Valenciana el passat 22 de juny.<\/p>\n\n\n\n<p>&#8220;Per agilitzar els tr\u00e0mits i accelerar el proc\u00e9s de construcci\u00f3 vam acordar amb la Generalitat que assumira la gesti\u00f3 de la expropiacions&#8221;, ha assenyalat l&#8217;alcalde de Xest, Jos\u00e9 Morell. &#8220;Aquesta fase suposa estar un pas m\u00e9s a prop de la construcci\u00f3 de la macrodepuradora; amb la posada en marxa d&#8217;aquest projecte podrem protegir el Medi Ambient, deixar de contaminar els aq\u00fc\u00edfers i reutilitzar l&#8217;aigua per a l&#8217;agricultura&#8221;.<\/p>\n","protected":false},"excerpt":{"rendered":"<div class=\"mh-excerpt\">El projecte de construcci\u00f3 de la macrodepuradora Xest-Xiva continua avan\u00e7ant amb la fase d&#8217;expropiaci\u00f3 de terrenys, tant de la planta com de el recorregut de les canalitzacions. Ahir, dimarts 8 de setembre, el sal\u00f3 de <a class=\"mh-excerpt-more\" href=\"https:\/\/www.tucomarca.com\/wordpress\/segunda\/ca\/el-projecte-de-la-macrodepuradora-xest-xiva-avanca-amb-la-fase-dexpropiacio-de-terrenys\/\" title=\"El projecte de la macrodepuradora Xest-Xiva avan\u00e7a amb la fase d&#8217;expropiaci\u00f3 de terrenys\">[+] <\/a><\/div>\n","protected":false},"author":12,"featured_media":109984,"comment_status":"open","ping_status":"open","sticky":false,"template":"","format":"standard","meta":{"footnotes":""},"categories":[10948,10894,10912,10903,10947,10896,10974,10975],"tags":[10470,5952],"class_list":{"0":"post-113244","1":"post","2":"type-post","3":"status-publish","4":"format-standard","5":"has-post-thumbnail","7":"category-infraestructuras-ca","8":"category-la-comarca-ca","9":"category-la-hoya-ca","10":"category-medio-ambiente-la-comarca-ca","11":"category-politica","12":"category-seccion-ca","13":"category-cheste-ca","14":"category-chiva-ca","15":"tag-ayuntamiento-de-cheste","16":"tag-la-hoya-de-bunol-chiva"},"_links":{"self":[{"href":"https:\/\/www.tucomarca.com\/wordpress\/segunda\/ca\/wp-json\/wp\/v2\/posts\/113244","targetHints":{"allow":["GET"]}}],"collection":[{"href":"https:\/\/www.tucomarca.com\/wordpress\/segunda\/ca\/wp-json\/wp\/v2\/posts"}],"about":[{"href":"https:\/\/www.tucomarca.com\/wordpress\/segunda\/ca\/wp-json\/wp\/v2\/types\/post"}],"author":[{"embeddable":true,"href":"https:\/\/www.tucomarca.com\/wordpress\/segunda\/ca\/wp-json\/wp\/v2\/users\/12"}],"replies":[{"embeddable":true,"href":"https:\/\/www.tucomarca.com\/wordpress\/segunda\/ca\/wp-json\/wp\/v2\/comments?post=113244"}],"version-history":[{"count":0,"href":"https:\/\/www.tucomarca.com\/wordpress\/segunda\/ca\/wp-json\/wp\/v2\/posts\/113244\/revisions"}],"wp:featuredmedia":[{"embeddable":true,"href":"https:\/\/www.tucomarca.com\/wordpress\/segunda\/ca\/wp-json\/wp\/v2\/media\/109984"}],"wp:attachment":[{"href":"https:\/\/www.tucomarca.com\/wordpress\/segunda\/ca\/wp-json\/wp\/v2\/media?parent=113244"}],"wp:term":[{"taxonomy":"category","embeddable":true,"href":"https:\/\/www.tucomarca.com\/wordpress\/segunda\/ca\/wp-json\/wp\/v2\/categories?post=113244"},{"taxonomy":"post_tag","embeddable":true,"href":"https:\/\/www.tucomarca.com\/wordpress\/segunda\/ca\/wp-json\/wp\/v2\/tags?post=113244"}],"curies":[{"name":"wp","href":"https:\/\/api.w.org\/{rel}","templated":true}]}}