{"id":113280,"date":"2020-09-10T07:55:07","date_gmt":"2020-09-10T05:55:07","guid":{"rendered":"http:\/\/www.tucomarca.com\/wordpress\/segunda\/?p=113280"},"modified":"2020-09-10T07:55:28","modified_gmt":"2020-09-10T05:55:28","slug":"remodelacio-de-lentrada-a-xest-per-la-cv-50-amb-la-installacio-dun-nou-supermercat-de-mercadona","status":"publish","type":"post","link":"https:\/\/www.tucomarca.com\/wordpress\/segunda\/ca\/remodelacio-de-lentrada-a-xest-per-la-cv-50-amb-la-installacio-dun-nou-supermercat-de-mercadona\/","title":{"rendered":"Remodelaci\u00f3 de l&#8217;entrada a Xest per la CV-50 amb la instal\u00b7laci\u00f3 d&#8217;un nou supermercat de Mercadona"},"content":{"rendered":"\n<p>L&#8217;empresa valenciana Mercadona invertir\u00e0 213.171,63 euros, IVA incl\u00f2s, en l&#8217;adequaci\u00f3 dels accessos a la seua nova botiga, que s&#8217;ubicar\u00e0 a l&#8217;entrada a Xest per la CV-50.<\/p>\n\n\n\n<p>Entre les actuacions previstes es compta amb obres de millora de la cru\u00eflla dels carrers Ll\u00edria, Xiva i Pintor Sorolla, que ja estan en marxa amb la instal\u00b7laci\u00f3 d&#8217;una rotonda, aix\u00ed com la reforma de voreres, d&#8217;enllumenat i de les canalitzacions d&#8217;aigua.<\/p>\n\n\n\n<p>&#8220;Des de l&#8217;Ajuntament ja ten\u00edem prevista la millora de l&#8217;encreuament davant l&#8217;augment de tr\u00e0nsit que s&#8217;anava a produir amb l&#8217;obertura de la nova botiga, per\u00f2 finalment Mercadona ser\u00e0 qui pague les obres i, a m\u00e9s, es fa\u00e7a c\u00e0rrec de la resta de millores en la zona&#8221;, apunta l&#8217;alcalde, Jos\u00e9 Morell.<\/p>\n\n\n\n<p>La circulaci\u00f3 de vehicles des de la CV-50 a Xest patir\u00e0 talls de circulaci\u00f3 en dies alternatius fins a la finalitzaci\u00f3 de les obres, prevista per al 31 d&#8217;octubre, per la qual cosa es recomana als ve\u00efns i ve\u00efnes que utilitzen les altres entrades a Xest.<\/p>\n\n\n\n<ul class=\"wp-block-gallery columns-2 is-cropped wp-block-gallery-1 is-layout-flex wp-block-gallery-is-layout-flex\"><li class=\"blocks-gallery-item\"><figure><img loading=\"lazy\" decoding=\"async\" width=\"787\" height=\"525\" src=\"http:\/\/www.tucomarca.com\/wordpress\/segunda\/wp-content\/uploads\/2020\/09\/2ChesteMercadona.jpg\" alt=\"\" data-id=\"113275\" data-link=\"http:\/\/www.tucomarca.com\/wordpress\/segunda\/?attachment_id=113275\" class=\"wp-image-113275\" srcset=\"https:\/\/www.tucomarca.com\/wordpress\/segunda\/wp-content\/uploads\/2020\/09\/2ChesteMercadona.jpg 787w, https:\/\/www.tucomarca.com\/wordpress\/segunda\/wp-content\/uploads\/2020\/09\/2ChesteMercadona-300x200.jpg 300w, https:\/\/www.tucomarca.com\/wordpress\/segunda\/wp-content\/uploads\/2020\/09\/2ChesteMercadona-768x512.jpg 768w\" sizes=\"auto, (max-width: 787px) 100vw, 787px\" \/><\/figure><\/li><li class=\"blocks-gallery-item\"><figure><img loading=\"lazy\" decoding=\"async\" width=\"787\" height=\"525\" src=\"http:\/\/www.tucomarca.com\/wordpress\/segunda\/wp-content\/uploads\/2020\/09\/3ChesteMercadona.jpg\" alt=\"\" data-id=\"113277\" data-link=\"http:\/\/www.tucomarca.com\/wordpress\/segunda\/?attachment_id=113277\" class=\"wp-image-113277\" srcset=\"https:\/\/www.tucomarca.com\/wordpress\/segunda\/wp-content\/uploads\/2020\/09\/3ChesteMercadona.jpg 787w, https:\/\/www.tucomarca.com\/wordpress\/segunda\/wp-content\/uploads\/2020\/09\/3ChesteMercadona-300x200.jpg 300w, https:\/\/www.tucomarca.com\/wordpress\/segunda\/wp-content\/uploads\/2020\/09\/3ChesteMercadona-768x512.jpg 768w\" sizes=\"auto, (max-width: 787px) 100vw, 787px\" \/><\/figure><\/li><\/ul>\n","protected":false},"excerpt":{"rendered":"<div class=\"mh-excerpt\">L&#8217;empresa valenciana Mercadona invertir\u00e0 213.171,63 euros, IVA incl\u00f2s, en l&#8217;adequaci\u00f3 dels accessos a la seua nova botiga, que s&#8217;ubicar\u00e0 a l&#8217;entrada a Xest per la CV-50. Entre les actuacions previstes es compta amb obres de <a class=\"mh-excerpt-more\" href=\"https:\/\/www.tucomarca.com\/wordpress\/segunda\/ca\/remodelacio-de-lentrada-a-xest-per-la-cv-50-amb-la-installacio-dun-nou-supermercat-de-mercadona\/\" title=\"Remodelaci\u00f3 de l&#8217;entrada a Xest per la CV-50 amb la instal\u00b7laci\u00f3 d&#8217;un nou supermercat de Mercadona\">[+] <\/a><\/div>\n","protected":false},"author":12,"featured_media":113274,"comment_status":"open","ping_status":"open","sticky":false,"template":"","format":"standard","meta":{"footnotes":""},"categories":[10948,10894,10912,10896,10974],"tags":[10470,10245,5952],"class_list":{"0":"post-113280","1":"post","2":"type-post","3":"status-publish","4":"format-standard","5":"has-post-thumbnail","7":"category-infraestructuras-ca","8":"category-la-comarca-ca","9":"category-la-hoya-ca","10":"category-seccion-ca","11":"category-cheste-ca","12":"tag-ayuntamiento-de-cheste","13":"tag-cv-50","14":"tag-la-hoya-de-bunol-chiva"},"_links":{"self":[{"href":"https:\/\/www.tucomarca.com\/wordpress\/segunda\/ca\/wp-json\/wp\/v2\/posts\/113280","targetHints":{"allow":["GET"]}}],"collection":[{"href":"https:\/\/www.tucomarca.com\/wordpress\/segunda\/ca\/wp-json\/wp\/v2\/posts"}],"about":[{"href":"https:\/\/www.tucomarca.com\/wordpress\/segunda\/ca\/wp-json\/wp\/v2\/types\/post"}],"author":[{"embeddable":true,"href":"https:\/\/www.tucomarca.com\/wordpress\/segunda\/ca\/wp-json\/wp\/v2\/users\/12"}],"replies":[{"embeddable":true,"href":"https:\/\/www.tucomarca.com\/wordpress\/segunda\/ca\/wp-json\/wp\/v2\/comments?post=113280"}],"version-history":[{"count":0,"href":"https:\/\/www.tucomarca.com\/wordpress\/segunda\/ca\/wp-json\/wp\/v2\/posts\/113280\/revisions"}],"wp:featuredmedia":[{"embeddable":true,"href":"https:\/\/www.tucomarca.com\/wordpress\/segunda\/ca\/wp-json\/wp\/v2\/media\/113274"}],"wp:attachment":[{"href":"https:\/\/www.tucomarca.com\/wordpress\/segunda\/ca\/wp-json\/wp\/v2\/media?parent=113280"}],"wp:term":[{"taxonomy":"category","embeddable":true,"href":"https:\/\/www.tucomarca.com\/wordpress\/segunda\/ca\/wp-json\/wp\/v2\/categories?post=113280"},{"taxonomy":"post_tag","embeddable":true,"href":"https:\/\/www.tucomarca.com\/wordpress\/segunda\/ca\/wp-json\/wp\/v2\/tags?post=113280"}],"curies":[{"name":"wp","href":"https:\/\/api.w.org\/{rel}","templated":true}]}}