{"id":113305,"date":"2020-09-10T07:52:12","date_gmt":"2020-09-10T05:52:12","guid":{"rendered":"http:\/\/www.tucomarca.com\/wordpress\/segunda\/?p=113305"},"modified":"2020-09-10T07:52:31","modified_gmt":"2020-09-10T05:52:31","slug":"iatova-acull-aquest-dijous-larribada-de-la-primera-etapa-de-la-volta-ciclista-a-valencia-sub-23","status":"publish","type":"post","link":"https:\/\/www.tucomarca.com\/wordpress\/segunda\/ca\/iatova-acull-aquest-dijous-larribada-de-la-primera-etapa-de-la-volta-ciclista-a-valencia-sub-23\/","title":{"rendered":"I\u00e0tova acull aquest dijous l&#8217;arribada de la primera etapa de la Volta Ciclista a Val\u00e8ncia sub 23"},"content":{"rendered":"\n<p>La localitat de I\u00e0tova, acull aquest dijous l&#8217;arribada de la primera etapa de l&#8217;Volta Ciclista a Val\u00e8ncia sub-23; que t\u00e9 la seva sortida prevista a la pr\u00f2pia ciutat de Val\u00e8ncia.<\/p>\n\n\n\n<p> &#8220;Quina emoci\u00f3 tenir ja aquest dia i que tot el ve\u00efnat pugui viure la primera etapa de la Volta Ciclista a Val\u00e8ncia sub-23. L&#8217;organitzaci\u00f3, amb el nostre suport i seguint els protocols que disposa la Conselleria, ha pres les mesures de prevenci\u00f3 necess\u00e0ries per que aquesta sigui una aut\u00e8ntica festa de l&#8217;esport &#8220;, han manifestat des de l&#8217;Ajuntament de I\u00e0tova.<\/p>\n\n\n\n<p>&#8220;A m\u00e9s, en el nostre poble aquests actes v\u00e9nen b\u00e9 per dinamitzar el comer\u00e7 i l&#8217;activitat productiva, ara que tantes persones estan recuperant-se de les conseq\u00fc\u00e8ncies socioecon\u00f2miques de la pand\u00e8mia&#8221;, han finalitzat.<\/p>\n","protected":false},"excerpt":{"rendered":"<div class=\"mh-excerpt\">La localitat de I\u00e0tova, acull aquest dijous l&#8217;arribada de la primera etapa de l&#8217;Volta Ciclista a Val\u00e8ncia sub-23; que t\u00e9 la seva sortida prevista a la pr\u00f2pia ciutat de Val\u00e8ncia. &#8220;Quina emoci\u00f3 tenir ja aquest <a class=\"mh-excerpt-more\" href=\"https:\/\/www.tucomarca.com\/wordpress\/segunda\/ca\/iatova-acull-aquest-dijous-larribada-de-la-primera-etapa-de-la-volta-ciclista-a-valencia-sub-23\/\" title=\"I\u00e0tova acull aquest dijous l&#8217;arribada de la primera etapa de la Volta Ciclista a Val\u00e8ncia sub 23\">[+] <\/a><\/div>\n","protected":false},"author":1,"featured_media":113306,"comment_status":"open","ping_status":"open","sticky":false,"template":"","format":"standard","meta":{"footnotes":""},"categories":[10911,11013,11003,10980,10948,10894,10912,10896],"tags":[402,11146,10379,11074,5952,10914],"class_list":{"0":"post-113305","1":"post","2":"type-post","3":"status-publish","4":"format-standard","5":"has-post-thumbnail","7":"category-bunol-ca","8":"category-ciclismo-ca","9":"category-sports","10":"category-yatova-ca","11":"category-infraestructuras-ca","12":"category-la-comarca-ca","13":"category-la-hoya-ca","14":"category-seccion-ca","15":"tag-ciclismo-2","16":"tag-ciclismo-2-ca","17":"tag-deportes","18":"tag-deportes-ca","19":"tag-la-hoya-de-bunol-chiva","20":"tag-la-hoya-de-bunol-chiva-ca"},"_links":{"self":[{"href":"https:\/\/www.tucomarca.com\/wordpress\/segunda\/ca\/wp-json\/wp\/v2\/posts\/113305","targetHints":{"allow":["GET"]}}],"collection":[{"href":"https:\/\/www.tucomarca.com\/wordpress\/segunda\/ca\/wp-json\/wp\/v2\/posts"}],"about":[{"href":"https:\/\/www.tucomarca.com\/wordpress\/segunda\/ca\/wp-json\/wp\/v2\/types\/post"}],"author":[{"embeddable":true,"href":"https:\/\/www.tucomarca.com\/wordpress\/segunda\/ca\/wp-json\/wp\/v2\/users\/1"}],"replies":[{"embeddable":true,"href":"https:\/\/www.tucomarca.com\/wordpress\/segunda\/ca\/wp-json\/wp\/v2\/comments?post=113305"}],"version-history":[{"count":0,"href":"https:\/\/www.tucomarca.com\/wordpress\/segunda\/ca\/wp-json\/wp\/v2\/posts\/113305\/revisions"}],"wp:featuredmedia":[{"embeddable":true,"href":"https:\/\/www.tucomarca.com\/wordpress\/segunda\/ca\/wp-json\/wp\/v2\/media\/113306"}],"wp:attachment":[{"href":"https:\/\/www.tucomarca.com\/wordpress\/segunda\/ca\/wp-json\/wp\/v2\/media?parent=113305"}],"wp:term":[{"taxonomy":"category","embeddable":true,"href":"https:\/\/www.tucomarca.com\/wordpress\/segunda\/ca\/wp-json\/wp\/v2\/categories?post=113305"},{"taxonomy":"post_tag","embeddable":true,"href":"https:\/\/www.tucomarca.com\/wordpress\/segunda\/ca\/wp-json\/wp\/v2\/tags?post=113305"}],"curies":[{"name":"wp","href":"https:\/\/api.w.org\/{rel}","templated":true}]}}