{"id":113345,"date":"2020-09-11T09:30:18","date_gmt":"2020-09-11T07:30:18","guid":{"rendered":"http:\/\/www.tucomarca.com\/wordpress\/segunda\/?p=113345"},"modified":"2020-09-12T01:25:31","modified_gmt":"2020-09-11T23:25:31","slug":"el-circuit-celebra-la-tercera-cita-del-campionat-despanya-de-superbike-a-porta-tancada","status":"publish","type":"post","link":"https:\/\/www.tucomarca.com\/wordpress\/segunda\/ca\/el-circuit-celebra-la-tercera-cita-del-campionat-despanya-de-superbike-a-porta-tancada\/","title":{"rendered":"El Circuit celebra la tercera cita del Campionat d&#8217;Espanya de Superbike a porta tancada"},"content":{"rendered":"\n<p>El Circuit Ricardo Tormo celebra aquest cap de setmana la tercera cita del Campionat d&#8217;Espanya de Superbike, que reunir\u00e0 un total d&#8217;onze categories en el tra\u00e7at de Xest i que mantindr\u00e0 les seves portes tancades a el p\u00fablic amb motiu de la pand\u00e8mia de COVID-19.<\/p>\n\n\n\n<p>L&#8217;acci\u00f3 comen\u00e7ar\u00e0 dijous amb tandes per als pilots de SBK Junior, Moto4, Superbike, Supersport i PreMoto3 \/ Promo3. Divendres tamb\u00e9 hi haur\u00e0 entrenaments lliures per a totes les categories i per als pilots de Handy ESBK.<\/p>\n\n\n\n<p>Els pilots amb discapacitat f\u00edsica seran els protagonistes de la primera jornada de carreres. El dia comen\u00e7ar\u00e0 amb els entrenaments cronometrats des de les 9.00 hores i fins a les 12.50 hores. A partir d&#8217;aquest moment, comen\u00e7aran les primeres curses de Moto4 a les 13.20 hores, Superbike a les 14.20 hores, Supersport a les 15.20 hores, SBK Junior a les 16.20 hores i Handy ESBK, que tancar\u00e0 la jornada amb una carrera a sis voltes a partir de les 17.20 hores.<\/p>\n\n\n\n<p>Aquesta \u00e9s la segona ocasi\u00f3 en la qual els pilots amb discapacitat celebren la seva \u00fanica cursa anual a les instal\u00b7lacions de Xest. L&#8217;any passat la graella va congregar a onze pilots procedents de tot Espanya. La vict\u00f2ria va ser per a l&#8217;alacant\u00ed Luis Jos\u00e9 Mart\u00ednez, que va fer valer la seva experi\u00e8ncia en la Kawasaki Z Cup.<\/p>\n\n\n\n<p>Diumenge es celebraran, a partir de les 11.00 hores i cada hora, les sortides de la primera cursa dels m\u00e9s joves de PreMoto3 i Promo3 i les segones carreres de el cap de setmana de SBK Junior, Supersport, Superbike, Moto4 i la segona de les PreMoto3 i Promo3.<\/p>\n","protected":false},"excerpt":{"rendered":"<div class=\"mh-excerpt\">El Circuit Ricardo Tormo celebra aquest cap de setmana la tercera cita del Campionat d&#8217;Espanya de Superbike, que reunir\u00e0 un total d&#8217;onze categories en el tra\u00e7at de Xest i que mantindr\u00e0 les seves portes tancades <a class=\"mh-excerpt-more\" href=\"https:\/\/www.tucomarca.com\/wordpress\/segunda\/ca\/el-circuit-celebra-la-tercera-cita-del-campionat-despanya-de-superbike-a-porta-tancada\/\" title=\"El Circuit celebra la tercera cita del Campionat d&#8217;Espanya de Superbike a porta tancada\">[+] <\/a><\/div>\n","protected":false},"author":1,"featured_media":113343,"comment_status":"open","ping_status":"open","sticky":false,"template":"","format":"standard","meta":{"footnotes":""},"categories":[11010,11003,10894,10912,11011,10896,10897,10974],"tags":[11939,11940,11952],"class_list":{"0":"post-113345","1":"post","2":"type-post","3":"status-publish","4":"format-standard","5":"has-post-thumbnail","7":"category-canal-salud","8":"category-sports","9":"category-la-comarca-ca","10":"category-la-hoya-ca","11":"category-motociclismo-ca","12":"category-seccion-ca","13":"category-sucesos-la-comarca-ca","14":"category-cheste-ca","15":"tag-coronavirus-ca","16":"tag-covid-19-ca","17":"tag-covid2019-ca"},"_links":{"self":[{"href":"https:\/\/www.tucomarca.com\/wordpress\/segunda\/ca\/wp-json\/wp\/v2\/posts\/113345","targetHints":{"allow":["GET"]}}],"collection":[{"href":"https:\/\/www.tucomarca.com\/wordpress\/segunda\/ca\/wp-json\/wp\/v2\/posts"}],"about":[{"href":"https:\/\/www.tucomarca.com\/wordpress\/segunda\/ca\/wp-json\/wp\/v2\/types\/post"}],"author":[{"embeddable":true,"href":"https:\/\/www.tucomarca.com\/wordpress\/segunda\/ca\/wp-json\/wp\/v2\/users\/1"}],"replies":[{"embeddable":true,"href":"https:\/\/www.tucomarca.com\/wordpress\/segunda\/ca\/wp-json\/wp\/v2\/comments?post=113345"}],"version-history":[{"count":0,"href":"https:\/\/www.tucomarca.com\/wordpress\/segunda\/ca\/wp-json\/wp\/v2\/posts\/113345\/revisions"}],"wp:featuredmedia":[{"embeddable":true,"href":"https:\/\/www.tucomarca.com\/wordpress\/segunda\/ca\/wp-json\/wp\/v2\/media\/113343"}],"wp:attachment":[{"href":"https:\/\/www.tucomarca.com\/wordpress\/segunda\/ca\/wp-json\/wp\/v2\/media?parent=113345"}],"wp:term":[{"taxonomy":"category","embeddable":true,"href":"https:\/\/www.tucomarca.com\/wordpress\/segunda\/ca\/wp-json\/wp\/v2\/categories?post=113345"},{"taxonomy":"post_tag","embeddable":true,"href":"https:\/\/www.tucomarca.com\/wordpress\/segunda\/ca\/wp-json\/wp\/v2\/tags?post=113345"}],"curies":[{"name":"wp","href":"https:\/\/api.w.org\/{rel}","templated":true}]}}