{"id":113355,"date":"2020-09-11T09:11:23","date_gmt":"2020-09-11T07:11:23","guid":{"rendered":"http:\/\/www.tucomarca.com\/wordpress\/segunda\/?p=113355"},"modified":"2020-09-12T01:17:53","modified_gmt":"2020-09-11T23:17:53","slug":"turisme-coneix-els-nous-projectes-turistics-de-riba-roja-per-a-estudiar-la-futura-collaboracio-vinculada-a-la-formacio-la-gastronomia-i-cultura","status":"publish","type":"post","link":"https:\/\/www.tucomarca.com\/wordpress\/segunda\/ca\/turisme-coneix-els-nous-projectes-turistics-de-riba-roja-per-a-estudiar-la-futura-collaboracio-vinculada-a-la-formacio-la-gastronomia-i-cultura\/","title":{"rendered":"Turisme coneix els nous projectes tur\u00edstics de Riba-roja per a estudiar la futura col\u00b7laboraci\u00f3 vinculada a la formaci\u00f3, la gastronomia i cultura"},"content":{"rendered":"\n<p>El secretari auton\u00f2mic de Turisme Comunitat Valenciana, Francesc Colomer, ha visitat el municipi de Riba-roja per con\u00e8ixer els nous projectes tur\u00edstics que est\u00e0 impulsant el dest\u00ed.<\/p>\n\n\n\n<p>La visita s&#8217;ha iniciat a l&#8217;Ajuntament de la localitat, on s&#8217;ha reunit amb l&#8217;alcalde, Roberto Raga, juntament amb la resta de l&#8217;equip municipal responsable de l&#8217;\u00e0rea de Turisme. Posteriorment, s&#8217;han despla\u00e7at a l&#8217;espai que es dedicar\u00e0 a la nova Aula de Cuina per estudiar possibles projectes futurs vinculats a la formaci\u00f3.<\/p>\n\n\n\n<p>Aix\u00ed mateix, el secretari auton\u00f2mic ha visitat el jaciment ap\u00edcola de l&#8217;\u00e8poca ibera situat al cor de la Vall de Porxinos, on l&#8217;alcalde li ha traslladat la seua intenci\u00f3 de crear un itinerari de recuperaci\u00f3 de la producci\u00f3 de la mel, aix\u00ed com un nou espai per a la interpretaci\u00f3 de la zona. Francesc Colomer tamb\u00e9 ha visitat el jaciment arqueol\u00f2gic de Val\u00e8ncia la Vella.<\/p>\n\n\n\n<p>El secretari auton\u00f2mic ha destacat &#8220;el treball i esfor\u00e7 municipal que est\u00e0 fent Riba-roja per osar en valor el llegat visigot i iber de la zona, a nivell cultural i gastron\u00f2mic&#8221;.<\/p>\n\n\n\n<p>Aix\u00ed mateix, ha ressaltat que &#8220;convertir els recursos en productes que contribuixen a dinamitzar el municipi, no nom\u00e9s \u00e9s positiu per a la destinaci\u00f3 sin\u00f3 per a la resta de la Comunitat Valenciana&#8221;.<\/p>\n","protected":false},"excerpt":{"rendered":"<div class=\"mh-excerpt\">El secretari auton\u00f2mic de Turisme Comunitat Valenciana, Francesc Colomer, ha visitat el municipi de Riba-roja per con\u00e8ixer els nous projectes tur\u00edstics que est\u00e0 impulsant el dest\u00ed. La visita s&#8217;ha iniciat a l&#8217;Ajuntament de la localitat, <a class=\"mh-excerpt-more\" href=\"https:\/\/www.tucomarca.com\/wordpress\/segunda\/ca\/turisme-coneix-els-nous-projectes-turistics-de-riba-roja-per-a-estudiar-la-futura-collaboracio-vinculada-a-la-formacio-la-gastronomia-i-cultura\/\" title=\"Turisme coneix els nous projectes tur\u00edstics de Riba-roja per a estudiar la futura col\u00b7laboraci\u00f3 vinculada a la formaci\u00f3, la gastronomia i cultura\">[+] <\/a><\/div>\n","protected":false},"author":12,"featured_media":113353,"comment_status":"open","ping_status":"open","sticky":false,"template":"","format":"standard","meta":{"footnotes":""},"categories":[10892,10948,10894,11007,10947,10906,10896],"tags":[10631,10395,9841],"class_list":{"0":"post-113355","1":"post","2":"type-post","3":"status-publish","4":"format-standard","5":"has-post-thumbnail","7":"category-camp-de-turia-ca","8":"category-infraestructuras-ca","9":"category-la-comarca-ca","10":"category-ocio-y-cultura-ca","11":"category-politica","12":"category-riba-roja-ca","13":"category-seccion-ca","14":"tag-ajuntament-de-riba-roja","15":"tag-camp-de-turia","16":"tag-valencia-turisme"},"_links":{"self":[{"href":"https:\/\/www.tucomarca.com\/wordpress\/segunda\/ca\/wp-json\/wp\/v2\/posts\/113355","targetHints":{"allow":["GET"]}}],"collection":[{"href":"https:\/\/www.tucomarca.com\/wordpress\/segunda\/ca\/wp-json\/wp\/v2\/posts"}],"about":[{"href":"https:\/\/www.tucomarca.com\/wordpress\/segunda\/ca\/wp-json\/wp\/v2\/types\/post"}],"author":[{"embeddable":true,"href":"https:\/\/www.tucomarca.com\/wordpress\/segunda\/ca\/wp-json\/wp\/v2\/users\/12"}],"replies":[{"embeddable":true,"href":"https:\/\/www.tucomarca.com\/wordpress\/segunda\/ca\/wp-json\/wp\/v2\/comments?post=113355"}],"version-history":[{"count":0,"href":"https:\/\/www.tucomarca.com\/wordpress\/segunda\/ca\/wp-json\/wp\/v2\/posts\/113355\/revisions"}],"wp:featuredmedia":[{"embeddable":true,"href":"https:\/\/www.tucomarca.com\/wordpress\/segunda\/ca\/wp-json\/wp\/v2\/media\/113353"}],"wp:attachment":[{"href":"https:\/\/www.tucomarca.com\/wordpress\/segunda\/ca\/wp-json\/wp\/v2\/media?parent=113355"}],"wp:term":[{"taxonomy":"category","embeddable":true,"href":"https:\/\/www.tucomarca.com\/wordpress\/segunda\/ca\/wp-json\/wp\/v2\/categories?post=113355"},{"taxonomy":"post_tag","embeddable":true,"href":"https:\/\/www.tucomarca.com\/wordpress\/segunda\/ca\/wp-json\/wp\/v2\/tags?post=113355"}],"curies":[{"name":"wp","href":"https:\/\/api.w.org\/{rel}","templated":true}]}}