{"id":113417,"date":"2020-09-14T12:00:15","date_gmt":"2020-09-14T10:00:15","guid":{"rendered":"http:\/\/www.tucomarca.com\/wordpress\/segunda\/?p=113417"},"modified":"2020-09-14T21:13:59","modified_gmt":"2020-09-14T19:13:59","slug":"riba-roja-reclama-una-atencio-presencial-als-pacients-del-centre-de-salut-i-un-augment-del-nombre-de-metges-i-personal-sanitari","status":"publish","type":"post","link":"https:\/\/www.tucomarca.com\/wordpress\/segunda\/ca\/riba-roja-reclama-una-atencio-presencial-als-pacients-del-centre-de-salut-i-un-augment-del-nombre-de-metges-i-personal-sanitari\/","title":{"rendered":"Riba-roja reclama una atenci\u00f3 presencial als pacients del centre de salut i un augment del nombre de metges i personal sanitari"},"content":{"rendered":"\n<p><strong>El ple municipal acorda crear un Consell Municipal de Salut B\u00e0sic<\/strong><\/p>\n\n\n\n<figure class=\"wp-block-image\"><img loading=\"lazy\" decoding=\"async\" width=\"768\" height=\"1024\" src=\"http:\/\/www.tucomarca.com\/wordpress\/segunda\/wp-content\/uploads\/2020\/09\/Riba-roja_CentroSalud2-768x1024.jpg\" alt=\"\" class=\"wp-image-113415\" srcset=\"https:\/\/www.tucomarca.com\/wordpress\/segunda\/wp-content\/uploads\/2020\/09\/Riba-roja_CentroSalud2-768x1024.jpg 768w, https:\/\/www.tucomarca.com\/wordpress\/segunda\/wp-content\/uploads\/2020\/09\/Riba-roja_CentroSalud2-225x300.jpg 225w, https:\/\/www.tucomarca.com\/wordpress\/segunda\/wp-content\/uploads\/2020\/09\/Riba-roja_CentroSalud2.jpg 787w\" sizes=\"auto, (max-width: 768px) 100vw, 768px\" \/><\/figure>\n\n\n\n<p>L&#8217;alcalde de Riba-roja de T\u00faria, Robert Raga, ha sol\u00b7licitat una trobada amb la ger\u00e8ncia de l&#8217;\u00e0rea de l&#8217;Hospital de Manises per reclamar una atenci\u00f3 presencial als pacients de centre de salut d&#8217;aquesta localitat -en la seua qualitat d&#8217;empresa Gestora- i un augment de metges, personal sanitari, administratiu i d&#8217;atenci\u00f3 a la ciutadania per acabar amb la saturaci\u00f3 que pateixen les instal\u00b7lacions i les llistes d&#8217;espera per a les consultes amb els metges de cap\u00e7alera.<\/p>\n\n\n\n<p>El ple de l&#8217;Ajuntament de Riba-roja de T\u00faria ha aprovat, per unanimitat, una proposta de Podem Riba-roja Pot en la qual sol\u00b7licita a la concession\u00e0ria del departament de salut la incorporaci\u00f3 immediata amb el personal facultatiu necessari per atendre totes les consultes dels usuaris i pacients adscrits a l&#8217;ambulatori d&#8217;aquesta localitat en un termini m\u00e0xim de 48 hores.<\/p>\n\n\n\n<p>La moci\u00f3 aprovada per tots els partits pol\u00edtics amb representaci\u00f3 municipal es fa ress\u00f2 de la necessitat de crear el Consell Municipal de Salut B\u00e0sic, d&#8217;acord amb la legislaci\u00f3 actual, en qu\u00e8 participen les diferents plataformes socials de la localitat implicades en els temes de salut , aix\u00ed com la coordinadora m\u00e8dica de centre de salut de Riba-roja de T\u00faria.<\/p>\n\n\n\n<p>El text ratificat per les formacions pol\u00edtiques enumera algunes de les mancances i problemes que pateix el centre de salut des de fa mesos com cites d&#8217;atenci\u00f3 prim\u00e0ria superiors als dos dies d&#8217;espera que obliguen, al seu torn, als pacients, en determinats casos, a acudir a la fi de la jornada al seu metge de cap\u00e7alera per a ser at\u00e8s o rec\u00f3rrer a l&#8217;hospital mateix de Manises en aquells casos m\u00e9s urgents.<\/p>\n\n\n\n<p>A m\u00e9s, cal destacar altres com la falta de personal que provoca l&#8217;aband\u00f3 de la consulta per part dels facultatius per atendre les urg\u00e8ncies als domicilis particulars, la inexist\u00e8ncia de rastrejadors per detectar el Covid-19, defici\u00e8ncies en les atencions domicili\u00e0ries per manca de metges i personal d&#8217;infermeria, abs\u00e8ncia de el servei de salut mental i manca de pediatres al servei d&#8217;urg\u00e8ncies.<\/p>\n\n\n\n<p>&#8220;Aquestes defici\u00e8ncies de funcionament produeixen malestar tant als usuaris com a el personal facultatiu; amb les conseq\u00fc\u00e8ncies que coneixem, els usuaris afegim tensi\u00f3 a la pr\u00f2pia malaltia i els facultatius sol\u00b7liciten el trasllat de centre de salut m\u00e9s del que seria desitjable per a una atenci\u00f3 metge-pacient m\u00e9s satisfact\u00f2ria per a tots dos &#8220;, segons s&#8217;assenyala en l&#8217;escrit aprovat.<\/p>\n\n\n\n<p>El ple de l&#8217;Ajuntament de Riba-roja sol\u00b7licita, a m\u00e9s, a la concession\u00e0ria del departament de salut de Manises el personal d&#8217;infermeria familiar i comunit\u00e0ria necessari &#8220;per dur a terme les cures d&#8217;atenci\u00f3 domicili\u00e0ria, aix\u00ed com la formaci\u00f3 i foment de les autocures entre els col\u00b7lectius que ho necessiten -cr\u00f3nicos, convalescents, ancians fr\u00e0gils, situacions de postpart, ..- i la contractaci\u00f3 de pediatres suficients per poder garantir el servei de pediatria de gu\u00e0rdia &#8220;.<\/p>\n\n\n\n<p>Finalment, reclamen la restituci\u00f3 de el servei de psiquiatria que es prestava anteriorment al centre de salut de Riba-roja que ha desaparegut i la sol\u00b7licitud a la conselleria de Sanitat Universal la creaci\u00f3 d&#8217;un Observatori d&#8217;Atenci\u00f3 Prim\u00e0ria en Salut que s&#8217;encarregue de realitzar un seguiment de les pol\u00edtiques p\u00fabliques en l&#8217;\u00e0mbit de la sanitat.<\/p>\n\n\n\n<p>L&#8217;alcalde de Riba-roja de T\u00faria, Robert Raga, ha subratllat el &#8220;f\u00e0stic de tota la ciutadania davant la deixadesa i la manca de resposta que hem rebut per part de l&#8217;empresa privada que s&#8217;encarrega de l&#8217;\u00e0rea de gesti\u00f3 de l&#8217;hospital de Manises de l&#8217; que dep\u00e8n el nostre centre de salut i, per aix\u00f2, han de ser conscients que el nostre municipi mereix el m\u00e0xim respecte davant un servei essencial com \u00e9s la sanitat p\u00fablica i universal per a tots els ciutadans; una sanitat acord als nostres ciutadans &#8220;.<\/p>\n","protected":false},"excerpt":{"rendered":"<div class=\"mh-excerpt\">El ple municipal acorda crear un Consell Municipal de Salut B\u00e0sic L&#8217;alcalde de Riba-roja de T\u00faria, Robert Raga, ha sol\u00b7licitat una trobada amb la ger\u00e8ncia de l&#8217;\u00e0rea de l&#8217;Hospital de Manises per reclamar una atenci\u00f3 <a class=\"mh-excerpt-more\" href=\"https:\/\/www.tucomarca.com\/wordpress\/segunda\/ca\/riba-roja-reclama-una-atencio-presencial-als-pacients-del-centre-de-salut-i-un-augment-del-nombre-de-metges-i-personal-sanitari\/\" title=\"Riba-roja reclama una atenci\u00f3 presencial als pacients del centre de salut i un augment del nombre de metges i personal sanitari\">[+] <\/a><\/div>\n","protected":false},"author":12,"featured_media":113418,"comment_status":"open","ping_status":"open","sticky":false,"template":"","format":"standard","meta":{"footnotes":""},"categories":[10892,11010,12202,10948,10894,10947,10906,10896],"tags":[11239,10899,11939,11092],"class_list":{"0":"post-113417","1":"post","2":"type-post","3":"status-publish","4":"format-standard","5":"has-post-thumbnail","7":"category-camp-de-turia-ca","8":"category-canal-salud","9":"category-covid-19-ca","10":"category-infraestructuras-ca","11":"category-la-comarca-ca","12":"category-politica","13":"category-riba-roja-ca","14":"category-seccion-ca","15":"tag-ajuntament-de-riba-roja-ca","16":"tag-camp-de-turia-ca","17":"tag-coronavirus-ca","18":"tag-hospital-de-manises-ca"},"_links":{"self":[{"href":"https:\/\/www.tucomarca.com\/wordpress\/segunda\/ca\/wp-json\/wp\/v2\/posts\/113417","targetHints":{"allow":["GET"]}}],"collection":[{"href":"https:\/\/www.tucomarca.com\/wordpress\/segunda\/ca\/wp-json\/wp\/v2\/posts"}],"about":[{"href":"https:\/\/www.tucomarca.com\/wordpress\/segunda\/ca\/wp-json\/wp\/v2\/types\/post"}],"author":[{"embeddable":true,"href":"https:\/\/www.tucomarca.com\/wordpress\/segunda\/ca\/wp-json\/wp\/v2\/users\/12"}],"replies":[{"embeddable":true,"href":"https:\/\/www.tucomarca.com\/wordpress\/segunda\/ca\/wp-json\/wp\/v2\/comments?post=113417"}],"version-history":[{"count":0,"href":"https:\/\/www.tucomarca.com\/wordpress\/segunda\/ca\/wp-json\/wp\/v2\/posts\/113417\/revisions"}],"wp:featuredmedia":[{"embeddable":true,"href":"https:\/\/www.tucomarca.com\/wordpress\/segunda\/ca\/wp-json\/wp\/v2\/media\/113418"}],"wp:attachment":[{"href":"https:\/\/www.tucomarca.com\/wordpress\/segunda\/ca\/wp-json\/wp\/v2\/media?parent=113417"}],"wp:term":[{"taxonomy":"category","embeddable":true,"href":"https:\/\/www.tucomarca.com\/wordpress\/segunda\/ca\/wp-json\/wp\/v2\/categories?post=113417"},{"taxonomy":"post_tag","embeddable":true,"href":"https:\/\/www.tucomarca.com\/wordpress\/segunda\/ca\/wp-json\/wp\/v2\/tags?post=113417"}],"curies":[{"name":"wp","href":"https:\/\/api.w.org\/{rel}","templated":true}]}}