{"id":113504,"date":"2020-09-14T21:45:32","date_gmt":"2020-09-14T19:45:32","guid":{"rendered":"http:\/\/www.tucomarca.com\/wordpress\/segunda\/?p=113504"},"modified":"2020-09-14T21:45:51","modified_gmt":"2020-09-14T19:45:51","slug":"betera-se-suma-amb-els-7-casos-del-seua-brot-als-377-ultims-nous-positius-per-coronavirus-a-la-comunitat","status":"publish","type":"post","link":"https:\/\/www.tucomarca.com\/wordpress\/segunda\/ca\/betera-se-suma-amb-els-7-casos-del-seua-brot-als-377-ultims-nous-positius-per-coronavirus-a-la-comunitat\/","title":{"rendered":"B\u00e9tera se suma amb els 7 casos del seua brot als 377 \u00faltims nous positius per coronavirus a la Comunitat"},"content":{"rendered":"\n<p>La Comunitat Valenciana suma 1.214 altes a pacients amb coronavirus des de l&#8217;\u00faltima actualitzaci\u00f3, de manera que el total de persones curades des de l&#8217;inici de la pand\u00e8mia se situa en 32.966: 3.885 a Castell\u00f3, 10.227 a Alacant i 18.821 a Val\u00e8ncia. A m\u00e9s, hi ha 33 altes no assignades.<\/p>\n\n\n\n<p>D&#8217;altra banda, el nombre de nous contagis \u00e9s de 377 confirmats per prova PCR, que situen la xifra total de positius en 31.739 persones des de l&#8217;inici de la pand\u00e8mia.<\/p>\n\n\n\n<p>Per prov\u00edncies, la distribuci\u00f3 \u00e9s la seg\u00fcent: 19 a Castell\u00f3 (3.443 en total); 150 a la prov\u00edncia d&#8217;Alacant (10.057 en total); i 208 a la prov\u00edncia de Val\u00e8ncia (18.232 en total). A m\u00e9s, s&#8217;han reassignat 19 casos, 6 d&#8217;ells a la prov\u00edncia d&#8217;Alacant i 13 a la de Val\u00e8ncia, per la qual cosa continua havent 7 casos sense assignar.<\/p>\n\n\n\n<p>En aquests moments hi ha 502 persones ingressades en centres hospitalaris de tota la Comunitat Valenciana: 52 a la prov\u00edncia de Castell\u00f3, amb 7 pacients en UCI; 154 a la prov\u00edncia d&#8217;Alacant, 33 d&#8217;ells a l&#8217;UCI; i 296 a la prov\u00edncia de Val\u00e8ncia, 39 d&#8217;ells en UCI.<\/p>\n\n\n\n<p>D&#8217;aquesta manera, a hores d&#8217;ara hi ha actius 6.159 casos, fet que suposa un 15,14% de l&#8217;total de positius.<\/p>\n\n\n\n<p>D&#8217;altra banda, s&#8217;han registrat 5 morts per coronavirus des de l&#8217;\u00faltima actualitzaci\u00f3, de manera que el total de defuncions \u00e9s de 1.561 persones: 231 a la prov\u00edncia de Castell\u00f3, 538 a la d&#8217;Alacant i 792 a la de Val\u00e8ncia.<\/p>\n\n\n\n<p>El nombre total de proves dutes a terme per a la detecci\u00f3 de l&#8217;coronavirus ascendeix a 959.373, de les quals 813.648 han estat a trav\u00e9s de PCR i 145.725 mitjan\u00e7ant test r\u00e0pid.<\/p>\n\n\n\n<p>Actualitzaci\u00f3 de la situaci\u00f3 en resid\u00e8ncies<\/p>\n\n\n\n<p>El 72,5% de les resid\u00e8ncies amb algun cas compta amb 3 o menys positius, i el 45% de centres registra un \u00fanic cas. A dia d&#8217;avui, hi ha algun cas positiu en 54 resid\u00e8ncies de majors (4 a la prov\u00edncia de Castell\u00f3, 16 a la prov\u00edncia d&#8217;Alacant i 34 a la prov\u00edncia de Val\u00e8ncia), 10 centres de persones amb diversitat funcional (2 a la prov\u00edncia de Castell\u00f3, 3 a la d&#8217;Alacant i 5 a la de Val\u00e8ncia) i 5 centres de menors (1 a la prov\u00edncia de Castell\u00f3, 3 a la prov\u00edncia d&#8217;Alacant i 1 a la prov\u00edncia de Val\u00e8ncia).<\/p>\n\n\n\n<p>\u00b7 Residents nous positius: 4<\/p>\n\n\n\n<p>\u00b7 Treballadors i treballadores nous positius: 8<\/p>\n\n\n\n<p>\u00b7 Residents morts: 2<\/p>\n\n\n\n<p>Actualment, es troben sota vigil\u00e0ncia activa de control sanitari juliol resid\u00e8ncies a la Comunitat Valenciana: 0 a la prov\u00edncia de Castell\u00f3, 2 a la prov\u00edncia d&#8217;Alacant i 5 a la prov\u00edncia de Val\u00e8ncia.<\/p>\n\n\n\n<p>Actualitzaci\u00f3 brots de coronavirus<\/p>\n\n\n\n<p>Nous brots:<\/p>\n\n\n\n<p>\u00b7 B\u00e9tera: 7 casos. origen social<\/p>\n\n\n\n<p>\u00b7 Benij\u00f3far: 3 casos. origen social<\/p>\n\n\n\n<p>\u00b7 Albalat dels Sorells: 11 casos. origen social<\/p>\n\n\n\n<p>\u00b7 Pilar de la Horadada: 4 casos. origen social<\/p>\n\n\n\n<p>\u00b7 Oriola: 6 casos. origen social<\/p>\n\n\n\n<p>\u00b7 Alc\u00e0ntera de X\u00faquer: 6 casos. origen social<\/p>\n\n\n\n<p>\u00b7 Oriola: 4 casos. origen social<\/p>\n\n\n\n<p>\u00b7 Val\u00e8ncia: 3 casos. origen social<\/p>\n\n\n\n<p>\u00b7 Alacant: 5 casos. origen social<\/p>\n\n\n\n<p>\u00b7 Alacant: 7 casos. origen social<\/p>\n\n\n\n<p>\u00b7 Alacant: 7 casos. origen social<\/p>\n\n\n\n<p>\u00b7 Val\u00e8ncia: 5 casos. origen social<\/p>\n\n\n\n<p>\u00b7 Val\u00e8ncia: 4 casos. origen laboral<\/p>\n\n\n\n<p>\u00b7 Alacant: 11 casos. origen laboral<\/p>\n\n\n\n<p>\u00b7 Banyeres de Mariola: 3 casos. origen social<\/p>\n\n\n\n<p>\u00b7 Banyeres de Mariola: 4 casos. origen laboral<\/p>\n\n\n\n<p>\u00b7 El Pin\u00f3s: 5 casos. origen social<\/p>\n\n\n\n<p>\u00b7 Tavernes de la Valldigna: 7 casos. origen social<\/p>\n\n\n\n<p>\u00b7 Alacant: 13 casos. origen social<\/p>\n","protected":false},"excerpt":{"rendered":"<div class=\"mh-excerpt\">La Comunitat Valenciana suma 1.214 altes a pacients amb coronavirus des de l&#8217;\u00faltima actualitzaci\u00f3, de manera que el total de persones curades des de l&#8217;inici de la pand\u00e8mia se situa en 32.966: 3.885 a Castell\u00f3, <a class=\"mh-excerpt-more\" href=\"https:\/\/www.tucomarca.com\/wordpress\/segunda\/ca\/betera-se-suma-amb-els-7-casos-del-seua-brot-als-377-ultims-nous-positius-per-coronavirus-a-la-comunitat\/\" title=\"B\u00e9tera se suma amb els 7 casos del seua brot als 377 \u00faltims nous positius per coronavirus a la Comunitat\">[+] <\/a><\/div>\n","protected":false},"author":1,"featured_media":111285,"comment_status":"open","ping_status":"open","sticky":false,"template":"","format":"standard","meta":{"footnotes":""},"categories":[10937,10892,11010,12202,10898,10948,10894,10904,10903,10947,10896,10897],"tags":[10899,11939,11940,11952],"class_list":{"0":"post-113504","1":"post","2":"type-post","3":"status-publish","4":"format-standard","5":"has-post-thumbnail","7":"category-betera-ca","8":"category-camp-de-turia-ca","9":"category-canal-salud","10":"category-covid-19-ca","11":"category-ventana-ca","12":"category-infraestructuras-ca","13":"category-la-comarca-ca","14":"category-sin-categorizar-ca","15":"category-medio-ambiente-la-comarca-ca","16":"category-politica","17":"category-seccion-ca","18":"category-sucesos-la-comarca-ca","19":"tag-camp-de-turia-ca","20":"tag-coronavirus-ca","21":"tag-covid-19-ca","22":"tag-covid2019-ca"},"_links":{"self":[{"href":"https:\/\/www.tucomarca.com\/wordpress\/segunda\/ca\/wp-json\/wp\/v2\/posts\/113504","targetHints":{"allow":["GET"]}}],"collection":[{"href":"https:\/\/www.tucomarca.com\/wordpress\/segunda\/ca\/wp-json\/wp\/v2\/posts"}],"about":[{"href":"https:\/\/www.tucomarca.com\/wordpress\/segunda\/ca\/wp-json\/wp\/v2\/types\/post"}],"author":[{"embeddable":true,"href":"https:\/\/www.tucomarca.com\/wordpress\/segunda\/ca\/wp-json\/wp\/v2\/users\/1"}],"replies":[{"embeddable":true,"href":"https:\/\/www.tucomarca.com\/wordpress\/segunda\/ca\/wp-json\/wp\/v2\/comments?post=113504"}],"version-history":[{"count":0,"href":"https:\/\/www.tucomarca.com\/wordpress\/segunda\/ca\/wp-json\/wp\/v2\/posts\/113504\/revisions"}],"wp:featuredmedia":[{"embeddable":true,"href":"https:\/\/www.tucomarca.com\/wordpress\/segunda\/ca\/wp-json\/wp\/v2\/media\/111285"}],"wp:attachment":[{"href":"https:\/\/www.tucomarca.com\/wordpress\/segunda\/ca\/wp-json\/wp\/v2\/media?parent=113504"}],"wp:term":[{"taxonomy":"category","embeddable":true,"href":"https:\/\/www.tucomarca.com\/wordpress\/segunda\/ca\/wp-json\/wp\/v2\/categories?post=113504"},{"taxonomy":"post_tag","embeddable":true,"href":"https:\/\/www.tucomarca.com\/wordpress\/segunda\/ca\/wp-json\/wp\/v2\/tags?post=113504"}],"curies":[{"name":"wp","href":"https:\/\/api.w.org\/{rel}","templated":true}]}}