{"id":113626,"date":"2020-09-16T09:00:17","date_gmt":"2020-09-16T07:00:17","guid":{"rendered":"http:\/\/www.tucomarca.com\/wordpress\/segunda\/?p=113626"},"modified":"2020-09-17T09:45:29","modified_gmt":"2020-09-17T07:45:29","slug":"riba-roja-localitza-un-forn-de-vidre-depoca-visigoda-a-valencia-la-vella-i-recupera-mes-de-30-monedes-i-joies-en-la-ciutat-antiga","status":"publish","type":"post","link":"https:\/\/www.tucomarca.com\/wordpress\/segunda\/ca\/riba-roja-localitza-un-forn-de-vidre-depoca-visigoda-a-valencia-la-vella-i-recupera-mes-de-30-monedes-i-joies-en-la-ciutat-antiga\/","title":{"rendered":"Riba-roja localitza un forn de vidre d\u2019\u00e8poca visigoda a Val\u00e8ncia la Vella i recupera m\u00e9s de 30 monedes i joies en la ciutat antiga"},"content":{"rendered":"\n<p><strong>Els treballs arqueol\u00f2gics d\u2019enguany aprofundeixen en l\u2019estructura social<\/strong><\/p>\n\n\n\n<figure class=\"wp-block-image\"><img loading=\"lazy\" decoding=\"async\" width=\"724\" height=\"1024\" src=\"http:\/\/www.tucomarca.com\/wordpress\/segunda\/wp-content\/uploads\/2020\/09\/Riba-rojaarqueologia1-724x1024.jpg\" alt=\"\" class=\"wp-image-113632\" srcset=\"https:\/\/www.tucomarca.com\/wordpress\/segunda\/wp-content\/uploads\/2020\/09\/Riba-rojaarqueologia1-724x1024.jpg 724w, https:\/\/www.tucomarca.com\/wordpress\/segunda\/wp-content\/uploads\/2020\/09\/Riba-rojaarqueologia1-212x300.jpg 212w, https:\/\/www.tucomarca.com\/wordpress\/segunda\/wp-content\/uploads\/2020\/09\/Riba-rojaarqueologia1-768x1086.jpg 768w, https:\/\/www.tucomarca.com\/wordpress\/segunda\/wp-content\/uploads\/2020\/09\/Riba-rojaarqueologia1.jpg 787w\" sizes=\"auto, (max-width: 724px) 100vw, 724px\" \/><\/figure>\n\n\n\n<p>Les prospeccions que s\u2019han portat a terme durant les dos setmanes \u00faltimes al jaciment arqueol\u00f2gic de Val\u00e8ncia la Vella, a Riba-roja de T\u00faria, han perm\u00e8s definir amb major concreci\u00f3 els usos i costums que hi havia en esta antiga ciutat visigoda del segle VI adenlairada sobre una extensi\u00f3 de prop de 50.000 metres quadrats \u2013cinc hect\u00e0rees- i que servia com a sistema defensiu en l\u2019\u00e8poca davant qualsevol invasi\u00f3.&nbsp;<\/p>\n\n\n\n<p>Els treballs d\u2019enguany s\u2019han vist redu\u00efts per la normativa sanit\u00e0ria del Covid-19 i, per tant, sols hi han pogut treballar una desena d\u2019experts i estudiosos que han pogut aprofundir en els estudis d\u2019una de les ciutats visigodes m\u00e9s importants a la pen\u00ednsula que tenia la ciutat de Toledo com a centre de l\u2019estat central visigot mentre que Val\u00e8ncia la Vella acomplia les funcions de centre urb\u00e0 militar davant el perill rom\u00e0.&nbsp;<\/p>\n\n\n\n<p>Tot i que en 2020 no s\u2019ha pogut celebrar el V Curs Pr\u00e0ctic d\u2019Arqueologia Cristiana i Visigoda com es venia realitzant des de l\u2019any 2016, en esta ocasi\u00f3 han continuat les feines de prospecci\u00f3 i tastos arqueol\u00f2gics fins el punt que s\u2019ha pogut localitzar un forn per a la producci\u00f3, possiblement, de vidre en una de les zones dedicades als oficis i activitats econ\u00f2miques de l\u2019\u00e8poca.&nbsp;<\/p>\n\n\n\n<p>La troballa del forn de vidre s\u2019ha completat, a m\u00e9s, amb altres de v\u00e0lua considerable com les 30 monedes visigodes o, fins i tot, una joia en forma d\u2019anell que, d\u2019entrada, podria pert\u00e0nyer a algunes de les fam\u00edlies o nobles que hi vivien en un dels centres defensius que, a poc a poc, permet extraure una major consci\u00e8ncia sobre la import\u00e0ncia que Val\u00e8ncia la Vella suposava en el sistema defensiu visigot.&nbsp;<\/p>\n\n\n\n<p>Les feines de les darreres setmanes han consistit en un aprofundiment dels sondejos geof\u00edsics i el desbrossament d\u2019una part de l\u2019assentament de l\u2019antiga ciutat visigoda fins el punt que permet definir amb major precisi\u00f3 l\u2019exist\u00e8ncia d\u2019una jerarquitzaci\u00f3 en l\u2019estructura urban\u00edstica, amb una esplanissada que feia les funcions d\u2019emmagatzematges de productes de l\u2019\u00e8poca, un altre barri de caire eclesi\u00e0stic que denotava el poder que hi tenien en el conjunt de la ciutat i, finalment, entre dos i tres barris que es dedicaven a les activitats econ\u00f2miques, en especial l\u2019artesania predominant. &nbsp;<\/p>\n\n\n\n<p>Les excavacions han continuat en esta ocasi\u00f3 sobre una bona part de les zones dels voltants de la muralla defensiva que atorgava consci\u00e8ncia del predomini visigot a l\u2019\u00e8poca amb una ciutat estructura amb una acr\u00f2poli en la zona m\u00e9s alta tot aprofitant-ne els diversos desnivells que la seua situaci\u00f3 geof\u00edsica li suposava gr\u00e0cies a l\u2019exist\u00e8ncia del mateix riu i els barrancs dels Pous i la Cabrassa. La muralla, majestuosa, envoltat tot l\u2019assentament, amb vora 400 metres de llarga. La jerarquitzaci\u00f3 f\u00edsica del recinte \u00e9s un reflex de l\u2019estructura social de l\u2019\u00e8poca.&nbsp;<\/p>\n\n\n\n<p>Una sala noble de cinquanta metres quadrats en la mateixa acr\u00f2polis referma la impressi\u00f3 que hi havia sobre la import\u00e0ncia de Val\u00e8ncia la Vella en el context d\u2019una \u00e8poca on Riba-roja hi tenia m\u00e9s poder de decisi\u00f3 que el propi cap-i-casal. El vessant comercial, amb la importaci\u00f3 de vi i oli, fa pensar en un lloc privilegiat en el circuit de les ciutats mediterr\u00e0nies, a partir de les troballes de nombroses monedes i cer\u00e0miques.&nbsp;<\/p>\n\n\n\n<p>Amb les troballes s\u2019hi perfilen ja els sectors sobre els quals s\u2019estructurava la ciutat antiga visigoda com les \u00e0rees artesanals, una pla\u00e7a \u201cMajor\u201d en un dels espais m\u00e9s c\u00e8ntrics, l\u2019\u00e0rea noble del cim de l\u2019acr\u00f2polis de Val\u00e8ncia la Vella i les tres \u00e0rees residencials en les quals hi vivien els habitants del jaciment arqueol\u00f2gic els treballs del qual es van reprendre l\u2019any 2016 despr\u00e9s de m\u00e9s de 35 anys d\u2019abs\u00e8ncia. &nbsp;<\/p>\n\n\n\n<p>Les excavacions, dirigides sota la direcci\u00f3 dels professors i arque\u00f2legs Josep Maria Macias, Albert Ribera i Miquel Rossell\u00f3, reforcen el jaciment de Val\u00e8ncia la Vella com un dels exponents m\u00e9s majestuosos de la civilitzaci\u00f3 visigoda, fundat pel regi Leovigild a mitjans del segle VI que va fer servir per potenciar el seu poder fins la seua fi al voltant de l\u2019any 700 amb l\u2019arribada dels musulmans. &nbsp;<\/p>\n\n\n\n<p>L\u2019alcalde de Riba-roja de T\u00faria, Robert Raga, ha agra\u00eft \u201cl\u2019esfor\u00e7 i el treball que han portat a terme els experts durant les dos setmanes en una \u00e8poca molt complicada per la pand\u00e8mia, tot extremant-ne les mesures sanit\u00e0ries, i que ens serveixen per aprofundir-nos m\u00e9s en els estudis sobre el nostre passat i sobre una de les \u00e8poques m\u00e9s esplendoroses com \u00e9s la visigoda, on Riba-roja n\u2019era el centre del poder, per davant incl\u00fas de Val\u00e8ncia\u201d.&nbsp;<\/p>\n","protected":false},"excerpt":{"rendered":"<div class=\"mh-excerpt\">Els treballs arqueol\u00f2gics d\u2019enguany aprofundeixen en l\u2019estructura social Les prospeccions que s\u2019han portat a terme durant les dos setmanes \u00faltimes al jaciment arqueol\u00f2gic de Val\u00e8ncia la Vella, a Riba-roja de T\u00faria, han perm\u00e8s definir amb <a class=\"mh-excerpt-more\" href=\"https:\/\/www.tucomarca.com\/wordpress\/segunda\/ca\/riba-roja-localitza-un-forn-de-vidre-depoca-visigoda-a-valencia-la-vella-i-recupera-mes-de-30-monedes-i-joies-en-la-ciutat-antiga\/\" title=\"Riba-roja localitza un forn de vidre d\u2019\u00e8poca visigoda a Val\u00e8ncia la Vella i recupera m\u00e9s de 30 monedes i joies en la ciutat antiga\">[+] <\/a><\/div>\n","protected":false},"author":12,"featured_media":113630,"comment_status":"open","ping_status":"open","sticky":false,"template":"","format":"standard","meta":{"footnotes":""},"categories":[10892,10948,10894,11007,10906,10896],"tags":[10907,12572],"class_list":{"0":"post-113626","1":"post","2":"type-post","3":"status-publish","4":"format-standard","5":"has-post-thumbnail","7":"category-camp-de-turia-ca","8":"category-infraestructuras-ca","9":"category-la-comarca-ca","10":"category-ocio-y-cultura-ca","11":"category-riba-roja-ca","12":"category-seccion-ca","13":"tag-riba-roja-del-turia-ca","14":"tag-valencia-la-vella"},"_links":{"self":[{"href":"https:\/\/www.tucomarca.com\/wordpress\/segunda\/ca\/wp-json\/wp\/v2\/posts\/113626","targetHints":{"allow":["GET"]}}],"collection":[{"href":"https:\/\/www.tucomarca.com\/wordpress\/segunda\/ca\/wp-json\/wp\/v2\/posts"}],"about":[{"href":"https:\/\/www.tucomarca.com\/wordpress\/segunda\/ca\/wp-json\/wp\/v2\/types\/post"}],"author":[{"embeddable":true,"href":"https:\/\/www.tucomarca.com\/wordpress\/segunda\/ca\/wp-json\/wp\/v2\/users\/12"}],"replies":[{"embeddable":true,"href":"https:\/\/www.tucomarca.com\/wordpress\/segunda\/ca\/wp-json\/wp\/v2\/comments?post=113626"}],"version-history":[{"count":0,"href":"https:\/\/www.tucomarca.com\/wordpress\/segunda\/ca\/wp-json\/wp\/v2\/posts\/113626\/revisions"}],"wp:featuredmedia":[{"embeddable":true,"href":"https:\/\/www.tucomarca.com\/wordpress\/segunda\/ca\/wp-json\/wp\/v2\/media\/113630"}],"wp:attachment":[{"href":"https:\/\/www.tucomarca.com\/wordpress\/segunda\/ca\/wp-json\/wp\/v2\/media?parent=113626"}],"wp:term":[{"taxonomy":"category","embeddable":true,"href":"https:\/\/www.tucomarca.com\/wordpress\/segunda\/ca\/wp-json\/wp\/v2\/categories?post=113626"},{"taxonomy":"post_tag","embeddable":true,"href":"https:\/\/www.tucomarca.com\/wordpress\/segunda\/ca\/wp-json\/wp\/v2\/tags?post=113626"}],"curies":[{"name":"wp","href":"https:\/\/api.w.org\/{rel}","templated":true}]}}