{"id":113975,"date":"2020-09-22T19:15:42","date_gmt":"2020-09-22T17:15:42","guid":{"rendered":"http:\/\/www.tucomarca.com\/wordpress\/segunda\/?p=113975"},"modified":"2020-09-22T19:45:42","modified_gmt":"2020-09-22T17:45:42","slug":"la-guardia-civil-rescata-la-conductora-dun-vehicle-accidentat-a-godelleta-que-corria-perill-de-precipitar-se-per-un-barranc","status":"publish","type":"post","link":"https:\/\/www.tucomarca.com\/wordpress\/segunda\/ca\/la-guardia-civil-rescata-la-conductora-dun-vehicle-accidentat-a-godelleta-que-corria-perill-de-precipitar-se-per-un-barranc\/","title":{"rendered":"La Gu\u00e0rdia Civil rescata la conductora d&#8217;un vehicle accidentat a Godelleta que corria perill de precipitar-se per un barranc"},"content":{"rendered":"\n<p>Segons han informat fonts de la Comand\u00e0ncia de la Gu\u00e0rdia Civil de Val\u00e8ncia, a les 2,15 hores d&#8217;ahir, dia 21 de setembre, agents de l&#8217;Subsector de Tr\u00e0nsit de Val\u00e8ncia es van despla\u00e7ar a atendre un accident de circulaci\u00f3 en un cam\u00ed rural proper a la carretera CV-424, al terme municipal de Godelleta.<\/p>\n\n\n\n<p>&#8220;Els agents de la Gu\u00e0rdia Civil a l&#8217;arriben a el lloc de l&#8217;sinistre van observar com un vehicle despr\u00e9s de patir una sortida de via per marge dret, havia quedat susp\u00e8s en l&#8217;aire, enganxat per la seva part posterior a la barrera semir\u00edgida de protecci\u00f3 que delimita la cal\u00e7ada amb un barranc, encaixat entre un arbre i un mur de contenci\u00f3, i hi ha greu perill de Estimbada, trobant-se en el seu interior la seva conductora &#8220;, segons fonts de la Gu\u00e0rdia Civil.<\/p>\n\n\n\n<p>Els agents de la Gu\u00e0rdia Civil, davant el perill que comportava que el vehicle es precipit\u00e9s a l&#8217;buit amb greu perill per a la vida de la conductora que es trobava al seu interior, &#8220;van baixar a peu per una zona molt escarpada i amb vegetaci\u00f3 frondosa de canyes i bardisses, travessant un rierol, fins a aconseguir arribar a el vehicle i amb dificultat van aconseguir rescatar del seu interior a la conductora &#8220;.<\/p>\n\n\n\n<p>Com la dist\u00e0ncia des d&#8217;on es trobava el vehicle sinistrat i la carretera per on s&#8217;havia precipitat era molt dificult\u00f3s, a m\u00e9s de l&#8217;estat en qu\u00e8 es trobava la conductora, un dels agents transporta a la dona sobre la seva esquena, fins situar-la en lloc segur per ser atesa de les lesions produ\u00efdes, primerament pels agents i posteriorment pels serveis d&#8217;emerg\u00e8ncia sanit\u00e0ries de la Comunitat Valenciana despla\u00e7ats a el lloc.<\/p>\n\n\n\n<p>Els agents un cop van rescatar la conductora i va ser atesa, davant la possibilitat d&#8217;haver condu\u00eft havent ingerit begudes alcoh\u00f2liques, li van realitzar les proves reglament\u00e0ries establertes, donant com a resultat positiu.<\/p>\n\n\n\n<p>Gr\u00e0cies a l&#8217;actuaci\u00f3 dels efectius de l&#8217;Subsector de Tr\u00e0nsit de Val\u00e8ncia, es va aconseguir rescatar de forma r\u00e0pida i efica\u00e7 a una persona que es trobava a l&#8217;interior de el vehicle amb perill de precipitar-se a l&#8217;buit.<\/p>\n","protected":false},"excerpt":{"rendered":"<div class=\"mh-excerpt\">Segons han informat fonts de la Comand\u00e0ncia de la Gu\u00e0rdia Civil de Val\u00e8ncia, a les 2,15 hores d&#8217;ahir, dia 21 de setembre, agents de l&#8217;Subsector de Tr\u00e0nsit de Val\u00e8ncia es van despla\u00e7ar a atendre un <a class=\"mh-excerpt-more\" href=\"https:\/\/www.tucomarca.com\/wordpress\/segunda\/ca\/la-guardia-civil-rescata-la-conductora-dun-vehicle-accidentat-a-godelleta-que-corria-perill-de-precipitar-se-per-un-barranc\/\" title=\"La Gu\u00e0rdia Civil rescata la conductora d&#8217;un vehicle accidentat a Godelleta que corria perill de precipitar-se per un barranc\">[+] <\/a><\/div>\n","protected":false},"author":1,"featured_media":113973,"comment_status":"open","ping_status":"open","sticky":false,"template":"","format":"standard","meta":{"footnotes":""},"categories":[10898,10977,10894,10912,10896,10897],"tags":[264,12448,10383,11087,1098,11118,5952,10914],"class_list":{"0":"post-113975","1":"post","2":"type-post","3":"status-publish","4":"format-standard","5":"has-post-thumbnail","7":"category-ventana-ca","8":"category-godelleta-ca","9":"category-la-comarca-ca","10":"category-la-hoya-ca","11":"category-seccion-ca","12":"category-sucesos-la-comarca-ca","13":"tag-accidente","14":"tag-accidente-ca","15":"tag-godelleta","16":"tag-godelleta-ca","17":"tag-guardia-civil","18":"tag-guardia-civil-ca","19":"tag-la-hoya-de-bunol-chiva","20":"tag-la-hoya-de-bunol-chiva-ca"},"_links":{"self":[{"href":"https:\/\/www.tucomarca.com\/wordpress\/segunda\/ca\/wp-json\/wp\/v2\/posts\/113975","targetHints":{"allow":["GET"]}}],"collection":[{"href":"https:\/\/www.tucomarca.com\/wordpress\/segunda\/ca\/wp-json\/wp\/v2\/posts"}],"about":[{"href":"https:\/\/www.tucomarca.com\/wordpress\/segunda\/ca\/wp-json\/wp\/v2\/types\/post"}],"author":[{"embeddable":true,"href":"https:\/\/www.tucomarca.com\/wordpress\/segunda\/ca\/wp-json\/wp\/v2\/users\/1"}],"replies":[{"embeddable":true,"href":"https:\/\/www.tucomarca.com\/wordpress\/segunda\/ca\/wp-json\/wp\/v2\/comments?post=113975"}],"version-history":[{"count":0,"href":"https:\/\/www.tucomarca.com\/wordpress\/segunda\/ca\/wp-json\/wp\/v2\/posts\/113975\/revisions"}],"wp:featuredmedia":[{"embeddable":true,"href":"https:\/\/www.tucomarca.com\/wordpress\/segunda\/ca\/wp-json\/wp\/v2\/media\/113973"}],"wp:attachment":[{"href":"https:\/\/www.tucomarca.com\/wordpress\/segunda\/ca\/wp-json\/wp\/v2\/media?parent=113975"}],"wp:term":[{"taxonomy":"category","embeddable":true,"href":"https:\/\/www.tucomarca.com\/wordpress\/segunda\/ca\/wp-json\/wp\/v2\/categories?post=113975"},{"taxonomy":"post_tag","embeddable":true,"href":"https:\/\/www.tucomarca.com\/wordpress\/segunda\/ca\/wp-json\/wp\/v2\/tags?post=113975"}],"curies":[{"name":"wp","href":"https:\/\/api.w.org\/{rel}","templated":true}]}}