{"id":114073,"date":"2020-09-24T13:00:09","date_gmt":"2020-09-24T11:00:09","guid":{"rendered":"http:\/\/www.tucomarca.com\/wordpress\/segunda\/?p=114073"},"modified":"2020-09-24T19:13:02","modified_gmt":"2020-09-24T17:13:02","slug":"el-govern-municipal-de-bunyol-dona-4-21464-eur-de-les-remuneracions-dels-seus-regidors-en-els-ultims-quatre-mesos-a-diverses-entitats-socials","status":"publish","type":"post","link":"https:\/\/www.tucomarca.com\/wordpress\/segunda\/ca\/el-govern-municipal-de-bunyol-dona-4-21464-eur-de-les-remuneracions-dels-seus-regidors-en-els-ultims-quatre-mesos-a-diverses-entitats-socials\/","title":{"rendered":"El govern municipal de Bunyol d\u00f3na 4.214,64 EUR de les remuneracions dels seus regidors en els \u00faltims quatre mesos a diverses entitats socials"},"content":{"rendered":"\n<p><strong>Els huit regidors que conformen l&#8217;equip de govern municipal donen el 15% de les seues retribucions municipals l\u00edquides dels \u00faltims quatre mesos a ajuda humanit\u00e0ria a entitats socials de la localitat amb l&#8217;objectiu de pal\u00b7liar els efectes del Covid-19<\/strong><\/p>\n\n\n\n<p>Els huit regidors que conformen l&#8217;equip de govern municipal donen el 15% de les seues retribucions municipals l\u00edquides dels \u00faltims quatre mesos a ajuda humanit\u00e0ria a entitats socials de la localitat amb l&#8217;objectiu de pal\u00b7liar els efectes del Covid-19<\/p>\n\n\n\n<p>Esta quantitat suposa el 15% del salari de cada un dels huit regidors que conformen l&#8217;equip de govern municipal de l&#8217;Ajuntament de Bunyol en l&#8217;actualitat. Un equip de govern assentat en tres partits pol\u00edtics: PSOE (4), IU (3) i Unides- Podem (1).<\/p>\n","protected":false},"excerpt":{"rendered":"<div class=\"mh-excerpt\">Els huit regidors que conformen l&#8217;equip de govern municipal donen el 15% de les seues retribucions municipals l\u00edquides dels \u00faltims quatre mesos a ajuda humanit\u00e0ria a entitats socials de la localitat amb l&#8217;objectiu de pal\u00b7liar <a class=\"mh-excerpt-more\" href=\"https:\/\/www.tucomarca.com\/wordpress\/segunda\/ca\/el-govern-municipal-de-bunyol-dona-4-21464-eur-de-les-remuneracions-dels-seus-regidors-en-els-ultims-quatre-mesos-a-diverses-entitats-socials\/\" title=\"El govern municipal de Bunyol d\u00f3na 4.214,64 EUR de les remuneracions dels seus regidors en els \u00faltims quatre mesos a diverses entitats socials\">[+] <\/a><\/div>\n","protected":false},"author":12,"featured_media":97732,"comment_status":"open","ping_status":"open","sticky":false,"template":"","format":"standard","meta":{"footnotes":""},"categories":[10911,12202,10894,10912,10947,10896],"tags":[12613,11158,11803,11939,11940,12614,10914],"class_list":{"0":"post-114073","1":"post","2":"type-post","3":"status-publish","4":"format-standard","5":"has-post-thumbnail","7":"category-bunol-ca","8":"category-covid-19-ca","9":"category-la-comarca-ca","10":"category-la-hoya-ca","11":"category-politica","12":"category-seccion-ca","13":"tag-asociacion-saheli-ca","14":"tag-ayuntamiento-de-bunol-ca","15":"tag-caritas-bunol-ca","16":"tag-coronavirus-ca","17":"tag-covid-19-ca","18":"tag-equipo-de-gobierno-ca","19":"tag-la-hoya-de-bunol-chiva-ca"},"_links":{"self":[{"href":"https:\/\/www.tucomarca.com\/wordpress\/segunda\/ca\/wp-json\/wp\/v2\/posts\/114073","targetHints":{"allow":["GET"]}}],"collection":[{"href":"https:\/\/www.tucomarca.com\/wordpress\/segunda\/ca\/wp-json\/wp\/v2\/posts"}],"about":[{"href":"https:\/\/www.tucomarca.com\/wordpress\/segunda\/ca\/wp-json\/wp\/v2\/types\/post"}],"author":[{"embeddable":true,"href":"https:\/\/www.tucomarca.com\/wordpress\/segunda\/ca\/wp-json\/wp\/v2\/users\/12"}],"replies":[{"embeddable":true,"href":"https:\/\/www.tucomarca.com\/wordpress\/segunda\/ca\/wp-json\/wp\/v2\/comments?post=114073"}],"version-history":[{"count":0,"href":"https:\/\/www.tucomarca.com\/wordpress\/segunda\/ca\/wp-json\/wp\/v2\/posts\/114073\/revisions"}],"wp:featuredmedia":[{"embeddable":true,"href":"https:\/\/www.tucomarca.com\/wordpress\/segunda\/ca\/wp-json\/wp\/v2\/media\/97732"}],"wp:attachment":[{"href":"https:\/\/www.tucomarca.com\/wordpress\/segunda\/ca\/wp-json\/wp\/v2\/media?parent=114073"}],"wp:term":[{"taxonomy":"category","embeddable":true,"href":"https:\/\/www.tucomarca.com\/wordpress\/segunda\/ca\/wp-json\/wp\/v2\/categories?post=114073"},{"taxonomy":"post_tag","embeddable":true,"href":"https:\/\/www.tucomarca.com\/wordpress\/segunda\/ca\/wp-json\/wp\/v2\/tags?post=114073"}],"curies":[{"name":"wp","href":"https:\/\/api.w.org\/{rel}","templated":true}]}}