{"id":114266,"date":"2020-09-28T20:07:01","date_gmt":"2020-09-28T18:07:01","guid":{"rendered":"http:\/\/www.tucomarca.com\/wordpress\/segunda\/?p=114266"},"modified":"2020-09-28T20:07:03","modified_gmt":"2020-09-28T18:07:03","slug":"bona-acollida-a-xest-de-lobertura-del-cicle-cultura-en-la-lomiquia","status":"publish","type":"post","link":"https:\/\/www.tucomarca.com\/wordpress\/segunda\/ca\/bona-acollida-a-xest-de-lobertura-del-cicle-cultura-en-la-lomiquia\/","title":{"rendered":"Bona acollida a Xest de l&#8217;obertura del cicle &#8220;Cultura en La Lomiquia&#8221;"},"content":{"rendered":"\n<p>Dissabte passat, 26 de setembre, es va estrenar el cicle d&#8217;actuacions de p\u00fablic familiar &#8220;Cultura en La Lomiquia&#8221;, organitzat per les regidories de Cultura i Parcs i Jardins, amb l&#8217;espectacle El Rodam\u00f3n.<\/p>\n\n\n\n<p>Prop de 60 persones es van reunir a partir de les 18 hores en el recinte habilitat en l&#8217;\u00e0gora del parc, on es va controlar l&#8217;aforament i es va prendre la temperatura a totes les persones assistents, a les que tamb\u00e9 li ls va oferir gel per a desinfectar les mans i li ls va informar de la prohibici\u00f3 de despla\u00e7ar-se dels seients assignats pel personal encarregat d&#8217;acomodar-los.<\/p>\n\n\n\n<p>Aix\u00ed, amb totes les mesures de seguretat en marxa, va comen\u00e7ar l&#8217;espectacle, centrat en el respecte al Medi Ambient i l&#8217;atenci\u00f3 del Planeta, amb apegaloses can\u00e7ons i coreografies amb qu\u00e8 els set artistes de la companyia van connectar amb el p\u00fablic des de l&#8217;escenari.<\/p>\n\n\n\n<ul class=\"wp-block-gallery columns-2 is-cropped wp-block-gallery-1 is-layout-flex wp-block-gallery-is-layout-flex\"><li class=\"blocks-gallery-item\"><figure><img loading=\"lazy\" decoding=\"async\" width=\"787\" height=\"525\" src=\"http:\/\/www.tucomarca.com\/wordpress\/segunda\/wp-content\/uploads\/2020\/09\/TrotamundosCheste3.jpg\" alt=\"\" data-id=\"114262\" data-link=\"http:\/\/www.tucomarca.com\/wordpress\/segunda\/?attachment_id=114262\" class=\"wp-image-114262\" srcset=\"https:\/\/www.tucomarca.com\/wordpress\/segunda\/wp-content\/uploads\/2020\/09\/TrotamundosCheste3.jpg 787w, https:\/\/www.tucomarca.com\/wordpress\/segunda\/wp-content\/uploads\/2020\/09\/TrotamundosCheste3-300x200.jpg 300w, https:\/\/www.tucomarca.com\/wordpress\/segunda\/wp-content\/uploads\/2020\/09\/TrotamundosCheste3-768x512.jpg 768w\" sizes=\"auto, (max-width: 787px) 100vw, 787px\" \/><\/figure><\/li><li class=\"blocks-gallery-item\"><figure><img loading=\"lazy\" decoding=\"async\" width=\"787\" height=\"525\" src=\"http:\/\/www.tucomarca.com\/wordpress\/segunda\/wp-content\/uploads\/2020\/09\/TrotamundosCheste2.jpg\" alt=\"\" data-id=\"114260\" data-link=\"http:\/\/www.tucomarca.com\/wordpress\/segunda\/?attachment_id=114260\" class=\"wp-image-114260\" srcset=\"https:\/\/www.tucomarca.com\/wordpress\/segunda\/wp-content\/uploads\/2020\/09\/TrotamundosCheste2.jpg 787w, https:\/\/www.tucomarca.com\/wordpress\/segunda\/wp-content\/uploads\/2020\/09\/TrotamundosCheste2-300x200.jpg 300w, https:\/\/www.tucomarca.com\/wordpress\/segunda\/wp-content\/uploads\/2020\/09\/TrotamundosCheste2-768x512.jpg 768w\" sizes=\"auto, (max-width: 787px) 100vw, 787px\" \/><\/figure><\/li><\/ul>\n\n\n\n<p><strong>Pr\u00f3ximas propuestas<\/strong><\/p>\n\n\n\n<p>La programaci\u00f3n contin\u00faa el pr\u00f3ximo domingo, 4 de octubre, a las 12 horas, con la actuaci\u00f3n del mago Keko, que presentar\u00e1 su espect\u00e1culo <em>Alohomora<\/em>.<\/p>\n\n\n\n<p>El siguiente domingo, 11 de octubre,&nbsp; ser\u00e1 el turno de la compa\u00f1\u00eda El ball de Sant Vito, con su espect\u00e1culo de t\u00edteres <em>El pa\u00eds de Babia <\/em>y el 18 de octubre ALTV Producciones representar\u00e1 el musical <em>Charlie y la f\u00e1brica de reciclaje.<\/em><br><\/p>\n","protected":false},"excerpt":{"rendered":"<div class=\"mh-excerpt\">Dissabte passat, 26 de setembre, es va estrenar el cicle d&#8217;actuacions de p\u00fablic familiar &#8220;Cultura en La Lomiquia&#8221;, organitzat per les regidories de Cultura i Parcs i Jardins, amb l&#8217;espectacle El Rodam\u00f3n. Prop de 60 <a class=\"mh-excerpt-more\" href=\"https:\/\/www.tucomarca.com\/wordpress\/segunda\/ca\/bona-acollida-a-xest-de-lobertura-del-cicle-cultura-en-la-lomiquia\/\" title=\"Bona acollida a Xest de l&#8217;obertura del cicle &#8220;Cultura en La Lomiquia&#8221;\">[+] <\/a><\/div>\n","protected":false},"author":12,"featured_media":114259,"comment_status":"open","ping_status":"open","sticky":false,"template":"","format":"gallery","meta":{"footnotes":""},"categories":[10894,10912,11007,10896,10974],"tags":[10470,5952],"class_list":{"0":"post-114266","1":"post","2":"type-post","3":"status-publish","4":"format-gallery","5":"has-post-thumbnail","7":"category-la-comarca-ca","8":"category-la-hoya-ca","9":"category-ocio-y-cultura-ca","10":"category-seccion-ca","11":"category-cheste-ca","12":"tag-ayuntamiento-de-cheste","13":"tag-la-hoya-de-bunol-chiva","14":"post_format-post-format-gallery"},"_links":{"self":[{"href":"https:\/\/www.tucomarca.com\/wordpress\/segunda\/ca\/wp-json\/wp\/v2\/posts\/114266","targetHints":{"allow":["GET"]}}],"collection":[{"href":"https:\/\/www.tucomarca.com\/wordpress\/segunda\/ca\/wp-json\/wp\/v2\/posts"}],"about":[{"href":"https:\/\/www.tucomarca.com\/wordpress\/segunda\/ca\/wp-json\/wp\/v2\/types\/post"}],"author":[{"embeddable":true,"href":"https:\/\/www.tucomarca.com\/wordpress\/segunda\/ca\/wp-json\/wp\/v2\/users\/12"}],"replies":[{"embeddable":true,"href":"https:\/\/www.tucomarca.com\/wordpress\/segunda\/ca\/wp-json\/wp\/v2\/comments?post=114266"}],"version-history":[{"count":0,"href":"https:\/\/www.tucomarca.com\/wordpress\/segunda\/ca\/wp-json\/wp\/v2\/posts\/114266\/revisions"}],"wp:featuredmedia":[{"embeddable":true,"href":"https:\/\/www.tucomarca.com\/wordpress\/segunda\/ca\/wp-json\/wp\/v2\/media\/114259"}],"wp:attachment":[{"href":"https:\/\/www.tucomarca.com\/wordpress\/segunda\/ca\/wp-json\/wp\/v2\/media?parent=114266"}],"wp:term":[{"taxonomy":"category","embeddable":true,"href":"https:\/\/www.tucomarca.com\/wordpress\/segunda\/ca\/wp-json\/wp\/v2\/categories?post=114266"},{"taxonomy":"post_tag","embeddable":true,"href":"https:\/\/www.tucomarca.com\/wordpress\/segunda\/ca\/wp-json\/wp\/v2\/tags?post=114266"}],"curies":[{"name":"wp","href":"https:\/\/api.w.org\/{rel}","templated":true}]}}