{"id":114279,"date":"2020-09-28T14:10:46","date_gmt":"2020-09-28T12:10:46","guid":{"rendered":"http:\/\/www.tucomarca.com\/wordpress\/segunda\/?p=114279"},"modified":"2020-09-28T20:42:01","modified_gmt":"2020-09-28T18:42:01","slug":"lhospital-de-manises-exposa-una-representacio-dels-mes-de-mil-dibuixos-danim-per-a-pacients-i-professionals-durant-la-pandemia","status":"publish","type":"post","link":"https:\/\/www.tucomarca.com\/wordpress\/segunda\/ca\/lhospital-de-manises-exposa-una-representacio-dels-mes-de-mil-dibuixos-danim-per-a-pacients-i-professionals-durant-la-pandemia\/","title":{"rendered":"L&#8217;Hospital de Manises exposa una representaci\u00f3 dels m\u00e9s de mil dibuixos d&#8217;\u00e0nim per a pacients i professionals durant la pand\u00e8mia"},"content":{"rendered":"\n<p><strong>Col\u00b7legis de la zona, fam\u00edlies i xiquets van enviar els seus dibuixos i cartes davall el lema &#8220;Tus \u00e0nims, la nostra medicina&#8221; <\/strong><\/p>\n\n\n\n<p><strong>Els dibuixos i cartes romandran exposats en centre hospitalari fins al 8 d&#8217;octubre<\/strong><\/p>\n\n\n\n<p><strong>El Departament de Salut de Manises aposta per humanitzar l&#8217;estada de pacients per a generar una actitud positiva, millorant el seu benestar i necessitats emocionals<\/strong><\/p>\n\n\n\n<p>L&#8217;Hospital de Manises vestix les seues parets d&#8217;una representaci\u00f3 dels m\u00e9s de 1.000 dibuixos i missatges d&#8217;agra\u00efment i \u00e0nim rebuts durant la temporada m\u00e9s dura del confinament a les persones ingressades per coronavirus i professionals sanitaris. Sota el lema &#8220;Els teus \u00e0nims, la nostra medicina&#8221;, el Departament de Salut de Manises va llan\u00e7ar aquesta campanya amb l&#8217;objectiu de crear una actitud positiva, afavorir el benestar emocional i que l&#8217;entorn m\u00e9s proper &#8220;acompany\u00e9s&#8221; als pacients hospitalitzats i don\u00e9s suport de manera especial als professionals sanitaris.<\/p>\n\n\n\n<p>L&#8217;objectiu d&#8217;aquesta exposici\u00f3 \u00e9s recordar el suport i l&#8217;\u00e0nim que van rebre els pacients hospitalitzats per coronavirus i els professionals sanitaris per totes aquelles persones que van fer arribar dibuixos i paraules plenes d&#8217;esperan\u00e7a i optimisme.<\/p>\n\n\n\n<p><strong>#ElsTeus\u00c0nimsLaMeuaMedicina<\/strong><\/p>\n\n\n\n<p>A causa de el confinament, molts xiquets i fam\u00edlies que van romandre llargues hores a casa seua van aprofitar el moment per fer dibuixos amb un missatge positiu i d&#8217;agra\u00efment per al personal sanitari i les persones hospitalitzades per aquesta malaltia. Molts d&#8217;ells tamb\u00e9 van manar fotografies dels dibuixos penjant dels balcons per animar el ve\u00efnat amb ells.<\/p>\n\n\n\n<p>A m\u00e9s, diversos col\u00b7legis es van unir a aquesta iniciativa involucrant de forma activa als seus alumnes. Molts d&#8217;ells van manar cartes per transmetre esperan\u00e7a als pacients i for\u00e7a a tots els sanitaris de l&#8217;hospital que hui tamb\u00e9 decoren les parets de centre i que seguixen animant i omplint d&#8217;esperan\u00e7a als pacients i professionals. Arc de sant Mart\u00ed i herois combatent el coronavirus s\u00f3n els s\u00edmbols m\u00e9s repetits sota les paraules de &#8220;tot anir\u00e0 b\u00e9\u201d.<\/p>\n","protected":false},"excerpt":{"rendered":"<div class=\"mh-excerpt\">Col\u00b7legis de la zona, fam\u00edlies i xiquets van enviar els seus dibuixos i cartes davall el lema &#8220;Tus \u00e0nims, la nostra medicina&#8221; Els dibuixos i cartes romandran exposats en centre hospitalari fins al 8 d&#8217;octubre <a class=\"mh-excerpt-more\" href=\"https:\/\/www.tucomarca.com\/wordpress\/segunda\/ca\/lhospital-de-manises-exposa-una-representacio-dels-mes-de-mil-dibuixos-danim-per-a-pacients-i-professionals-durant-la-pandemia\/\" title=\"L&#8217;Hospital de Manises exposa una representaci\u00f3 dels m\u00e9s de mil dibuixos d&#8217;\u00e0nim per a pacients i professionals durant la pand\u00e8mia\">[+] <\/a><\/div>\n","protected":false},"author":12,"featured_media":114278,"comment_status":"open","ping_status":"open","sticky":false,"template":"","format":"standard","meta":{"footnotes":""},"categories":[10973,10911,10892,11010,12202,10977,10980,10948,10894,10912,10902,10931,10978,11007,10906,10896,11047,10974,10975],"tags":[11939,11940,11092],"class_list":{"0":"post-114279","1":"post","2":"type-post","3":"status-publish","4":"format-standard","5":"has-post-thumbnail","7":"category-alborache-ca","8":"category-bunol-ca","9":"category-camp-de-turia-ca","10":"category-canal-salud","11":"category-covid-19-ca","12":"category-godelleta-ca","13":"category-yatova-ca","14":"category-infraestructuras-ca","15":"category-la-comarca-ca","16":"category-la-hoya-ca","17":"category-la-ribera-ca","18":"category-loriguilla-ca","19":"category-macastre-ca","20":"category-ocio-y-cultura-ca","21":"category-riba-roja-ca","22":"category-seccion-ca","23":"category-turis-ca","24":"category-cheste-ca","25":"category-chiva-ca","26":"tag-coronavirus-ca","27":"tag-covid-19-ca","28":"tag-hospital-de-manises-ca"},"_links":{"self":[{"href":"https:\/\/www.tucomarca.com\/wordpress\/segunda\/ca\/wp-json\/wp\/v2\/posts\/114279","targetHints":{"allow":["GET"]}}],"collection":[{"href":"https:\/\/www.tucomarca.com\/wordpress\/segunda\/ca\/wp-json\/wp\/v2\/posts"}],"about":[{"href":"https:\/\/www.tucomarca.com\/wordpress\/segunda\/ca\/wp-json\/wp\/v2\/types\/post"}],"author":[{"embeddable":true,"href":"https:\/\/www.tucomarca.com\/wordpress\/segunda\/ca\/wp-json\/wp\/v2\/users\/12"}],"replies":[{"embeddable":true,"href":"https:\/\/www.tucomarca.com\/wordpress\/segunda\/ca\/wp-json\/wp\/v2\/comments?post=114279"}],"version-history":[{"count":0,"href":"https:\/\/www.tucomarca.com\/wordpress\/segunda\/ca\/wp-json\/wp\/v2\/posts\/114279\/revisions"}],"wp:featuredmedia":[{"embeddable":true,"href":"https:\/\/www.tucomarca.com\/wordpress\/segunda\/ca\/wp-json\/wp\/v2\/media\/114278"}],"wp:attachment":[{"href":"https:\/\/www.tucomarca.com\/wordpress\/segunda\/ca\/wp-json\/wp\/v2\/media?parent=114279"}],"wp:term":[{"taxonomy":"category","embeddable":true,"href":"https:\/\/www.tucomarca.com\/wordpress\/segunda\/ca\/wp-json\/wp\/v2\/categories?post=114279"},{"taxonomy":"post_tag","embeddable":true,"href":"https:\/\/www.tucomarca.com\/wordpress\/segunda\/ca\/wp-json\/wp\/v2\/tags?post=114279"}],"curies":[{"name":"wp","href":"https:\/\/api.w.org\/{rel}","templated":true}]}}