{"id":114318,"date":"2020-09-28T20:04:11","date_gmt":"2020-09-28T18:04:11","guid":{"rendered":"http:\/\/www.tucomarca.com\/wordpress\/segunda\/?p=114318"},"modified":"2020-09-28T20:04:14","modified_gmt":"2020-09-28T18:04:14","slug":"la-comunitat-mante-la-incidencia-acumulada-per-cada-100-000-habitants-mes-baixa-despanya","status":"publish","type":"post","link":"https:\/\/www.tucomarca.com\/wordpress\/segunda\/ca\/la-comunitat-mante-la-incidencia-acumulada-per-cada-100-000-habitants-mes-baixa-despanya\/","title":{"rendered":"La Comunitat mant\u00e9 la incid\u00e8ncia acumulada per cada 100.000 habitants m\u00e9s baixa d&#8217;Espanya"},"content":{"rendered":"\n<p>La Comunitat Valenciana continua amb la incid\u00e8ncia acumulada m\u00e9s baixa de pa\u00eds, tant en els \u00faltims 14 dies com en els darrers 7 dies. En el primer cas, se situa en 101,12 casos per cada 100.000 habitants, i en el segon es redueix a 37,29 casos per cada 100.000 habitants. La consellera, Ana Barcel\u00f3, ha assenyalat que &#8220;encara que les dades s\u00f3n optimistes, no hem de baixar la gu\u00e0rdia i hem de seguir complint amb totes les mesures de seguretat per evitar que el virus s&#8217;estengui&#8221;.<\/p>\n\n\n\n<p>Pel que fa a les \u00faltimes dades, la Conselleria de Sanitat Universal i Salut P\u00fablica ha registrat 1.210 altes a pacients amb coronavirus des de l&#8217;\u00faltima actualitzaci\u00f3, de manera que es superen ja les 40.000 persones que han superat la malaltia a la Comunitat Valenciana. En concret, 40.973: 4.732 en la prov\u00edncies de Castell\u00f3, 13.299 a la d&#8217;Alacant i 22.909 a la de Val\u00e8ncia. A m\u00e9s, hi ha 33 altes no assignades.<\/p>\n\n\n\n<p>D&#8217;altra banda, cal sumar 438 nous contagis de coronavirus confirmats per prova PCR, que situen la xifra total de positius en 39.222 persones. Per prov\u00edncies, la distribuci\u00f3 \u00e9s la seg\u00fcent: 25 a Castell\u00f3 (4.277 en total); 205 a Alacant (13.153 en total), i 208 a la prov\u00edncia de Val\u00e8ncia (21.786 en total). A m\u00e9s, continua havent 6 casos sense assignar.<\/p>\n\n\n\n<p>D&#8217;aquesta manera, a hores d&#8217;ara hi ha actius 5.935 casos, fet que suposa un 12,23% de l&#8217;total de positius.<\/p>\n\n\n\n<p>Els hospitals valencians tenen, actualment, 458 persones ingressades, 74 d&#8217;elles en les Unitats de Cures Intensives. Aix\u00f2 suposa una reducci\u00f3 respecte a la setmana passada d&#8217;un 8% en el cas dels hospitals i una mica m\u00e9s d&#8217;un 6% a les UCI. Per prov\u00edncies, la distribuci\u00f3 \u00e9s la seg\u00fcent: 69 a Castell\u00f3, amb 9 pacients en UCI; 151 a la prov\u00edncia d&#8217;Alacant, 34 d&#8217;ells a l&#8217;UCI; i 238 a la prov\u00edncia de Val\u00e8ncia, 31 d&#8217;ells en UCI.<\/p>\n\n\n\n<p>D&#8217;altra banda, s&#8217;han registrat 5 morts per coronavirus des de l&#8217;\u00faltima actualitzaci\u00f3, de manera que el total de defuncions \u00e9s de 1.630 persones: 241 a la prov\u00edncia de Castell\u00f3, 565 a la d&#8217;Alacant i 824 a la de Val\u00e8ncia.<\/p>\n\n\n\n<p>El nombre total de proves dutes a terme per a la detecci\u00f3 de l&#8217;coronavirus ascendeix a 1.089.594, de les quals 939.387 han estat a trav\u00e9s de PCR i 150.207 mitjan\u00e7ant test r\u00e0pid.<\/p>\n\n\n\n<p>Actualitzaci\u00f3 de la situaci\u00f3 en resid\u00e8ncies<\/p>\n\n\n\n<p>Actualment, hi ha algun cas positiu en 41 resid\u00e8ncies de majors (1 a la prov\u00edncia de Castell\u00f3, 12 a la prov\u00edncia d&#8217;Alacant i 28 a la prov\u00edncia de Val\u00e8ncia), 5 centres de persones amb diversitat funcional (0 a la prov\u00edncia de Castell\u00f3, 2 en la d&#8217;Alacant i 3 a la de Val\u00e8ncia) i 3 centres de menors (0 a la prov\u00edncia de Castell\u00f3, 1 a la prov\u00edncia d&#8217;Alacant i 2 a la prov\u00edncia de Val\u00e8ncia).<\/p>\n\n\n\n<ul class=\"wp-block-list\"><li>Residents nous positius: 9<\/li><li>Treballadors nous positius: 11<\/li><li>Residents morts: 1<\/li><\/ul>\n\n\n\n<p>Tamb\u00e9 en l&#8217;actualitat, es troben sota vigil\u00e0ncia activa de control sanitari juliol resid\u00e8ncies a la Comunitat Valenciana: 0 a la prov\u00edncia de Castell\u00f3, 2 a la prov\u00edncia d&#8217;Alacant i 5 a la prov\u00edncia de Val\u00e8ncia.<\/p>\n\n\n\n<p>Actualitzaci\u00f3 brots de coronavirus<\/p>\n\n\n\n<p>Nous brots:<\/p>\n\n\n\n<p>\u00b7 Alcoi: 6 casos. Origen social.<\/p>\n\n\n\n<p>\u00b7 Benitachell: 3 casos. Origen social.<\/p>\n\n\n\n<p>\u00b7 C\u00e0lig: 3 casos. Origen social.<\/p>\n\n\n\n<p>\u00b7 La Pobla de Vallbona: 3 casos. Origen social.<\/p>\n\n\n\n<p>\u00b7 Onda: 12 casos. Origen social.<\/p>\n\n\n\n<p>\u00b7 Onda: 15 casos. Origen laboral.<\/p>\n\n\n\n<p>\u00b7 Oriola: 4 casos. Origen laboral.<\/p>\n\n\n\n<p>\u00b7 Pen\u00edscola: 3 casos. Origen social.<\/p>\n\n\n\n<p>\u00b7 Sagunt: 3 casos. Origen social.<\/p>\n\n\n\n<p>\u00b7 Sax: 8 casos. Origen laboral.<\/p>\n\n\n\n<p>\u00b7 Villalonga: 4 casos. Origen social.<\/p>\n\n\n\n<p>\u00b7 Vinar\u00f2s: 4 casos. Origen social.<\/p>\n\n\n\n<p>\u00b7 Vinar\u00f2s: 4 casos. Origen laboral.<\/p>\n\n\n\n<p>\u00b7 Val\u00e8ncia: 6 casos. Origen social.<\/p>\n\n\n\n<p>\u00b7 Val\u00e8ncia: 3 casos. Origen laboral.<\/p>\n\n\n\n<p>\u00b7 Val\u00e8ncia: 3 casos. Origen laboral.<\/p>\n\n\n\n<p>\u00b7 Val\u00e8ncia: 3 casos. Origen social.<\/p>\n","protected":false},"excerpt":{"rendered":"<div class=\"mh-excerpt\">La Comunitat Valenciana continua amb la incid\u00e8ncia acumulada m\u00e9s baixa de pa\u00eds, tant en els \u00faltims 14 dies com en els darrers 7 dies. En el primer cas, se situa en 101,12 casos per cada <a class=\"mh-excerpt-more\" href=\"https:\/\/www.tucomarca.com\/wordpress\/segunda\/ca\/la-comunitat-mante-la-incidencia-acumulada-per-cada-100-000-habitants-mes-baixa-despanya\/\" title=\"La Comunitat mant\u00e9 la incid\u00e8ncia acumulada per cada 100.000 habitants m\u00e9s baixa d&#8217;Espanya\">[+] <\/a><\/div>\n","protected":false},"author":1,"featured_media":104756,"comment_status":"open","ping_status":"open","sticky":false,"template":"","format":"standard","meta":{"footnotes":""},"categories":[10892,11010,12202,10898,10948,10894,10904,10915,10903,10947,10896,10897],"tags":[11939,11940,11952],"class_list":{"0":"post-114318","1":"post","2":"type-post","3":"status-publish","4":"format-standard","5":"has-post-thumbnail","7":"category-camp-de-turia-ca","8":"category-canal-salud","9":"category-covid-19-ca","10":"category-ventana-ca","11":"category-infraestructuras-ca","12":"category-la-comarca-ca","13":"category-sin-categorizar-ca","14":"category-la-pobla-ca","15":"category-medio-ambiente-la-comarca-ca","16":"category-politica","17":"category-seccion-ca","18":"category-sucesos-la-comarca-ca","19":"tag-coronavirus-ca","20":"tag-covid-19-ca","21":"tag-covid2019-ca"},"_links":{"self":[{"href":"https:\/\/www.tucomarca.com\/wordpress\/segunda\/ca\/wp-json\/wp\/v2\/posts\/114318","targetHints":{"allow":["GET"]}}],"collection":[{"href":"https:\/\/www.tucomarca.com\/wordpress\/segunda\/ca\/wp-json\/wp\/v2\/posts"}],"about":[{"href":"https:\/\/www.tucomarca.com\/wordpress\/segunda\/ca\/wp-json\/wp\/v2\/types\/post"}],"author":[{"embeddable":true,"href":"https:\/\/www.tucomarca.com\/wordpress\/segunda\/ca\/wp-json\/wp\/v2\/users\/1"}],"replies":[{"embeddable":true,"href":"https:\/\/www.tucomarca.com\/wordpress\/segunda\/ca\/wp-json\/wp\/v2\/comments?post=114318"}],"version-history":[{"count":0,"href":"https:\/\/www.tucomarca.com\/wordpress\/segunda\/ca\/wp-json\/wp\/v2\/posts\/114318\/revisions"}],"wp:featuredmedia":[{"embeddable":true,"href":"https:\/\/www.tucomarca.com\/wordpress\/segunda\/ca\/wp-json\/wp\/v2\/media\/104756"}],"wp:attachment":[{"href":"https:\/\/www.tucomarca.com\/wordpress\/segunda\/ca\/wp-json\/wp\/v2\/media?parent=114318"}],"wp:term":[{"taxonomy":"category","embeddable":true,"href":"https:\/\/www.tucomarca.com\/wordpress\/segunda\/ca\/wp-json\/wp\/v2\/categories?post=114318"},{"taxonomy":"post_tag","embeddable":true,"href":"https:\/\/www.tucomarca.com\/wordpress\/segunda\/ca\/wp-json\/wp\/v2\/tags?post=114318"}],"curies":[{"name":"wp","href":"https:\/\/api.w.org\/{rel}","templated":true}]}}