{"id":114339,"date":"2020-09-29T09:00:48","date_gmt":"2020-09-29T07:00:48","guid":{"rendered":"http:\/\/www.tucomarca.com\/wordpress\/segunda\/?p=114339"},"modified":"2020-09-29T12:17:14","modified_gmt":"2020-09-29T10:17:14","slug":"detenen-dos-joves-de-nacionalitat-polonesa-pel-cultiu-duna-plantacio-exterior-de-cannabis-de-mes-de-300-plantes-a-turis","status":"publish","type":"post","link":"https:\/\/www.tucomarca.com\/wordpress\/segunda\/ca\/detenen-dos-joves-de-nacionalitat-polonesa-pel-cultiu-duna-plantacio-exterior-de-cannabis-de-mes-de-300-plantes-a-turis\/","title":{"rendered":"Detenen dos joves de nacionalitat polonesa pel cultiu d&#8217;una plantaci\u00f3 exterior de c\u00e0nnabis de m\u00e9s de 300 plantes a Tur\u00eds"},"content":{"rendered":"\n<p>La Gu\u00e0rdia Civil de Chiva, en col\u00b7laboraci\u00f3 amb Policia Local de Tur\u00eds, en el marc de l&#8217;Operaci\u00f3 GREEN CAM, desenvolupada de manera conjunta a la prov\u00edncia de Val\u00e8ncia, ha aconseguit detenir 2 homes de nacionalitat polonesa, de 22 i 25 anys d&#8217;edat , als quals se&#8217;ls imputa un delicte contra la salut p\u00fablica per cultiu i elaboraci\u00f3 de drogues.<\/p>\n\n\n\n<p>Les investigacions van comen\u00e7ar a finals de l&#8217;passat mes d&#8217;agost coordinades per la Gu\u00e0rdia Civil de Xiva i amb Policia Local de Tor\u00eds, a l&#8217;objecte de poder localitzar, identificar i detenir els autors d&#8217;aquest fet delictiu, quan els agents encarregats de el cas van localitzar un cultiu exterior de marihuana amb plantes que arribaven a assolir els tres metres d&#8217;altura i que es trobaven en un apartat paratge dins el terme municipal de la localitat de Tor\u00eds.<\/p>\n\n\n\n<p>Inicialment les indagacions es van centrar en la identificaci\u00f3 dels responsables de l&#8217;cultiu, de manera que es van haver de dur a terme una s\u00e8rie de serveis de vigil\u00e0ncia est\u00e0tica per fer fotografies que impliquessin als suposats autors, que fet i fet van resultar ser dos ciutadans d&#8217;origen polon\u00e8s que es dedicaven a el cultiu de c\u00e0nnabis per a la seva posterior distribuci\u00f3 a nivell europeu, especialment a It\u00e0lia, on el preu d&#8217;aquest tipus de droga es pot arribar a triplicar.<\/p>\n\n\n\n<p>Els autors que despr\u00e9s d&#8217;arribar a Espanya i viure en condicions prec\u00e0ries tenien previst dur a terme el tractament de la droga i posteriorment el seu transport per Europa, van ser detinguts abans que poguessin sortir de pa\u00eds.<\/p>\n\n\n\n<p>Aquesta Operaci\u00f3 s&#8217;emmarca dins dels serveis establerts per la Gu\u00e0rdia Civil en tot el territori nacional per prevenir el tr\u00e0fic i cultiu de subst\u00e0ncies estupefaents a la prov\u00edncia de Val\u00e8ncia i eradicar els punts de venda de droga a la venda al detall dins el Pla Operatiu de resposta policial a l&#8217; tr\u00e0nsit minorista i consum de drogues en zones, llocs i locals d&#8217;oci i diversi\u00f3.<\/p>\n\n\n\n<p>La Gu\u00e0rdia Civil, en col\u00b7laboraci\u00f3 amb la Policia Local de Tur\u00eds, ha procedit a la detenci\u00f3 de dos homes de nacionalitat Polonesa de 22 i 25 anys a la localitat de Tur\u00eds per un delicte de tr\u00e0fic de drogues, sent intervingudes m\u00e9s de 300 plantes de marihuana de cultiu exterior de diferents varietats (algunes d&#8217;elles de grans dimensions), llan\u00e7ant totes, un pes superior als trenta quilos i que en cas d&#8217;haver arribat a el mercat il\u00b7l\u00edcit haurien pogut arribar a un valor de m\u00e9s de cent setanta mil euros despr\u00e9s de ser tractades.<\/p>\n\n\n\n<p>Les dilig\u00e8ncies han passat a disposici\u00f3 del Jutjat de Primera Inst\u00e0ncia i Instrucci\u00f3 n\u00ba 4 de Requena.<\/p>\n","protected":false},"excerpt":{"rendered":"<div class=\"mh-excerpt\">La Gu\u00e0rdia Civil de Chiva, en col\u00b7laboraci\u00f3 amb Policia Local de Tur\u00eds, en el marc de l&#8217;Operaci\u00f3 GREEN CAM, desenvolupada de manera conjunta a la prov\u00edncia de Val\u00e8ncia, ha aconseguit detenir 2 homes de nacionalitat <a class=\"mh-excerpt-more\" href=\"https:\/\/www.tucomarca.com\/wordpress\/segunda\/ca\/detenen-dos-joves-de-nacionalitat-polonesa-pel-cultiu-duna-plantacio-exterior-de-cannabis-de-mes-de-300-plantes-a-turis\/\" title=\"Detenen dos joves de nacionalitat polonesa pel cultiu d&#8217;una plantaci\u00f3 exterior de c\u00e0nnabis de m\u00e9s de 300 plantes a Tur\u00eds\">[+] <\/a><\/div>\n","protected":false},"author":1,"featured_media":114337,"comment_status":"open","ping_status":"open","sticky":false,"template":"","format":"standard","meta":{"footnotes":""},"categories":[10898,10894,10912,10902,10896,10897,11047,10975],"tags":[11195,1098,11118,3640,11077,33,10901,10394,11093],"class_list":{"0":"post-114339","1":"post","2":"type-post","3":"status-publish","4":"format-standard","5":"has-post-thumbnail","7":"category-ventana-ca","8":"category-la-comarca-ca","9":"category-la-hoya-ca","10":"category-la-ribera-ca","11":"category-seccion-ca","12":"category-sucesos-la-comarca-ca","13":"category-turis-ca","14":"category-chiva-ca","15":"tag-chiva-ca","16":"tag-guardia-civil","17":"tag-guardia-civil-ca","18":"tag-la-ribera-alta","19":"tag-la-ribera-alta-ca","20":"tag-sucesos","21":"tag-sucesos-ca","22":"tag-turis","23":"tag-turis-ca"},"_links":{"self":[{"href":"https:\/\/www.tucomarca.com\/wordpress\/segunda\/ca\/wp-json\/wp\/v2\/posts\/114339","targetHints":{"allow":["GET"]}}],"collection":[{"href":"https:\/\/www.tucomarca.com\/wordpress\/segunda\/ca\/wp-json\/wp\/v2\/posts"}],"about":[{"href":"https:\/\/www.tucomarca.com\/wordpress\/segunda\/ca\/wp-json\/wp\/v2\/types\/post"}],"author":[{"embeddable":true,"href":"https:\/\/www.tucomarca.com\/wordpress\/segunda\/ca\/wp-json\/wp\/v2\/users\/1"}],"replies":[{"embeddable":true,"href":"https:\/\/www.tucomarca.com\/wordpress\/segunda\/ca\/wp-json\/wp\/v2\/comments?post=114339"}],"version-history":[{"count":0,"href":"https:\/\/www.tucomarca.com\/wordpress\/segunda\/ca\/wp-json\/wp\/v2\/posts\/114339\/revisions"}],"wp:featuredmedia":[{"embeddable":true,"href":"https:\/\/www.tucomarca.com\/wordpress\/segunda\/ca\/wp-json\/wp\/v2\/media\/114337"}],"wp:attachment":[{"href":"https:\/\/www.tucomarca.com\/wordpress\/segunda\/ca\/wp-json\/wp\/v2\/media?parent=114339"}],"wp:term":[{"taxonomy":"category","embeddable":true,"href":"https:\/\/www.tucomarca.com\/wordpress\/segunda\/ca\/wp-json\/wp\/v2\/categories?post=114339"},{"taxonomy":"post_tag","embeddable":true,"href":"https:\/\/www.tucomarca.com\/wordpress\/segunda\/ca\/wp-json\/wp\/v2\/tags?post=114339"}],"curies":[{"name":"wp","href":"https:\/\/api.w.org\/{rel}","templated":true}]}}