{"id":114347,"date":"2020-09-30T09:30:48","date_gmt":"2020-09-30T07:30:48","guid":{"rendered":"http:\/\/www.tucomarca.com\/wordpress\/segunda\/?p=114347"},"modified":"2020-09-30T10:07:35","modified_gmt":"2020-09-30T08:07:35","slug":"caudete-de-las-fuentes-realitzara-millores-en-la-xarxa-daigua-potable-amb-ajudes-de-la-diputacio","status":"publish","type":"post","link":"https:\/\/www.tucomarca.com\/wordpress\/segunda\/ca\/caudete-de-las-fuentes-realitzara-millores-en-la-xarxa-daigua-potable-amb-ajudes-de-la-diputacio\/","title":{"rendered":"Caudete de las Fuentes realitzar\u00e0 millores en la xarxa d&#8217;aigua potable amb ajudes de la Diputaci\u00f3"},"content":{"rendered":"\n<p>L&#8217;Ajuntament de Caudete de las Fuentes rebr\u00e0 de la Diputaci\u00f3 de Val\u00e8ncia 320.757 euros del pla d&#8217;inversions de l&#8217;organisme provincial, amb els que dur\u00e0 a terme diverses millores en el municipi. Entre elles, la renovaci\u00f3 de l&#8217;actual dep\u00f2sit d&#8217;aigua potable i de les canonades en uns quants carrers, aix\u00ed com del parc infantil Els Realencos.<\/p>\n\n\n\n<p>D&#8217;altra banda, el consistori caudete\u00f1o ha adquirit una b\u00f3ta de 400 litres de capacitat per a seguir amb la desinfecci\u00f3 dels carrers contra el Covid-19. Informa, <strong>Luis Iba\u00f1ez<\/strong><\/p>\n","protected":false},"excerpt":{"rendered":"<div class=\"mh-excerpt\">L&#8217;Ajuntament de Caudete de las Fuentes rebr\u00e0 de la Diputaci\u00f3 de Val\u00e8ncia 320.757 euros del pla d&#8217;inversions de l&#8217;organisme provincial, amb els que dur\u00e0 a terme diverses millores en el municipi. Entre elles, la renovaci\u00f3 <a class=\"mh-excerpt-more\" href=\"https:\/\/www.tucomarca.com\/wordpress\/segunda\/ca\/caudete-de-las-fuentes-realitzara-millores-en-la-xarxa-daigua-potable-amb-ajudes-de-la-diputacio\/\" title=\"Caudete de las Fuentes realitzar\u00e0 millores en la xarxa d&#8217;aigua potable amb ajudes de la Diputaci\u00f3\">[+] <\/a><\/div>\n","protected":false},"author":1,"featured_media":114346,"comment_status":"open","ping_status":"open","sticky":false,"template":"","format":"standard","meta":{"footnotes":""},"categories":[11032,10948,10894,10947,10909,10896],"tags":[12648,4013,1987],"class_list":{"0":"post-114347","1":"post","2":"type-post","3":"status-publish","4":"format-standard","5":"has-post-thumbnail","7":"category-caudete-ca","8":"category-infraestructuras-ca","9":"category-la-comarca-ca","10":"category-politica","11":"category-requena-utiel-ca","12":"category-seccion-ca","13":"tag-ayuntamiento-de-caudete-de-las-fuentes","14":"tag-diputacion-de-valencia","15":"tag-utiel-requena"},"_links":{"self":[{"href":"https:\/\/www.tucomarca.com\/wordpress\/segunda\/ca\/wp-json\/wp\/v2\/posts\/114347","targetHints":{"allow":["GET"]}}],"collection":[{"href":"https:\/\/www.tucomarca.com\/wordpress\/segunda\/ca\/wp-json\/wp\/v2\/posts"}],"about":[{"href":"https:\/\/www.tucomarca.com\/wordpress\/segunda\/ca\/wp-json\/wp\/v2\/types\/post"}],"author":[{"embeddable":true,"href":"https:\/\/www.tucomarca.com\/wordpress\/segunda\/ca\/wp-json\/wp\/v2\/users\/1"}],"replies":[{"embeddable":true,"href":"https:\/\/www.tucomarca.com\/wordpress\/segunda\/ca\/wp-json\/wp\/v2\/comments?post=114347"}],"version-history":[{"count":0,"href":"https:\/\/www.tucomarca.com\/wordpress\/segunda\/ca\/wp-json\/wp\/v2\/posts\/114347\/revisions"}],"wp:featuredmedia":[{"embeddable":true,"href":"https:\/\/www.tucomarca.com\/wordpress\/segunda\/ca\/wp-json\/wp\/v2\/media\/114346"}],"wp:attachment":[{"href":"https:\/\/www.tucomarca.com\/wordpress\/segunda\/ca\/wp-json\/wp\/v2\/media?parent=114347"}],"wp:term":[{"taxonomy":"category","embeddable":true,"href":"https:\/\/www.tucomarca.com\/wordpress\/segunda\/ca\/wp-json\/wp\/v2\/categories?post=114347"},{"taxonomy":"post_tag","embeddable":true,"href":"https:\/\/www.tucomarca.com\/wordpress\/segunda\/ca\/wp-json\/wp\/v2\/tags?post=114347"}],"curies":[{"name":"wp","href":"https:\/\/api.w.org\/{rel}","templated":true}]}}