{"id":114352,"date":"2020-09-29T09:31:43","date_gmt":"2020-09-29T07:31:43","guid":{"rendered":"http:\/\/www.tucomarca.com\/wordpress\/segunda\/?p=114352"},"modified":"2020-09-29T13:33:47","modified_gmt":"2020-09-29T11:33:47","slug":"la-comarca-de-requena-utiel-inmersa-en-la-vendimia","status":"publish","type":"post","link":"https:\/\/www.tucomarca.com\/wordpress\/segunda\/ca\/la-comarca-de-requena-utiel-inmersa-en-la-vendimia\/","title":{"rendered":"La comarca de Requena-Utiel, immersa en la verema"},"content":{"rendered":"\n<p><strong>Ha comen\u00e7at la recol\u00b7lecci\u00f3 del ra\u00efm Bobal majorit\u00e0ria a la zona<\/strong><\/p>\n\n\n\n<p>A la comarca Requena-Utiel s&#8217;ha generalitzat la verema amb la recol\u00b7lecci\u00f3 de la varietat aut\u00f2ctona Bobal, representant al voltant de l&#8217;70% de la producci\u00f3 total de ra\u00efm.<\/p>\n\n\n\n<p>Al municipi de Requena est\u00e0 a punt de concloure la recollida de les varietats de ra\u00efm destinades a l&#8217;elaboraci\u00f3 de caves. Recordar que Requena, \u00e9s l&#8217;\u00fanic municipi de la Comunitat Valenciana que est\u00e0 autoritzat a elaborar la beguda escumosa.<\/p>\n\n\n\n<p>Les escasses pluges registrades en els mesos d&#8217;agost i setembre han perm\u00e8s que el ra\u00efm entrin als cellers en perfecte estat sanitari.<\/p>\n\n\n\n<p>El major escull per als viticultors en la campanya actual \u00e9s l&#8217;enfonsament de les cotitzacions dels ra\u00efms i dels vins que s&#8217;ha produ\u00eft. Sobre aquesta q\u00fcesti\u00f3 titulars d&#8217;explotacions vit\u00edcoles afirmen que &#8220;aquest any amb prou feines anem a cobrir els costos de producci\u00f3&#8221;. Informa, <strong>Luis Ib\u00e1\u00f1ez<\/strong>.<\/p>\n","protected":false},"excerpt":{"rendered":"<div class=\"mh-excerpt\">Ha comen\u00e7at la recol\u00b7lecci\u00f3 del ra\u00efm Bobal majorit\u00e0ria a la zona A la comarca Requena-Utiel s&#8217;ha generalitzat la verema amb la recol\u00b7lecci\u00f3 de la varietat aut\u00f2ctona Bobal, representant al voltant de l&#8217;70% de la producci\u00f3 <a class=\"mh-excerpt-more\" href=\"https:\/\/www.tucomarca.com\/wordpress\/segunda\/ca\/la-comarca-de-requena-utiel-inmersa-en-la-vendimia\/\" title=\"La comarca de Requena-Utiel, immersa en la verema\">[+] <\/a><\/div>\n","protected":false},"author":1,"featured_media":113785,"comment_status":"open","ping_status":"open","sticky":false,"template":"","format":"standard","meta":{"footnotes":""},"categories":[10905,11030,11031,11032,11054,11055,10894,11056,10908,10909,11057,10896,11058,11059,11060,11061],"tags":[2907,447],"class_list":{"0":"post-114352","1":"post","2":"type-post","3":"status-publish","4":"format-standard","5":"has-post-thumbnail","7":"category-agricultura-la-comarca-ca","8":"category-campo-arcis-ca","9":"category-camporrobles-ca","10":"category-caudete-ca","11":"category-chera-ca","12":"category-fuenterrobles-ca","13":"category-la-comarca-ca","14":"category-las-cuevas-ca","15":"category-requena-ca","16":"category-requena-utiel-ca","17":"category-san-antonio-ca","18":"category-seccion-ca","19":"category-sinarcas-ca","20":"category-utiel-ca","21":"category-venta-del-moro-ca","22":"category-villargordo-del-cabriel-ca","23":"tag-comarca-requena-utiel","24":"tag-vendimia"},"_links":{"self":[{"href":"https:\/\/www.tucomarca.com\/wordpress\/segunda\/ca\/wp-json\/wp\/v2\/posts\/114352","targetHints":{"allow":["GET"]}}],"collection":[{"href":"https:\/\/www.tucomarca.com\/wordpress\/segunda\/ca\/wp-json\/wp\/v2\/posts"}],"about":[{"href":"https:\/\/www.tucomarca.com\/wordpress\/segunda\/ca\/wp-json\/wp\/v2\/types\/post"}],"author":[{"embeddable":true,"href":"https:\/\/www.tucomarca.com\/wordpress\/segunda\/ca\/wp-json\/wp\/v2\/users\/1"}],"replies":[{"embeddable":true,"href":"https:\/\/www.tucomarca.com\/wordpress\/segunda\/ca\/wp-json\/wp\/v2\/comments?post=114352"}],"version-history":[{"count":0,"href":"https:\/\/www.tucomarca.com\/wordpress\/segunda\/ca\/wp-json\/wp\/v2\/posts\/114352\/revisions"}],"wp:featuredmedia":[{"embeddable":true,"href":"https:\/\/www.tucomarca.com\/wordpress\/segunda\/ca\/wp-json\/wp\/v2\/media\/113785"}],"wp:attachment":[{"href":"https:\/\/www.tucomarca.com\/wordpress\/segunda\/ca\/wp-json\/wp\/v2\/media?parent=114352"}],"wp:term":[{"taxonomy":"category","embeddable":true,"href":"https:\/\/www.tucomarca.com\/wordpress\/segunda\/ca\/wp-json\/wp\/v2\/categories?post=114352"},{"taxonomy":"post_tag","embeddable":true,"href":"https:\/\/www.tucomarca.com\/wordpress\/segunda\/ca\/wp-json\/wp\/v2\/tags?post=114352"}],"curies":[{"name":"wp","href":"https:\/\/api.w.org\/{rel}","templated":true}]}}