{"id":114367,"date":"2020-09-30T12:00:26","date_gmt":"2020-09-30T10:00:26","guid":{"rendered":"http:\/\/www.tucomarca.com\/wordpress\/segunda\/?p=114367"},"modified":"2020-09-30T19:41:00","modified_gmt":"2020-09-30T17:41:00","slug":"la-biblioteca-municipal-de-bunyol-organitza-projeccions-daudiovisuals-teatre-infantil-i-tallers-durant-el-mes-doctubre","status":"publish","type":"post","link":"https:\/\/www.tucomarca.com\/wordpress\/segunda\/ca\/la-biblioteca-municipal-de-bunyol-organitza-projeccions-daudiovisuals-teatre-infantil-i-tallers-durant-el-mes-doctubre\/","title":{"rendered":"La biblioteca municipal de Bunyol organitza projeccions d&#8217;audiovisuals, teatre infantil i tallers durant el mes d&#8217;octubre"},"content":{"rendered":"\n<p>Per a este mes d&#8217;octubre la Biblioteca P\u00fablica Municipal de Bu\u00f1ol ha organitzat una extensa i segura programaci\u00f3 en la Sala Raga, amb activitats tant per a adults com per a xiquets i xiquetes, amb les activitats seg\u00fcents:<\/p>\n\n\n\n<p><strong>Divendres 2 d&#8217;octubre a les 19,30. Sala Raga<\/strong><\/p>\n\n\n\n<p>Presentaci\u00f3 de la Revista n\u00ba 12 de l&#8217;Institut de Estudis Comarcals. Confer\u00e8ncia: &#8220;Els castells de Bunyol&#8221; a c\u00e0rrec del arque\u00f2leg Pepe Medard.<\/p>\n\n\n\n<figure class=\"wp-block-image\"><img loading=\"lazy\" decoding=\"async\" width=\"154\" height=\"218\" src=\"http:\/\/www.tucomarca.com\/wordpress\/segunda\/wp-content\/uploads\/2020\/09\/image1-1.jpeg\" alt=\"\" class=\"wp-image-114356\"\/><\/figure>\n\n\n\n<p><strong>Divendres 23 d&#8217;octubre a les 19,00. Sala Raga<\/strong><\/p>\n\n\n\n<p>Cicle de Audiovisuals Valencians.<\/p>\n\n\n\n<p>Proyecci\u00f3 de \u201cBu\u00f1uel y el laberinto de las tortugas\u201d de Salvador Sim\u00f3&nbsp;<\/p>\n\n\n\n<p>Pel\u00b7l\u00edcula sobre el rodatge en la regi\u00f3 extremenya de Les Hurdes, a c\u00e0rrec de Luis Bu\u00f1uel, de la seua pel\u00b7l\u00edcula &#8220;Las Hurdes, terra sense pan&#8221;, en 1933. Adaptaci\u00f3 del c\u00f2mic hom\u00f2nim de Ferm\u00edn Sol\u00eds.<\/p>\n\n\n\n<figure class=\"wp-block-image\"><img loading=\"lazy\" decoding=\"async\" width=\"265\" height=\"378\" src=\"http:\/\/www.tucomarca.com\/wordpress\/segunda\/wp-content\/uploads\/2020\/09\/image2.jpg\" alt=\"\" class=\"wp-image-114358\" srcset=\"https:\/\/www.tucomarca.com\/wordpress\/segunda\/wp-content\/uploads\/2020\/09\/image2.jpg 265w, https:\/\/www.tucomarca.com\/wordpress\/segunda\/wp-content\/uploads\/2020\/09\/image2-210x300.jpg 210w\" sizes=\"auto, (max-width: 265px) 100vw, 265px\" \/><\/figure>\n\n\n\n<p><strong>Divrndres 30 d&#8217;octubre a les 18,00. Sala Raga<\/strong><\/p>\n\n\n\n<p>Teatret infantil per a xiquets\/es de 3 a 7 anys \u201cAnimals, bestioles i altres parents\u201d<\/p>\n\n\n\n<p>Amb Marta Pereira<\/p>\n\n\n\n<p>Als xiquets i xiquetes en general els encanten els animals. S\u00f3n els protagonistes de nombrosos contes. Per\u00f2 alguna vegada us heu preguntat com s\u00f3n els sentits dels animals, com veuen, quins sons fan, com s\u00f3n les seues empremtes \u2026 T&#8217;apuntes?<\/p>\n\n\n\n<figure class=\"wp-block-image\"><img loading=\"lazy\" decoding=\"async\" width=\"269\" height=\"240\" src=\"http:\/\/www.tucomarca.com\/wordpress\/segunda\/wp-content\/uploads\/2020\/09\/image3.png\" alt=\"\" class=\"wp-image-114361\"\/><\/figure>\n\n\n\n<p><strong>Dissabte 31 d&#8217;octubre. Sala Raga<\/strong>. <strong>Sesions de 10 a 14 h.&nbsp; i de 18 a 20 h.<\/strong><\/p>\n\n\n\n<p>Segona Edici\u00f3 de Festival de Fantasia i Ci\u00e8ncia Ficci\u00f3 en la creaci\u00f3 liter\u00e0ria i audiovisual.<\/p>\n\n\n\n<p>Amb tallers, projeccions, trobades.&nbsp;<\/p>\n\n\n\n<p>Facilitat per l&#8217;escriptor Carlos Gracia.<\/p>\n\n\n\n<figure class=\"wp-block-image\"><img loading=\"lazy\" decoding=\"async\" width=\"480\" height=\"360\" src=\"http:\/\/www.tucomarca.com\/wordpress\/segunda\/wp-content\/uploads\/2020\/09\/image4-1.jpeg\" alt=\"\" class=\"wp-image-114364\" srcset=\"https:\/\/www.tucomarca.com\/wordpress\/segunda\/wp-content\/uploads\/2020\/09\/image4-1.jpeg 480w, https:\/\/www.tucomarca.com\/wordpress\/segunda\/wp-content\/uploads\/2020\/09\/image4-1-300x225.jpeg 300w, https:\/\/www.tucomarca.com\/wordpress\/segunda\/wp-content\/uploads\/2020\/09\/image4-1-326x245.jpeg 326w, https:\/\/www.tucomarca.com\/wordpress\/segunda\/wp-content\/uploads\/2020\/09\/image4-1-80x60.jpeg 80w\" sizes=\"auto, (max-width: 480px) 100vw, 480px\" \/><\/figure>\n","protected":false},"excerpt":{"rendered":"<div class=\"mh-excerpt\">Per a este mes d&#8217;octubre la Biblioteca P\u00fablica Municipal de Bu\u00f1ol ha organitzat una extensa i segura programaci\u00f3 en la Sala Raga, amb activitats tant per a adults com per a xiquets i xiquetes, amb <a class=\"mh-excerpt-more\" href=\"https:\/\/www.tucomarca.com\/wordpress\/segunda\/ca\/la-biblioteca-municipal-de-bunyol-organitza-projeccions-daudiovisuals-teatre-infantil-i-tallers-durant-el-mes-doctubre\/\" title=\"La biblioteca municipal de Bunyol organitza projeccions d&#8217;audiovisuals, teatre infantil i tallers durant el mes d&#8217;octubre\">[+] <\/a><\/div>\n","protected":false},"author":12,"featured_media":103876,"comment_status":"open","ping_status":"open","sticky":false,"template":"","format":"standard","meta":{"footnotes":""},"categories":[11019,10911,10894,10912,11007,10896],"tags":[5335,12103],"class_list":{"0":"post-114367","1":"post","2":"type-post","3":"status-publish","4":"format-standard","5":"has-post-thumbnail","7":"category-agenda-ca","8":"category-bunol-ca","9":"category-la-comarca-ca","10":"category-la-hoya-ca","11":"category-ocio-y-cultura-ca","12":"category-seccion-ca","13":"tag-ayuntamiento-de-bunol","14":"tag-biblioteca-publica-municipal-de-bunol"},"_links":{"self":[{"href":"https:\/\/www.tucomarca.com\/wordpress\/segunda\/ca\/wp-json\/wp\/v2\/posts\/114367","targetHints":{"allow":["GET"]}}],"collection":[{"href":"https:\/\/www.tucomarca.com\/wordpress\/segunda\/ca\/wp-json\/wp\/v2\/posts"}],"about":[{"href":"https:\/\/www.tucomarca.com\/wordpress\/segunda\/ca\/wp-json\/wp\/v2\/types\/post"}],"author":[{"embeddable":true,"href":"https:\/\/www.tucomarca.com\/wordpress\/segunda\/ca\/wp-json\/wp\/v2\/users\/12"}],"replies":[{"embeddable":true,"href":"https:\/\/www.tucomarca.com\/wordpress\/segunda\/ca\/wp-json\/wp\/v2\/comments?post=114367"}],"version-history":[{"count":0,"href":"https:\/\/www.tucomarca.com\/wordpress\/segunda\/ca\/wp-json\/wp\/v2\/posts\/114367\/revisions"}],"wp:featuredmedia":[{"embeddable":true,"href":"https:\/\/www.tucomarca.com\/wordpress\/segunda\/ca\/wp-json\/wp\/v2\/media\/103876"}],"wp:attachment":[{"href":"https:\/\/www.tucomarca.com\/wordpress\/segunda\/ca\/wp-json\/wp\/v2\/media?parent=114367"}],"wp:term":[{"taxonomy":"category","embeddable":true,"href":"https:\/\/www.tucomarca.com\/wordpress\/segunda\/ca\/wp-json\/wp\/v2\/categories?post=114367"},{"taxonomy":"post_tag","embeddable":true,"href":"https:\/\/www.tucomarca.com\/wordpress\/segunda\/ca\/wp-json\/wp\/v2\/tags?post=114367"}],"curies":[{"name":"wp","href":"https:\/\/api.w.org\/{rel}","templated":true}]}}