{"id":114375,"date":"2020-09-29T08:48:04","date_gmt":"2020-09-29T06:48:04","guid":{"rendered":"http:\/\/www.tucomarca.com\/wordpress\/segunda\/?p=114375"},"modified":"2020-09-29T19:55:54","modified_gmt":"2020-09-29T17:55:54","slug":"la-unio-de-llauradors-denuncia-que-la-campanya-de-la-verema-es-generalitza-sense-preus-per-als-productors-de-la-comunitat-valenciana","status":"publish","type":"post","link":"https:\/\/www.tucomarca.com\/wordpress\/segunda\/ca\/la-unio-de-llauradors-denuncia-que-la-campanya-de-la-verema-es-generalitza-sense-preus-per-als-productors-de-la-comunitat-valenciana\/","title":{"rendered":"La Uni\u00f3 de Llauradors denuncia que la campanya de la verema es generalitza sense preus per als productors de la Comunitat Valenciana"},"content":{"rendered":"\n<p><strong>En un context a m\u00e9s d&#8217;un descens del 20% en la producci\u00f3 total de ra\u00efm, encara que desigual depenent de zones, i menys exist\u00e8ncies de vi en els cellers<\/strong><\/p>\n\n\n\n<p>La campanya de la recollida del ra\u00efm es generalitza per les zones productores de la Comunitat Valenciana i la pitjor not\u00edcia per als llauradors \u00e9s que no tenen preu per la seua collita, segons denuncia LA UNI\u00d3 de Llauradors. El problema \u00e9s que les perspectives no s\u00f3n gens optimistes perqu\u00e8 si se segueix la tend\u00e8ncia de la comunitat ve\u00efna de Castella-la Manxa, les cotitzacions podrien ser un 30% inferiors a les de la passada que ja van ser desastroses.<\/p>\n\n\n\n<p>Tot aix\u00f2 a m\u00e9s en un context de descens mitj\u00e0 de producci\u00f3 d&#8217;al voltant del 20% en la Comunitat Valenciana, encara que \u00e9s molt desigual depenent de la zona. Les primeres previsions efectuades per la Conselleria d&#8217;Agricultura indicaven un increment del 5% sobre l&#8217;anterior campanya, per\u00f2 els diferents episodis de pedregades d&#8217;aquest estiu han minvat la collita de manera considerable. No obstant aix\u00f3, la collita \u00e9s en general d\u2019excel\u00b7lent qualitat.<\/p>\n\n\n\n<p>En l&#8217;\u00e0mbit de la DO Val\u00e8ncia s&#8217;espera una producci\u00f3 semblant a la passada, encara que en la subzona de l&#8217;Alto T\u00faria s\u00ed que es preveu una reducci\u00f3 per la sequera. La DO Utiel-Requena ser\u00e0 la m\u00e9s afectada per aquesta disminuci\u00f3 de producci\u00f3, ja que la pedra de l&#8217;estiu va castigar moltes zones de la comarca, amb afeccions que en alguns casos han superat el 90%. En la DO Alacant, en l\u00ednies generals, tamb\u00e9 s&#8217;espera una reducci\u00f3 lleugera de la collita, mentre que a Castell\u00f3 la collita ser\u00e0 lleugerament superior.<\/p>\n\n\n\n<p>En el context estatal, la campanya s&#8217;ha iniciat amb unes exist\u00e8ncies de vi de 34,6 milions de Hl, la qual cosa significa que s\u00f3n inferiors a les de la campanya anterior i en la l\u00ednia de la mitjana de les \u00faltimes. LA UNI\u00d3 no ent\u00e9n com en un marc de menor producci\u00f3 de ra\u00efm i de menys exist\u00e8ncies de vi no existisca preu per la collita o en el millor dels casos se situe per davall dels costos de producci\u00f3. En aquest sentit, reclama a l&#8217;Ag\u00e8ncia d&#8217;Informaci\u00f3 i Control Alimentaris -AICA-, dependent del Ministeri d&#8217;Agricultura, que investigue als cellers privats que estan comprant ra\u00efm sense fixar pr\u00e8viament el preu, una cosa il\u00b7legal al no haver-hi un contracte obligatori com el que estableix la Llei de la Cadena Agroaliment\u00e0ria.<\/p>\n\n\n\n<p>LA UNI\u00d3 es pregunta qu\u00e8 fa la interprofessional del vi, a part de les famoses extensions de norma i cobrar uns diners que en la realitat no est\u00e0 servint per a res. No interv\u00e9 davant aquesta situaci\u00f3 de, almenys, presumpta il\u00b7legalitat. Per aix\u00f2 l&#8217;organitzaci\u00f3 sol\u00b7licita que es revise el seu funcionament a fi de que siga \u00fatil i defense els interessos de tots, productors inclosos, i no sols els d&#8217;una part nom\u00e9s del sector. Tamb\u00e9 es pregunta qu\u00e8 estan fent les organitzacions agr\u00e0ries presents en la interprofessional per a impedir aquest atropellament.<\/p>\n\n\n\n<p>Les mesures extraordin\u00e0ries posades en marxa pel Ministeri d&#8217;Agricultura en el sector vitivin\u00edcola per a fer front a la crisi del Covid-19 s&#8217;han mostrat ineficaces. Ni la destil\u00b7laci\u00f3, ni l&#8217;emmagatzematge privat ni la collita en verd han suposat millores en la renda dels productors, encara que s\u00ed per als especuladors de sempre que s&#8217;aprofiten de la situaci\u00f3 provocada per la pand\u00e8mia per a augmentar els seus beneficis. \u201cAmb un pressupost esc\u00e0s, el retard a posar les mesures en marxa i les traves posades, el paquet COVID per al vi no ha tingut els efectes desitjats i damunt la ind\u00fastria sempre busca excuses per a tensionar el preu a la baixa per aquestes dates\u201d, apunten des de l&#8217;organitzaci\u00f3, recordant que mentre Fran\u00e7a ha complementat mesures semblants amb importants recursos estatals, el Ministeri s&#8217;ha limitat a redistribuir els mateixos diners de Brussel\u00b7les amb el qual ja es comptava en el Programa de Suport al sector vitivin\u00edcola espanyol (PASVE).<\/p>\n\n\n\n<p>Els viticultors estan afrontant la verema, a m\u00e9s, pendents dels protocols de seguretat per a preservar, en all\u00f2 que estiga a la seua m\u00e0, tant la seua pr\u00f2pia salut, com la dels seus treballadors en l&#8217;escenari del coronavirus, circumst\u00e0ncia que els incrementar\u00e0 els costos. \u201cNosaltres tenim la consci\u00e8ncia tranquil\u00b7la d&#8217;haver fet els deures, tot el contrari que la Generalitat que ha eludit la seua responsabilitat i sense cap consens ha decidit carregar amb les seues mesures m\u00e9s sobrecostos econ\u00f2mics i burocr\u00e0cia a l&#8217;esquena dels llauradors\u201d, apunten des de LA UNI\u00d3.<\/p>\n","protected":false},"excerpt":{"rendered":"<div class=\"mh-excerpt\">En un context a m\u00e9s d&#8217;un descens del 20% en la producci\u00f3 total de ra\u00efm, encara que desigual depenent de zones, i menys exist\u00e8ncies de vi en els cellers La campanya de la recollida del <a class=\"mh-excerpt-more\" href=\"https:\/\/www.tucomarca.com\/wordpress\/segunda\/ca\/la-unio-de-llauradors-denuncia-que-la-campanya-de-la-verema-es-generalitza-sense-preus-per-als-productors-de-la-comunitat-valenciana\/\" title=\"La Uni\u00f3 de Llauradors denuncia que la campanya de la verema es generalitza sense preus per als productors de la Comunitat Valenciana\">[+] <\/a><\/div>\n","protected":false},"author":12,"featured_media":114374,"comment_status":"open","ping_status":"open","sticky":false,"template":"","format":"standard","meta":{"footnotes":""},"categories":[10905,11030,11031,11032,11054,10898,11055,10894,10904,11056,10908,10909,11057,10896,11058,11059,11060,11061],"tags":[10387,12227,447],"class_list":{"0":"post-114375","1":"post","2":"type-post","3":"status-publish","4":"format-standard","5":"has-post-thumbnail","7":"category-agricultura-la-comarca-ca","8":"category-campo-arcis-ca","9":"category-camporrobles-ca","10":"category-caudete-ca","11":"category-chera-ca","12":"category-ventana-ca","13":"category-fuenterrobles-ca","14":"category-la-comarca-ca","15":"category-sin-categorizar-ca","16":"category-las-cuevas-ca","17":"category-requena-ca","18":"category-requena-utiel-ca","19":"category-san-antonio-ca","20":"category-seccion-ca","21":"category-sinarcas-ca","22":"category-utiel-ca","23":"category-venta-del-moro-ca","24":"category-villargordo-del-cabriel-ca","25":"tag-requena-utiel","26":"tag-unio-de-llauradors-i-ramaders","27":"tag-vendimia"},"_links":{"self":[{"href":"https:\/\/www.tucomarca.com\/wordpress\/segunda\/ca\/wp-json\/wp\/v2\/posts\/114375","targetHints":{"allow":["GET"]}}],"collection":[{"href":"https:\/\/www.tucomarca.com\/wordpress\/segunda\/ca\/wp-json\/wp\/v2\/posts"}],"about":[{"href":"https:\/\/www.tucomarca.com\/wordpress\/segunda\/ca\/wp-json\/wp\/v2\/types\/post"}],"author":[{"embeddable":true,"href":"https:\/\/www.tucomarca.com\/wordpress\/segunda\/ca\/wp-json\/wp\/v2\/users\/12"}],"replies":[{"embeddable":true,"href":"https:\/\/www.tucomarca.com\/wordpress\/segunda\/ca\/wp-json\/wp\/v2\/comments?post=114375"}],"version-history":[{"count":0,"href":"https:\/\/www.tucomarca.com\/wordpress\/segunda\/ca\/wp-json\/wp\/v2\/posts\/114375\/revisions"}],"wp:featuredmedia":[{"embeddable":true,"href":"https:\/\/www.tucomarca.com\/wordpress\/segunda\/ca\/wp-json\/wp\/v2\/media\/114374"}],"wp:attachment":[{"href":"https:\/\/www.tucomarca.com\/wordpress\/segunda\/ca\/wp-json\/wp\/v2\/media?parent=114375"}],"wp:term":[{"taxonomy":"category","embeddable":true,"href":"https:\/\/www.tucomarca.com\/wordpress\/segunda\/ca\/wp-json\/wp\/v2\/categories?post=114375"},{"taxonomy":"post_tag","embeddable":true,"href":"https:\/\/www.tucomarca.com\/wordpress\/segunda\/ca\/wp-json\/wp\/v2\/tags?post=114375"}],"curies":[{"name":"wp","href":"https:\/\/api.w.org\/{rel}","templated":true}]}}