{"id":114388,"date":"2020-09-29T16:30:39","date_gmt":"2020-09-29T14:30:39","guid":{"rendered":"http:\/\/www.tucomarca.com\/wordpress\/segunda\/?p=114388"},"modified":"2020-09-29T19:42:45","modified_gmt":"2020-09-29T17:42:45","slug":"la-parroquia-de-la-nativitat-de-la-mare-de-deu-de-turis-ha-celebrat-la-festa-de-la-patrona-la-mare-de-deu-dels-dolors-gloriosos","status":"publish","type":"post","link":"https:\/\/www.tucomarca.com\/wordpress\/segunda\/ca\/la-parroquia-de-la-nativitat-de-la-mare-de-deu-de-turis-ha-celebrat-la-festa-de-la-patrona-la-mare-de-deu-dels-dolors-gloriosos\/","title":{"rendered":"La parr\u00f2quia de la Nativitat de la Mare de D\u00e9u de Tur\u00eds ha celebrat la festa de la patrona, la Mare de D\u00e9u dels Dolors Gloriosos"},"content":{"rendered":"\n<p><strong>La parr\u00f2quia de la Nativitat de la Mare de D\u00e9u de Tur\u00eds ha pogut celebrar amb tota solemnitat la festa can\u00f2nica de la patrona de la localitat, la Mare de D\u00e9u dels Dolors Gloriosos.<\/strong><\/p>\n\n\n\n<ul class=\"wp-block-gallery columns-1 is-cropped wp-block-gallery-1 is-layout-flex wp-block-gallery-is-layout-flex\"><li class=\"blocks-gallery-item\"><figure><img loading=\"lazy\" decoding=\"async\" width=\"787\" height=\"590\" src=\"http:\/\/www.tucomarca.com\/wordpress\/segunda\/wp-content\/uploads\/2020\/09\/TurisPatrona2.jpg\" alt=\"\" data-id=\"114382\" data-link=\"https:\/\/www.tucomarca.com\/wordpress\/segunda\/?attachment_id=114382\" class=\"wp-image-114382\" srcset=\"https:\/\/www.tucomarca.com\/wordpress\/segunda\/wp-content\/uploads\/2020\/09\/TurisPatrona2.jpg 787w, https:\/\/www.tucomarca.com\/wordpress\/segunda\/wp-content\/uploads\/2020\/09\/TurisPatrona2-300x225.jpg 300w, https:\/\/www.tucomarca.com\/wordpress\/segunda\/wp-content\/uploads\/2020\/09\/TurisPatrona2-768x576.jpg 768w, https:\/\/www.tucomarca.com\/wordpress\/segunda\/wp-content\/uploads\/2020\/09\/TurisPatrona2-678x509.jpg 678w, https:\/\/www.tucomarca.com\/wordpress\/segunda\/wp-content\/uploads\/2020\/09\/TurisPatrona2-326x245.jpg 326w, https:\/\/www.tucomarca.com\/wordpress\/segunda\/wp-content\/uploads\/2020\/09\/TurisPatrona2-80x60.jpg 80w\" sizes=\"auto, (max-width: 787px) 100vw, 787px\" \/><\/figure><\/li><\/ul>\n\n\n\n<p>Complint amb totes les normes de prevenci\u00f3, higiene i aforament els fidels han pogut reunir-se un any m\u00e9s en la tradicional novena, cada nit a partir de les 22,00 hores, en una edici\u00f3 molt especial en la que s&#8217;ha tingut present a totes les v\u00edctimes del coronavirus aix\u00ed com a familiars i amistats, al mateix temps que s&#8217;ha pregat per totes les persones que es troben en primera l\u00ednia treballant per a minimitzar els efectes d&#8217;esta pand\u00e8mia.<\/p>\n\n\n\n<p>Enguany la patrona ha tingut un nombr\u00f3s grup de clavariesas que, sense pensar-se&#8217;l dos vegades, han donat un pas avant per a presidir i fer-se c\u00e0rrec de la festa.<\/p>\n\n\n\n<p>D&#8217;altra banda, la missa ha sigut m\u00e9s especial si \u00e9s possible ja que s&#8217;ha comptat amb la pres\u00e8ncia dels xiquets i xiquetes que han pres la Primera Comuni\u00f3. Tamb\u00e9 va estar present la corporaci\u00f3 municipal amb l&#8217;alcalde, Eugenio Forta\u00f1a, al front.<\/p>\n\n\n\n<figure class=\"wp-block-image\"><img loading=\"lazy\" decoding=\"async\" width=\"787\" height=\"590\" src=\"http:\/\/www.tucomarca.com\/wordpress\/segunda\/wp-content\/uploads\/2020\/09\/TurisPatrona3.jpg\" alt=\"\" class=\"wp-image-114384\" srcset=\"https:\/\/www.tucomarca.com\/wordpress\/segunda\/wp-content\/uploads\/2020\/09\/TurisPatrona3.jpg 787w, https:\/\/www.tucomarca.com\/wordpress\/segunda\/wp-content\/uploads\/2020\/09\/TurisPatrona3-300x225.jpg 300w, https:\/\/www.tucomarca.com\/wordpress\/segunda\/wp-content\/uploads\/2020\/09\/TurisPatrona3-768x576.jpg 768w, https:\/\/www.tucomarca.com\/wordpress\/segunda\/wp-content\/uploads\/2020\/09\/TurisPatrona3-678x509.jpg 678w, https:\/\/www.tucomarca.com\/wordpress\/segunda\/wp-content\/uploads\/2020\/09\/TurisPatrona3-326x245.jpg 326w, https:\/\/www.tucomarca.com\/wordpress\/segunda\/wp-content\/uploads\/2020\/09\/TurisPatrona3-80x60.jpg 80w\" sizes=\"auto, (max-width: 787px) 100vw, 787px\" \/><\/figure>\n\n\n\n<p>Diumenge que ve se celebrar\u00e0 la festivitat de San Francisco de Borja, patr\u00f3 de Tur\u00eds, amb la participaci\u00f3 dels seus clavaris.<\/p>\n\n\n\n<p>A principis d&#8217;estiu la parr\u00f2quia es va plantejar celebrar les misses, tant de les festes populars i patronals d&#8217;agost com les de les festes can\u00f2niques dels patrons, si la normativa anticovid ho permetia.<\/p>\n\n\n\n<p>Aix\u00ed, doncs, com una mesura extraordin\u00e0ria, davant de tan extraordin\u00e0ria situaci\u00f3, la Confraria dels Sants Patrons va baixar les seues imatges en vehicle d\u00f3nes de l&#8217;ermita perqu\u00e8 ambd\u00f3s presidiren l&#8217;altar major del temple fins a la festivitat de San Francisco. Es tracta d&#8217;un fet puntual ja que tal situaci\u00f3 nom\u00e9s s&#8217;havia produ\u00eft l&#8217;any 2006, al celebrar-se el centenari del seu patronatge. Informa, <strong>Enrique Mora<\/strong><\/p>\n","protected":false},"excerpt":{"rendered":"<div class=\"mh-excerpt\">La parr\u00f2quia de la Nativitat de la Mare de D\u00e9u de Tur\u00eds ha pogut celebrar amb tota solemnitat la festa can\u00f2nica de la patrona de la localitat, la Mare de D\u00e9u dels Dolors Gloriosos. Complint <a class=\"mh-excerpt-more\" href=\"https:\/\/www.tucomarca.com\/wordpress\/segunda\/ca\/la-parroquia-de-la-nativitat-de-la-mare-de-deu-de-turis-ha-celebrat-la-festa-de-la-patrona-la-mare-de-deu-dels-dolors-gloriosos\/\" title=\"La parr\u00f2quia de la Nativitat de la Mare de D\u00e9u de Tur\u00eds ha celebrat la festa de la patrona, la Mare de D\u00e9u dels Dolors Gloriosos\">[+] <\/a><\/div>\n","protected":false},"author":12,"featured_media":114381,"comment_status":"open","ping_status":"open","sticky":false,"template":"","format":"standard","meta":{"footnotes":""},"categories":[12202,10902,11004,11008,10896,11047],"tags":[8810,10394],"class_list":{"0":"post-114388","1":"post","2":"type-post","3":"status-publish","4":"format-standard","5":"has-post-thumbnail","7":"category-covid-19-ca","8":"category-la-ribera-ca","9":"category-la-semana-en-imagenes-ca","10":"category-pueblos-en-fiestas-ca","11":"category-seccion-ca","12":"category-turis-ca","13":"tag-mare-de-deu-dels-dolors-gloriosos","14":"tag-turis"},"_links":{"self":[{"href":"https:\/\/www.tucomarca.com\/wordpress\/segunda\/ca\/wp-json\/wp\/v2\/posts\/114388","targetHints":{"allow":["GET"]}}],"collection":[{"href":"https:\/\/www.tucomarca.com\/wordpress\/segunda\/ca\/wp-json\/wp\/v2\/posts"}],"about":[{"href":"https:\/\/www.tucomarca.com\/wordpress\/segunda\/ca\/wp-json\/wp\/v2\/types\/post"}],"author":[{"embeddable":true,"href":"https:\/\/www.tucomarca.com\/wordpress\/segunda\/ca\/wp-json\/wp\/v2\/users\/12"}],"replies":[{"embeddable":true,"href":"https:\/\/www.tucomarca.com\/wordpress\/segunda\/ca\/wp-json\/wp\/v2\/comments?post=114388"}],"version-history":[{"count":0,"href":"https:\/\/www.tucomarca.com\/wordpress\/segunda\/ca\/wp-json\/wp\/v2\/posts\/114388\/revisions"}],"wp:featuredmedia":[{"embeddable":true,"href":"https:\/\/www.tucomarca.com\/wordpress\/segunda\/ca\/wp-json\/wp\/v2\/media\/114381"}],"wp:attachment":[{"href":"https:\/\/www.tucomarca.com\/wordpress\/segunda\/ca\/wp-json\/wp\/v2\/media?parent=114388"}],"wp:term":[{"taxonomy":"category","embeddable":true,"href":"https:\/\/www.tucomarca.com\/wordpress\/segunda\/ca\/wp-json\/wp\/v2\/categories?post=114388"},{"taxonomy":"post_tag","embeddable":true,"href":"https:\/\/www.tucomarca.com\/wordpress\/segunda\/ca\/wp-json\/wp\/v2\/tags?post=114388"}],"curies":[{"name":"wp","href":"https:\/\/api.w.org\/{rel}","templated":true}]}}