{"id":114400,"date":"2020-09-29T17:00:54","date_gmt":"2020-09-29T15:00:54","guid":{"rendered":"http:\/\/www.tucomarca.com\/wordpress\/segunda\/?p=114400"},"modified":"2020-09-29T19:24:57","modified_gmt":"2020-09-29T17:24:57","slug":"la-diputacio-de-valencia-collaborara-amb-el-cd-bunyol-en-la-celebracio-del-seu-centenari","status":"publish","type":"post","link":"https:\/\/www.tucomarca.com\/wordpress\/segunda\/ca\/la-diputacio-de-valencia-collaborara-amb-el-cd-bunyol-en-la-celebracio-del-seu-centenari\/","title":{"rendered":"La Diputaci\u00f3 de Val\u00e8ncia col\u00b7laborar\u00e0 amb el CD Bunyol en la celebraci\u00f3 del seu centenari"},"content":{"rendered":"\n<p>El responsable d&#8217;Esports de la Diputaci\u00f3 de Val\u00e8ncia, Andr\u00e9s Campos, s&#8217;ha reunit aquest dimarts amb el president de el Club Esportiu Bunyol, Francisco Zan\u00f3n, per tal d&#8217;abordar la col\u00b7laboraci\u00f3 de la corporaci\u00f3 provincial en els actes de commemoraci\u00f3 dels 100 anys de hist\u00f2ria que el club de futbol de la localitat compleix aquesta temporada 2020\/21. <\/p>\n\n\n\n<p>A la trobada amb el diputat tamb\u00e9 ha assistit el regidor d&#8217;Esports de l&#8217;Ajuntament de Bunyol, Manuel Serra, amb el qual s&#8217;han tractat diversos assumptes relacionats amb els aspectes esportius que afecten el municipi de la Foia de Bunyol-Xiva.<\/p>\n","protected":false},"excerpt":{"rendered":"<div class=\"mh-excerpt\">El responsable d&#8217;Esports de la Diputaci\u00f3 de Val\u00e8ncia, Andr\u00e9s Campos, s&#8217;ha reunit aquest dimarts amb el president de el Club Esportiu Bunyol, Francisco Zan\u00f3n, per tal d&#8217;abordar la col\u00b7laboraci\u00f3 de la corporaci\u00f3 provincial en els <a class=\"mh-excerpt-more\" href=\"https:\/\/www.tucomarca.com\/wordpress\/segunda\/ca\/la-diputacio-de-valencia-collaborara-amb-el-cd-bunyol-en-la-celebracio-del-seu-centenari\/\" title=\"La Diputaci\u00f3 de Val\u00e8ncia col\u00b7laborar\u00e0 amb el CD Bunyol en la celebraci\u00f3 del seu centenari\">[+] <\/a><\/div>\n","protected":false},"author":1,"featured_media":114398,"comment_status":"open","ping_status":"open","sticky":false,"template":"","format":"standard","meta":{"footnotes":""},"categories":[10911,11003,10948,10894,10912,10896],"tags":[10385,10913,537,11126,10379,11074,10661,11264,44,11075],"class_list":{"0":"post-114400","1":"post","2":"type-post","3":"status-publish","4":"format-standard","5":"has-post-thumbnail","7":"category-bunol-ca","8":"category-sports","9":"category-infraestructuras-ca","10":"category-la-comarca-ca","11":"category-la-hoya-ca","12":"category-seccion-ca","13":"tag-bunol","14":"tag-bunol-ca","15":"tag-cd-bunol","16":"tag-cd-bunol-ca","17":"tag-deportes","18":"tag-deportes-ca","19":"tag-esports","20":"tag-esports-ca","21":"tag-futbol","22":"tag-futbol-ca"},"_links":{"self":[{"href":"https:\/\/www.tucomarca.com\/wordpress\/segunda\/ca\/wp-json\/wp\/v2\/posts\/114400","targetHints":{"allow":["GET"]}}],"collection":[{"href":"https:\/\/www.tucomarca.com\/wordpress\/segunda\/ca\/wp-json\/wp\/v2\/posts"}],"about":[{"href":"https:\/\/www.tucomarca.com\/wordpress\/segunda\/ca\/wp-json\/wp\/v2\/types\/post"}],"author":[{"embeddable":true,"href":"https:\/\/www.tucomarca.com\/wordpress\/segunda\/ca\/wp-json\/wp\/v2\/users\/1"}],"replies":[{"embeddable":true,"href":"https:\/\/www.tucomarca.com\/wordpress\/segunda\/ca\/wp-json\/wp\/v2\/comments?post=114400"}],"version-history":[{"count":0,"href":"https:\/\/www.tucomarca.com\/wordpress\/segunda\/ca\/wp-json\/wp\/v2\/posts\/114400\/revisions"}],"wp:featuredmedia":[{"embeddable":true,"href":"https:\/\/www.tucomarca.com\/wordpress\/segunda\/ca\/wp-json\/wp\/v2\/media\/114398"}],"wp:attachment":[{"href":"https:\/\/www.tucomarca.com\/wordpress\/segunda\/ca\/wp-json\/wp\/v2\/media?parent=114400"}],"wp:term":[{"taxonomy":"category","embeddable":true,"href":"https:\/\/www.tucomarca.com\/wordpress\/segunda\/ca\/wp-json\/wp\/v2\/categories?post=114400"},{"taxonomy":"post_tag","embeddable":true,"href":"https:\/\/www.tucomarca.com\/wordpress\/segunda\/ca\/wp-json\/wp\/v2\/tags?post=114400"}],"curies":[{"name":"wp","href":"https:\/\/api.w.org\/{rel}","templated":true}]}}