{"id":114409,"date":"2020-09-29T16:55:34","date_gmt":"2020-09-29T14:55:34","guid":{"rendered":"http:\/\/www.tucomarca.com\/wordpress\/segunda\/?p=114409"},"modified":"2020-09-29T20:07:34","modified_gmt":"2020-09-29T18:07:34","slug":"xest-reivindica-a-la-secretaria-autonomica-deficiencia-i-tecnologia-sanitaria-una-major-atencio-telefonica-en-els-centres-de-salut-de-la-foia","status":"publish","type":"post","link":"https:\/\/www.tucomarca.com\/wordpress\/segunda\/ca\/xest-reivindica-a-la-secretaria-autonomica-deficiencia-i-tecnologia-sanitaria-una-major-atencio-telefonica-en-els-centres-de-salut-de-la-foia\/","title":{"rendered":"Xest reivindica a la secret\u00e0ria auton\u00f2mica d&#8217;Efici\u00e8ncia i Tecnologia Sanit\u00e0ria una major atenci\u00f3 telef\u00f2nica en els centres de salut de la Foia"},"content":{"rendered":"\n<p>El passat dimecres 23 de setembre, Y\u00e1tova va acollir una reuni\u00f3 en qu\u00e8 van participar representants de les alcaldies i regidories de Sanitat dels Ajuntaments de la Foia de Bunyol-Xiva i la secret\u00e0ria auton\u00f2mica d&#8217;Efici\u00e8ncia i Tecnologia Sanit\u00e0ria, Concha Andr\u00e9s, per tractar diferents aspectes sobre l&#8217;evoluci\u00f3 del coronavirus a la comarca.<\/p>\n\n\n\n<p>En representaci\u00f3 de l&#8217;Ajuntament de Xest, la regidora de Sanitat, M\u00aa \u00c1ngeles Llorente, va reivindicar al costat de la resta de consistoris de la Foia una millor atenci\u00f3 telef\u00f2nica en els centres de salut i m\u00e9s personal sanitari, amb la finalitat d&#8217;augmentar la presencialitat en els mateixos. Tamb\u00e9 es va insistir en la necessitat de comptar amb una ambul\u00e0ncia a la comarca, aix\u00ed com l&#8217;augment d&#8217;especialitats en els centres de salut de la zona. De la mateixa manera es va sol\u00b7licitar que els ajuntaments disposen de dades sobre la pand\u00e8mia des de la pr\u00f2pia Conselleria i des de Salut P\u00fablica, demanant &#8220;transpar\u00e8ncia i coordinaci\u00f3&#8221;.<\/p>\n\n\n\n<p>La secret\u00e0ria auton\u00f2mica va recordar el problema de infrafinan\u00e7ament que patix la Comunitat i va traslladar als ajuntaments que s&#8217;est\u00e0 fent un gran esfor\u00e7 per abordar la pand\u00e8mia i que s&#8217;estudiaran totes les propostes realitzades.<\/p>\n","protected":false},"excerpt":{"rendered":"<div class=\"mh-excerpt\">El passat dimecres 23 de setembre, Y\u00e1tova va acollir una reuni\u00f3 en qu\u00e8 van participar representants de les alcaldies i regidories de Sanitat dels Ajuntaments de la Foia de Bunyol-Xiva i la secret\u00e0ria auton\u00f2mica d&#8217;Efici\u00e8ncia <a class=\"mh-excerpt-more\" href=\"https:\/\/www.tucomarca.com\/wordpress\/segunda\/ca\/xest-reivindica-a-la-secretaria-autonomica-deficiencia-i-tecnologia-sanitaria-una-major-atencio-telefonica-en-els-centres-de-salut-de-la-foia\/\" title=\"Xest reivindica a la secret\u00e0ria auton\u00f2mica d&#8217;Efici\u00e8ncia i Tecnologia Sanit\u00e0ria una major atenci\u00f3 telef\u00f2nica en els centres de salut de la Foia\">[+] <\/a><\/div>\n","protected":false},"author":12,"featured_media":114405,"comment_status":"open","ping_status":"open","sticky":false,"template":"","format":"standard","meta":{"footnotes":""},"categories":[10973,10911,11010,12202,10977,10980,10948,10894,10912,10978,10947,10896,10974,10975],"tags":[11222,11939,11940,11514,12652],"class_list":{"0":"post-114409","1":"post","2":"type-post","3":"status-publish","4":"format-standard","5":"has-post-thumbnail","7":"category-alborache-ca","8":"category-bunol-ca","9":"category-canal-salud","10":"category-covid-19-ca","11":"category-godelleta-ca","12":"category-yatova-ca","13":"category-infraestructuras-ca","14":"category-la-comarca-ca","15":"category-la-hoya-ca","16":"category-macastre-ca","17":"category-politica","18":"category-seccion-ca","19":"category-cheste-ca","20":"category-chiva-ca","21":"tag-ayuntamiento-de-cheste-ca","22":"tag-coronavirus-ca","23":"tag-covid-19-ca","24":"tag-mancomunidad-de-la-hoya-de-bunol-chiva-ca","25":"tag-salud-publica-ca"},"_links":{"self":[{"href":"https:\/\/www.tucomarca.com\/wordpress\/segunda\/ca\/wp-json\/wp\/v2\/posts\/114409","targetHints":{"allow":["GET"]}}],"collection":[{"href":"https:\/\/www.tucomarca.com\/wordpress\/segunda\/ca\/wp-json\/wp\/v2\/posts"}],"about":[{"href":"https:\/\/www.tucomarca.com\/wordpress\/segunda\/ca\/wp-json\/wp\/v2\/types\/post"}],"author":[{"embeddable":true,"href":"https:\/\/www.tucomarca.com\/wordpress\/segunda\/ca\/wp-json\/wp\/v2\/users\/12"}],"replies":[{"embeddable":true,"href":"https:\/\/www.tucomarca.com\/wordpress\/segunda\/ca\/wp-json\/wp\/v2\/comments?post=114409"}],"version-history":[{"count":0,"href":"https:\/\/www.tucomarca.com\/wordpress\/segunda\/ca\/wp-json\/wp\/v2\/posts\/114409\/revisions"}],"wp:featuredmedia":[{"embeddable":true,"href":"https:\/\/www.tucomarca.com\/wordpress\/segunda\/ca\/wp-json\/wp\/v2\/media\/114405"}],"wp:attachment":[{"href":"https:\/\/www.tucomarca.com\/wordpress\/segunda\/ca\/wp-json\/wp\/v2\/media?parent=114409"}],"wp:term":[{"taxonomy":"category","embeddable":true,"href":"https:\/\/www.tucomarca.com\/wordpress\/segunda\/ca\/wp-json\/wp\/v2\/categories?post=114409"},{"taxonomy":"post_tag","embeddable":true,"href":"https:\/\/www.tucomarca.com\/wordpress\/segunda\/ca\/wp-json\/wp\/v2\/tags?post=114409"}],"curies":[{"name":"wp","href":"https:\/\/api.w.org\/{rel}","templated":true}]}}