{"id":114417,"date":"2020-09-30T09:05:30","date_gmt":"2020-09-30T07:05:30","guid":{"rendered":"http:\/\/www.tucomarca.com\/wordpress\/segunda\/?p=114417"},"modified":"2020-09-30T09:35:03","modified_gmt":"2020-09-30T07:35:03","slug":"turis-estudia-la-celebracio-del-nacional-de-colombicultura-per-a-maig-de-2021","status":"publish","type":"post","link":"https:\/\/www.tucomarca.com\/wordpress\/segunda\/ca\/turis-estudia-la-celebracio-del-nacional-de-colombicultura-per-a-maig-de-2021\/","title":{"rendered":"Tur\u00eds estudia la celebraci\u00f3 del nacional de colombicultura per a maig de 2021"},"content":{"rendered":"\n<p>El sal\u00f3 de plens de l\u2019Ajuntament de&nbsp;Tur\u00eds&nbsp;ha acollit una reuni\u00f3 per a valorar la possible celebraci\u00f3 del Campionat Nacional de Columbicultura el maig de 2021. Han assistit l&#8217;alcalde,&nbsp;Eugenio&nbsp;Forta\u00f1a, el president del Club de Columbicultura del poble, Jos\u00e9&nbsp;Galindo, el president i el gerent de la Federaci\u00f3 Espanyola de Columbicultura,&nbsp;Javier&nbsp;Prades i Jos\u00e9&nbsp;Lu\u00eds&nbsp;Morat\u00f3&nbsp;respectivament i el president i el vicepresident de la Federaci\u00f3 Valenciana de Columbicultura,&nbsp;Ricardo&nbsp;Garc\u00eda&nbsp;i&nbsp;Joaqu\u00edn&nbsp;Astruells, respectivament.<\/p>\n\n\n\n<p>Enguany estava previst que&nbsp;esta&nbsp;localitat de La Ribera Alta fora la seu d\u2019este&nbsp;esdeveniment que finalment no s&#8217;ha pogut dur a terme a causa de la pand\u00e8mia.<\/p>\n\n\n\n<p>\u201cEsperem que les circumst\u00e0ncies evolucionen favorablement per tal que l&#8217;any que ve l&#8217;afici\u00f3&nbsp;turisana&nbsp;gaudisca d&#8217;unes bones jornades d&#8217;esta&nbsp;modalitat tan arrelada a la nostra localitat. Ser\u00e0 una bona oportunitat perqu\u00e8 gent de tot arreu ens visite i ens conega millor\u201d,&nbsp;assegura&nbsp;Eugenio&nbsp;Forta\u00f1a.<\/p>\n","protected":false},"excerpt":{"rendered":"<div class=\"mh-excerpt\">El sal\u00f3 de plens de l\u2019Ajuntament de&nbsp;Tur\u00eds&nbsp;ha acollit una reuni\u00f3 per a valorar la possible celebraci\u00f3 del Campionat Nacional de Columbicultura el maig de 2021. Han assistit l&#8217;alcalde,&nbsp;Eugenio&nbsp;Forta\u00f1a, el president del Club de Columbicultura del <a class=\"mh-excerpt-more\" href=\"https:\/\/www.tucomarca.com\/wordpress\/segunda\/ca\/turis-estudia-la-celebracio-del-nacional-de-colombicultura-per-a-maig-de-2021\/\" title=\"Tur\u00eds estudia la celebraci\u00f3 del nacional de colombicultura per a maig de 2021\">[+] <\/a><\/div>\n","protected":false},"author":12,"featured_media":114415,"comment_status":"open","ping_status":"open","sticky":false,"template":"","format":"standard","meta":{"footnotes":""},"categories":[12202,10948,10894,10902,10896,11047],"tags":[10602,12052],"class_list":{"0":"post-114417","1":"post","2":"type-post","3":"status-publish","4":"format-standard","5":"has-post-thumbnail","7":"category-covid-19-ca","8":"category-infraestructuras-ca","9":"category-la-comarca-ca","10":"category-la-ribera-ca","11":"category-seccion-ca","12":"category-turis-ca","13":"tag-ajuntament-de-turis","14":"tag-federacion-espanola-de-colombicultura"},"_links":{"self":[{"href":"https:\/\/www.tucomarca.com\/wordpress\/segunda\/ca\/wp-json\/wp\/v2\/posts\/114417","targetHints":{"allow":["GET"]}}],"collection":[{"href":"https:\/\/www.tucomarca.com\/wordpress\/segunda\/ca\/wp-json\/wp\/v2\/posts"}],"about":[{"href":"https:\/\/www.tucomarca.com\/wordpress\/segunda\/ca\/wp-json\/wp\/v2\/types\/post"}],"author":[{"embeddable":true,"href":"https:\/\/www.tucomarca.com\/wordpress\/segunda\/ca\/wp-json\/wp\/v2\/users\/12"}],"replies":[{"embeddable":true,"href":"https:\/\/www.tucomarca.com\/wordpress\/segunda\/ca\/wp-json\/wp\/v2\/comments?post=114417"}],"version-history":[{"count":0,"href":"https:\/\/www.tucomarca.com\/wordpress\/segunda\/ca\/wp-json\/wp\/v2\/posts\/114417\/revisions"}],"wp:featuredmedia":[{"embeddable":true,"href":"https:\/\/www.tucomarca.com\/wordpress\/segunda\/ca\/wp-json\/wp\/v2\/media\/114415"}],"wp:attachment":[{"href":"https:\/\/www.tucomarca.com\/wordpress\/segunda\/ca\/wp-json\/wp\/v2\/media?parent=114417"}],"wp:term":[{"taxonomy":"category","embeddable":true,"href":"https:\/\/www.tucomarca.com\/wordpress\/segunda\/ca\/wp-json\/wp\/v2\/categories?post=114417"},{"taxonomy":"post_tag","embeddable":true,"href":"https:\/\/www.tucomarca.com\/wordpress\/segunda\/ca\/wp-json\/wp\/v2\/tags?post=114417"}],"curies":[{"name":"wp","href":"https:\/\/api.w.org\/{rel}","templated":true}]}}