{"id":114426,"date":"2020-09-29T18:10:58","date_gmt":"2020-09-29T16:10:58","guid":{"rendered":"http:\/\/www.tucomarca.com\/wordpress\/segunda\/?p=114426"},"modified":"2020-09-29T20:15:59","modified_gmt":"2020-09-29T18:15:59","slug":"alzira-i-alfarp-aporten-6-i-4-casos-als-nous-brots-a-la-comunitat-dels-quals-el-86-dels-declarats-ja-estan-tancats","status":"publish","type":"post","link":"https:\/\/www.tucomarca.com\/wordpress\/segunda\/ca\/alzira-i-alfarp-aporten-6-i-4-casos-als-nous-brots-a-la-comunitat-dels-quals-el-86-dels-declarats-ja-estan-tancats\/","title":{"rendered":"Alzira i Alfarp aporten 6 i 4 casos als nous brots a la Comunitat dels quals el 86% dels declarats ja estan tancats"},"content":{"rendered":"\n<p>El 86% dels brots declarats a la Comunitat Valenciana des que va finalitzar l&#8217;Estat d&#8217;Alarma ja no est\u00e0 actiu, segons ha comunicat el departament de Salut P\u00fablica.<\/p>\n\n\n\n<p>Des de l&#8217;\u00faltima actualitzaci\u00f3, la Conselleria de Sanitat Universal i Salut P\u00fablica ha registrat 903 nous contagis de coronavirus confirmats per prova PCR a la Comunitat Valenciana, que situen la xifra total de positius en 40.125 persones.<\/p>\n\n\n\n<p>Per prov\u00edncies, la distribuci\u00f3 \u00e9s la seg\u00fcent: 157 a Castell\u00f3 (4.434 en total); 293 a Alacant (13.446 en total), i 453 a la prov\u00edncia de Val\u00e8ncia (22.239 en total). A m\u00e9s, continua havent 6 casos sense assignar.<\/p>\n\n\n\n<p>D&#8217;altra banda, s&#8217;han donat 761 altes a pacients amb coronavirus, de manera que el total de persones curades des de l&#8217;inici de la pand\u00e8mia se situa en 41.734: 4.795 a Castell\u00f3, 13.511 a Alacant i 23.395 a Val\u00e8ncia. A m\u00e9s, hi ha 33 altes no assignades.<\/p>\n\n\n\n<p>D&#8217;aquesta manera, a hores d&#8217;ara hi ha actius 6.114 casos, fet que suposa un 12,36% de l&#8217;total de positius.<\/p>\n\n\n\n<p>Els hospitals valencians tenen, actualment, 415 persones ingressades: 62 a la prov\u00edncia de Castell\u00f3, amb 10 pacients en UCI; 126 a la prov\u00edncia d&#8217;Alacant, 33 d&#8217;ells a l&#8217;UCI; i 227 a la prov\u00edncia de Val\u00e8ncia, 31 d&#8217;ells en UCI.<\/p>\n\n\n\n<p>D&#8217;altra banda, s&#8217;han registrat 7 morts per coronavirus des de l&#8217;\u00faltima actualitzaci\u00f3, de manera que el total de defuncions \u00e9s de 1.637 persones: 242 a la prov\u00edncia de Castell\u00f3, 567 a la d&#8217;Alacant i 828 a la de Val\u00e8ncia.<\/p>\n\n\n\n<p>El nombre total de proves dutes a terme per a la detecci\u00f3 de l&#8217;coronavirus ascendeix a 1.097.119, de les quals 946.672 han estat a trav\u00e9s de PCR i 150.447 mitjan\u00e7ant test r\u00e0pid.<\/p>\n\n\n\n<p>Actualitzaci\u00f3 de la situaci\u00f3 en resid\u00e8ncies<\/p>\n\n\n\n<p>A dia d&#8217;avui, hi ha algun cas positiu en 39 resid\u00e8ncies de majors (1 a la prov\u00edncia de Castell\u00f3, 11 a la prov\u00edncia d&#8217;Alacant i 27 a la prov\u00edncia de Val\u00e8ncia), 4 centres de persones amb diversitat funcional (0 a la prov\u00edncia de Castell\u00f3, 1 a la d&#8217;Alacant i 3 a la de Val\u00e8ncia) i 3 centres de menors (0 a la prov\u00edncia de Castell\u00f3, 1 a la prov\u00edncia d&#8217;Alacant i 2 a la prov\u00edncia de Val\u00e8ncia).<\/p>\n\n\n\n<ul class=\"wp-block-list\"><li>Residents nous positius: 6<\/li><li>Treballadors nous positius: 3<\/li><li>Residents morts: 1<\/li><\/ul>\n\n\n\n<p>Actualment, es troben sota vigil\u00e0ncia activa de control sanitari juliol resid\u00e8ncies a la Comunitat Valenciana: 0 a la prov\u00edncia de Castell\u00f3, 2 a la prov\u00edncia d&#8217;Alacant i 5 a la prov\u00edncia de Val\u00e8ncia.<\/p>\n\n\n\n<p>Actualitzaci\u00f3 brots de coronavirus<\/p>\n\n\n\n<p>Nous brots:<\/p>\n\n\n\n<p>\u00b7 Alicante \/ Alacant: 3 casos. Origen centre educatiu<\/p>\n\n\n\n<p>\u00b7 Almassora: 5 casos. Origen Social.<\/p>\n\n\n\n<p>\u00b7 Sedav\u00ed: 5 casos. Origen Social.<\/p>\n\n\n\n<p>\u00b7 Alzira: 6 casos. Origen Social.<\/p>\n\n\n\n<p>\u00b7 Alfarp: 4 casos. origen Social<\/p>\n\n\n\n<p>\u00b7 Pilar de la Horadada: 3 casos. origen social<\/p>\n\n\n\n<p>\u00b7 Benic\u00e0ssim: 5 casos. origen social<\/p>\n\n\n\n<p>\u00b7 Castell\u00f3 de la Plana: 3 casos. origen laboral<\/p>\n\n\n\n<p>\u00b7 Benic\u00e0ssim: 5 casos. origen social<\/p>\n\n\n\n<p>\u00b7 Val\u00e8ncia: 8 casos. origen social<\/p>\n\n\n\n<p>\u00b7 Val\u00e8ncia: 7 casos. origen social<\/p>\n\n\n\n<p>\u00b7 Almassora: 5 casos. origen social<\/p>\n\n\n\n<p>\u00b7 Benet\u00fasser: 4 casos. origen social<\/p>\n\n\n\n<p>\u00b7 Alfafar: 5 casos. Origen social.<\/p>\n\n\n\n<p>\u00b7 Castell\u00f3 de la Plana: 4 casos. origen social<\/p>\n\n\n\n<p>\u00b7 Cullera: 4 casos. origen social<\/p>\n\n\n\n<p>\u00b7 D\u00e8nia: 4 casos. origen laboral<\/p>\n\n\n\n<p>\u00b7 Mislata: 7 casos. origen social<\/p>\n\n\n\n<p>\u00b7 Val\u00e8ncia: 5 casos. origen social<\/p>\n\n\n\n<p>\u00b7 Aspe: 4 casos. origen social<\/p>\n\n\n\n<p>\u00b7 Castell\u00f3 de la Plana: 7 casos. origen social<\/p>\n\n\n\n<p>\u00b7 Val\u00e8ncia: 3 casos. origen social<\/p>\n\n\n\n<p>\u00b7 Manises: 7 casos. origen social<\/p>\n\n\n\n<p>\u00b7 Elx: 7 casos. origen social<\/p>\n\n\n\n<p>\u00b7 Vinar\u00f2s: 6 casos. origen laboral<\/p>\n\n\n\n<p>\u00b7 Canals: 4 casos. origen social<\/p>\n\n\n\n<p>\u00b7 Val\u00e8ncia: 7 casos. origen laboral<\/p>\n\n\n\n<p>\u00b7 Ontinyent: 4 casos. origen social<\/p>\n\n\n\n<p>\u00b7 Foios: 3 casos. origen laboral<\/p>\n\n\n\n<p>\u00b7 Val\u00e8ncia: 4 casos. origen social<\/p>\n\n\n\n<p>\u00b7 Castell\u00f3 de la Plana: 3 casos. origen laboral<\/p>\n\n\n\n<p>\u00b7 Castell\u00f3 de la Plana: 3 casos. origen social<\/p>\n\n\n\n<p>\u00b7 Petrer: 12 casos. origen laboral<\/p>\n\n\n\n<p>\u00b7 Val\u00e8ncia: 3 casos. origen social<\/p>\n","protected":false},"excerpt":{"rendered":"<div class=\"mh-excerpt\">El 86% dels brots declarats a la Comunitat Valenciana des que va finalitzar l&#8217;Estat d&#8217;Alarma ja no est\u00e0 actiu, segons ha comunicat el departament de Salut P\u00fablica. Des de l&#8217;\u00faltima actualitzaci\u00f3, la Conselleria de Sanitat <a class=\"mh-excerpt-more\" href=\"https:\/\/www.tucomarca.com\/wordpress\/segunda\/ca\/alzira-i-alfarp-aporten-6-i-4-casos-als-nous-brots-a-la-comunitat-dels-quals-el-86-dels-declarats-ja-estan-tancats\/\" title=\"Alzira i Alfarp aporten 6 i 4 casos als nous brots a la Comunitat dels quals el 86% dels declarats ja estan tancats\">[+] <\/a><\/div>\n","protected":false},"author":1,"featured_media":108689,"comment_status":"open","ping_status":"open","sticky":false,"template":"","format":"standard","meta":{"footnotes":""},"categories":[10982,10889,10898,10904,10902],"tags":[12653,11192,11939,11940,11077],"class_list":{"0":"post-114426","1":"post","2":"type-post","3":"status-publish","4":"format-standard","5":"has-post-thumbnail","7":"category-alfarp-ca","8":"category-alzira-cat","9":"category-ventana-ca","10":"category-sin-categorizar-ca","11":"category-la-ribera-ca","12":"tag-alfarp-ca","13":"tag-alzira-ca","14":"tag-coronavirus-ca","15":"tag-covid-19-ca","16":"tag-la-ribera-alta-ca"},"_links":{"self":[{"href":"https:\/\/www.tucomarca.com\/wordpress\/segunda\/ca\/wp-json\/wp\/v2\/posts\/114426","targetHints":{"allow":["GET"]}}],"collection":[{"href":"https:\/\/www.tucomarca.com\/wordpress\/segunda\/ca\/wp-json\/wp\/v2\/posts"}],"about":[{"href":"https:\/\/www.tucomarca.com\/wordpress\/segunda\/ca\/wp-json\/wp\/v2\/types\/post"}],"author":[{"embeddable":true,"href":"https:\/\/www.tucomarca.com\/wordpress\/segunda\/ca\/wp-json\/wp\/v2\/users\/1"}],"replies":[{"embeddable":true,"href":"https:\/\/www.tucomarca.com\/wordpress\/segunda\/ca\/wp-json\/wp\/v2\/comments?post=114426"}],"version-history":[{"count":0,"href":"https:\/\/www.tucomarca.com\/wordpress\/segunda\/ca\/wp-json\/wp\/v2\/posts\/114426\/revisions"}],"wp:featuredmedia":[{"embeddable":true,"href":"https:\/\/www.tucomarca.com\/wordpress\/segunda\/ca\/wp-json\/wp\/v2\/media\/108689"}],"wp:attachment":[{"href":"https:\/\/www.tucomarca.com\/wordpress\/segunda\/ca\/wp-json\/wp\/v2\/media?parent=114426"}],"wp:term":[{"taxonomy":"category","embeddable":true,"href":"https:\/\/www.tucomarca.com\/wordpress\/segunda\/ca\/wp-json\/wp\/v2\/categories?post=114426"},{"taxonomy":"post_tag","embeddable":true,"href":"https:\/\/www.tucomarca.com\/wordpress\/segunda\/ca\/wp-json\/wp\/v2\/tags?post=114426"}],"curies":[{"name":"wp","href":"https:\/\/api.w.org\/{rel}","templated":true}]}}